{"id":11762,"date":"2025-01-08T16:10:22","date_gmt":"2025-01-08T15:10:22","guid":{"rendered":"https:\/\/serbenidorm.daliisolutions.com\/index.php\/2025\/01\/08\/miguel-angel-ortega-el-gran-arquitecto-de-la-copa-del-mundo-de-benidorm\/"},"modified":"2025-01-08T16:10:22","modified_gmt":"2025-01-08T15:10:22","slug":"miguel-angel-ortega-el-gran-arquitecto-de-la-copa-del-mundo-de-benidorm","status":"publish","type":"post","link":"https:\/\/serbenidorm.daliisolutions.com\/index.php\/2025\/01\/08\/miguel-angel-ortega-el-gran-arquitecto-de-la-copa-del-mundo-de-benidorm\/","title":{"rendered":"Miguel \u00c1ngel Ortega, el gran arquitecto de la Copa del Mundo de Benidorm"},"content":{"rendered":"  <p><div data-adtype=\"MLDB\"><\/div><\/p>   <p>Benidorm<\/p>   <p>Lleva desde el pasado mes de septiembre trabajando de manera diaria en los parques de El Moralet y Foietes. Antes de su llegada, esas dos \u00e1reas de la ciudad de Benidorm no se diferencias en nada de cualquier otra zona verde o parque urbano de cualquier otra ciudad de Espa\u00f1a.<\/p>   <p>Por los senderos de El Moralet, mientras \u00e9l y su equipo avanzan en sus tareas, caminan los senderistas, pasean los propietarios de mascotas y ruedan los \u2018globeros\u2019. En Foietes, los ni\u00f1os juegan en las zonas de ocio infantil, los j\u00f3venes se dan arrumacos en los bancos y algunos aprovechan las zonas de c\u00e9sped para tumbarse a descansar y escuchar m\u00fasica.<\/p>   <p>Todos ellos son testigos de esa lenta transformaci\u00f3n que, iniciada en septiembre y acelerada desde hace algo m\u00e1s de tres semanas, sufre cada a\u00f1o la zona hasta convertirse, el pr\u00f3ximo fin de semana, en uno de los mejores circuitos de ciclocross del mundo. Un trazado que, as\u00ed lo desvel\u00f3 la propia organizaci\u00f3n de la carrera que este a\u00f1o cumple su tercera edici\u00f3n, ha enamorado a la Uni\u00f3n Ciclista Internacional (UCI) hasta el punto de haberla se\u00f1alado como un lugar ideal para albergar en el futuro cercano un Campeonato del Mundo.<\/p>   <p>\u00c9l es Miguel \u00c1ngel Ortega. Es el dise\u00f1ador y arquitecto de un trazado caracterizado por su alta velocidad y que este a\u00f1o, ha explicado en la entrevista concedida a SER Deportivos Marina Baixa, vuelve a introducir cambios respecto a las ediciones previas.<\/p>   <p>Un circuito, reconoce, que se dibuj\u00f3 pensando en las opciones del gran \u00eddolo local, Felipe Orts, que atraviesa la que, sin duda, es la gran temporada de su carrera deportiva y que, esta vez s\u00ed, aparece como uno de los claros aspirantes a hacerse con un hueco en un podio cuyo escal\u00f3n m\u00e1s alto pisaron en el pasado los dos m\u00e1s grandes del momento: Mathieu Van der Poel y Wout van Aert.<\/p>   <p>     .c-w{         max-width:444px;         width:100%;         margin:32px auto;      background:#00755E;         border-radius:4px;         display:flex;         align-items:center;         justify-content:center;     }     .c-w a{         display:flex;         align-items:center;         justify-content:center;         padding:4px 24px;     }     .c-w img{         width:24px;         margin-right:12px;     }     .c-w p{         font:18px\/25px Poppins;         text-align:center;         color:#fff;         margin:0;     }     @media (max-width:444px){         .c-w a{             padding:4px 12px;         }         .c-w img{             width:24px;             margin-right:8px;         }         .c-w p{             font:14px\/25px Poppins;         }     }     @media (max-width:335px){         .c-w p{             font:13px\/25px Poppins;         }     }  <div class=\"c-w\">     <a href=\"https:\/\/www.whatsapp.com\/channel\/0029Va633PF9WtC4l7XUzh1e\" rel=\"nofollow\" target=\"_blank\">         <img decoding=\"async\" src=\"https:\/\/cadenaser.com\/estaticos\/recursosgraficos\/responsive\/img\/ico-whatsapp.svg\" alt=\"Whatsapp\">         <p>\u00danete al <b>canal de WhatsApp<\/b> de la SER<\/p>     <\/a> <\/div><\/p> ","protected":false},"excerpt":{"rendered":"<p>Apasionado del ciclocross, el setabense es el responsable del dise\u00f1o del circuito de El Moralet y Foietes<\/p>\n","protected":false},"author":0,"featured_media":11763,"comment_status":"open","ping_status":"open","sticky":false,"template":"","format":"standard","meta":{"_acf_changed":false,"footnotes":""},"categories":[16],"tags":[],"class_list":["post-11762","post","type-post","status-publish","format-standard","has-post-thumbnail","hentry","category-deportes"],"acf":{"ser_id":"HTVOJMUBDVFIXGMBGROTAAXR7U","ser_url":"https:\/\/cadenaser.com\/comunitat-valenciana\/2025\/01\/08\/miguel-angel-ortega-el-gran-arquitecto-de-la-copa-del-mundo-de-benidorm-radio-benidorm\/"},"_links":{"self":[{"href":"https:\/\/serbenidorm.daliisolutions.com\/index.php\/wp-json\/wp\/v2\/posts\/11762","targetHints":{"allow":["GET"]}}],"collection":[{"href":"https:\/\/serbenidorm.daliisolutions.com\/index.php\/wp-json\/wp\/v2\/posts"}],"about":[{"href":"https:\/\/serbenidorm.daliisolutions.com\/index.php\/wp-json\/wp\/v2\/types\/post"}],"replies":[{"embeddable":true,"href":"https:\/\/serbenidorm.daliisolutions.com\/index.php\/wp-json\/wp\/v2\/comments?post=11762"}],"version-history":[{"count":0,"href":"https:\/\/serbenidorm.daliisolutions.com\/index.php\/wp-json\/wp\/v2\/posts\/11762\/revisions"}],"wp:featuredmedia":[{"embeddable":true,"href":"https:\/\/serbenidorm.daliisolutions.com\/index.php\/wp-json\/wp\/v2\/media\/11763"}],"wp:attachment":[{"href":"https:\/\/serbenidorm.daliisolutions.com\/index.php\/wp-json\/wp\/v2\/media?parent=11762"}],"wp:term":[{"taxonomy":"category","embeddable":true,"href":"https:\/\/serbenidorm.daliisolutions.com\/index.php\/wp-json\/wp\/v2\/categories?post=11762"},{"taxonomy":"post_tag","embeddable":true,"href":"https:\/\/serbenidorm.daliisolutions.com\/index.php\/wp-json\/wp\/v2\/tags?post=11762"}],"curies":[{"name":"wp","href":"https:\/\/api.w.org\/{rel}","templated":true}]}}