{"id":11773,"date":"2025-01-08T19:00:22","date_gmt":"2025-01-08T18:00:22","guid":{"rendered":"https:\/\/serbenidorm.daliisolutions.com\/index.php\/2025\/01\/08\/la-estacion-de-autobuses-de-benidorm-busca-negocios-para-sobrevivir\/"},"modified":"2025-01-08T19:00:22","modified_gmt":"2025-01-08T18:00:22","slug":"la-estacion-de-autobuses-de-benidorm-busca-negocios-para-sobrevivir","status":"publish","type":"post","link":"https:\/\/serbenidorm.daliisolutions.com\/index.php\/2025\/01\/08\/la-estacion-de-autobuses-de-benidorm-busca-negocios-para-sobrevivir\/","title":{"rendered":"La estaci\u00f3n de autobuses de Benidorm busca negocios para sobrevivir"},"content":{"rendered":"  <p><div data-adtype=\"MLDB\"><\/div><\/p>   <p>Benidorm<\/p>   <p>Sin aeropuerto ni estaci\u00f3n de tren m\u00e1s all\u00e1 de los apeaderos del Tram, la estaci\u00f3n de autobuses es la principal puerta de entrada para miles de personas que visitan al a\u00f1o la capital tur\u00edstica de la Comunitat Valenciana. <a href=\"https:\/\/cadenaser.com\/tag\/benidorm\/a\/\" target=\"_blank\">Visitantes que en muchos casos que sorprenden al contemplar el estado abandonado y ruinoso del edificio que se levanta por encima de las d\u00e1rsenas y que fue dise\u00f1ado en su momento como centro comercial<\/a>. <\/p>   <p>Una situaci\u00f3n que ha vuelto a denunciar la oposici\u00f3n del PSOE \u00aba\u00f1o y medio despu\u00e9s de su adjudicaci\u00f3n definitiva\u00bb a una empresa de Enrique Ortiz. La portavoz socialista, Cristina Escoda, ha acusado al alcalde de consentir que no haya habido mejoras sustanciales en las instalaciones: \u00abDesde hace 17 meses Ortiz est\u00e1 chuleando a Benidorm con el permiso del gobierno de Toni P\u00e9rez manteniendo la estaci\u00f3n en un estado tercermundista\u00bb.<\/p>  <p><p>M\u00e1s informaci\u00f3n<\/p><figure><img loading=\"lazy\" decoding=\"async\" src=\"https:\/\/cadenaser.com\/resizer\/v2\/EJCQHHILNVGXDI3YBFEB56X4FM.jpg?auth=c7a3aa037713ac9ed673e79dd54406849db0f5a50ade0ef98289972d5b89d08a&amp;quality=70&amp;width=360&amp;height=202&amp;smart=true\" width=\"820\" height=\"621\" \/><\/figure><ul><li><a href=\"https:\/\/cadenaser.com\/comunitat-valenciana\/2023\/02\/24\/ninguna-empresa-quiere-la-estacion-de-autobuses-de-benidorm-y-la-seguira-gestionando-enrique-ortiz-radio-benidorm\/\"><span>Ninguna empresa quiere la estaci\u00f3n y seguir\u00e1 gestionada por Ortiz<\/span><\/a><\/li><\/ul><\/p>   <p>Escoda ha enumerado tambi\u00e9n durante su declaraci\u00f3n algunos de los desperfectos m\u00e1s notables: \u00abPantallas informativas que no funcionan, accesos cerrados, salidas de emergencia bloqueadas, locales abandonados, ascensores rotos y mucha suciedad acumulada\u00bb.<\/p>   <p>La l\u00edder socialista ha lamentado adem\u00e1s que no se haya concretado el proyecto para devolver la vida la estaci\u00f3n y a este respecto la portavoz del gobierno local de Benidorm y concejala de Urbanismo, Lourdes Caselles, ha asegurado que ese plan est\u00e1 \u00abmuy avanzado\u00bb. <\/p>   <p>La restauraci\u00f3n y el ocio, al rescate<\/p>   <p>Caselles ha se\u00f1alado que \u00abel contacto con la empresa adjudicataria, el Grupo C\u00edvica, ha sido constante durante estos meses para conocer en todo momento el estado del proyecto anunciado por la propia empresa el pasado mes de julio en su p\u00e1gina web, donde se adelantaba que la recomercializaci\u00f3n del \u00e1rea comercial de la estaci\u00f3n se iba a centrar en oferta de restauraci\u00f3n y ocio\u00bb.<\/p>   <p>     .c-w{         max-width:444px;         width:100%;         margin:32px auto;      background:#00755E;         border-radius:4px;         display:flex;         align-items:center;         justify-content:center;     }     .c-w a{         display:flex;         align-items:center;         justify-content:center;         padding:4px 24px;     }     .c-w img{         width:24px;         margin-right:12px;     }     .c-w p{         font:18px\/25px Poppins;         text-align:center;         color:#fff;         margin:0;     }     @media (max-width:444px){         .c-w a{             padding:4px 12px;         }         .c-w img{             width:24px;             margin-right:8px;         }         .c-w p{             font:14px\/25px Poppins;         }     }     @media (max-width:335px){         .c-w p{             font:13px\/25px Poppins;         }     }  <div class=\"c-w\">     <a href=\"https:\/\/www.whatsapp.com\/channel\/0029Va633PF9WtC4l7XUzh1e\" rel=\"nofollow\" target=\"_blank\">         <img decoding=\"async\" src=\"https:\/\/cadenaser.com\/estaticos\/recursosgraficos\/responsive\/img\/ico-whatsapp.svg\" alt=\"Whatsapp\">         <p>\u00danete al <b>canal de WhatsApp<\/b> de la SER<\/p>     <\/a> <\/div><\/p>   <p>La edil popular ha reconocido que \u00abnos hubiera gustado que el complejo estuviera ya en el estado que todos deseamos, pero somos conscientes de que la propuesta de la empresa adjudicataria no consiste en un lavado de cara de las instalaciones, sino que es un proyecto ambicioso con el que se pretende variar el concepto e imagen de toda el \u00e1rea comercial, lo cual requiere de una planificaci\u00f3n, inversi\u00f3n y ejecuci\u00f3n de mayor envergadura\u00bb.<\/p> ","protected":false},"excerpt":{"rendered":"<p>La oposici\u00f3n vuelve a criticar su estado y el gobierno local habla de un proyecto de recomercializaci\u00f3n \u00abmuy avanzado\u00bb sin concretar fechas<\/p>\n","protected":false},"author":0,"featured_media":11774,"comment_status":"open","ping_status":"open","sticky":false,"template":"","format":"standard","meta":{"_acf_changed":false,"footnotes":""},"categories":[1],"tags":[],"class_list":["post-11773","post","type-post","status-publish","format-standard","has-post-thumbnail","hentry","category-sin-categoria"],"acf":{"ser_id":"TW6FWTH3OND3BGPGE5T22J7BDQ","ser_url":"https:\/\/cadenaser.com\/comunitat-valenciana\/2025\/01\/08\/la-estacion-de-autobuses-de-benidorm-busca-negocios-para-sobrevivir-radio-benidorm\/"},"_links":{"self":[{"href":"https:\/\/serbenidorm.daliisolutions.com\/index.php\/wp-json\/wp\/v2\/posts\/11773","targetHints":{"allow":["GET"]}}],"collection":[{"href":"https:\/\/serbenidorm.daliisolutions.com\/index.php\/wp-json\/wp\/v2\/posts"}],"about":[{"href":"https:\/\/serbenidorm.daliisolutions.com\/index.php\/wp-json\/wp\/v2\/types\/post"}],"replies":[{"embeddable":true,"href":"https:\/\/serbenidorm.daliisolutions.com\/index.php\/wp-json\/wp\/v2\/comments?post=11773"}],"version-history":[{"count":0,"href":"https:\/\/serbenidorm.daliisolutions.com\/index.php\/wp-json\/wp\/v2\/posts\/11773\/revisions"}],"wp:featuredmedia":[{"embeddable":true,"href":"https:\/\/serbenidorm.daliisolutions.com\/index.php\/wp-json\/wp\/v2\/media\/11774"}],"wp:attachment":[{"href":"https:\/\/serbenidorm.daliisolutions.com\/index.php\/wp-json\/wp\/v2\/media?parent=11773"}],"wp:term":[{"taxonomy":"category","embeddable":true,"href":"https:\/\/serbenidorm.daliisolutions.com\/index.php\/wp-json\/wp\/v2\/categories?post=11773"},{"taxonomy":"post_tag","embeddable":true,"href":"https:\/\/serbenidorm.daliisolutions.com\/index.php\/wp-json\/wp\/v2\/tags?post=11773"}],"curies":[{"name":"wp","href":"https:\/\/api.w.org\/{rel}","templated":true}]}}