{"id":11787,"date":"2025-01-09T14:02:50","date_gmt":"2025-01-09T13:02:50","guid":{"rendered":"https:\/\/serbenidorm.daliisolutions.com\/index.php\/2025\/01\/09\/el-xi-festival-de-cotos-de-la-nucia-llega-al-auditori-el-jueves-16-y-viernes-17-de-enero\/"},"modified":"2025-01-09T14:02:50","modified_gmt":"2025-01-09T13:02:50","slug":"el-xi-festival-de-cotos-de-la-nucia-llega-al-auditori-el-jueves-16-y-viernes-17-de-enero","status":"publish","type":"post","link":"https:\/\/serbenidorm.daliisolutions.com\/index.php\/2025\/01\/09\/el-xi-festival-de-cotos-de-la-nucia-llega-al-auditori-el-jueves-16-y-viernes-17-de-enero\/","title":{"rendered":"El XI Festival de Cotos de La Nuc\u00eda llega al Auditori el jueves 16 y viernes 17 de enero"},"content":{"rendered":"  <p><div data-adtype=\"MLDB\"><\/div><\/p>   <p>La Nuc\u00eda<\/p>   <p>El XI Festival de Cortos de La Nuc\u00eda abrir\u00e1 sus puertas los pr\u00f3ximos jueves 16 y viernes 17 de enero con dos sesiones de proyecciones en l\u2019Auditori de La Nuc\u00eda que comenzar\u00e1n a las 20:30 horas. Ambas sesiones, tal y como ha explicado en <a href=\"https:\/\/radiobenidorm.es\/\" rel=\"nofollow\" target=\"_blank\">Hoy por Hoy Benidorm <\/a>el edil de Cultura Pedro Lloret, tendr\u00e1n entrada libre y gratuita para todos los aficionados a estas historias en formato corto.<\/p>   <p>En este Festival se podr\u00e1n ver los cortos m\u00e1s galardonados de CortoEspa\u00f1a y los Premios Fugaz. El p\u00fablico con su voto determinar\u00e1 el corto ganador de esta und\u00e9cima edici\u00f3n del Festival de Cortos de La Nuc\u00eda. Adem\u00e1s de proyectar\u00e1 el corto \u201c\u00bfPor qu\u00e9 lloran las chicas?\u201d, protagonizado por los j\u00f3venes actores nucieros Pepa Pastor y Aitor Mart\u00ednez y dirigido por Claudia Ortega.<\/p>   <p>Los aficionados y aficionadas al \u201cmundo del cine y los cortometrajes\u201d tienen una cita la pr\u00f3xima semana en l\u2019Auditori de La Nuc\u00eda con el XI Festival de Cortos de La Nuc\u00eda. Este festival se celebra, un a\u00f1o m\u00e1s, gracias a la colaboraci\u00f3n especial entre la Concejal\u00eda de Cultura, Auditori de La Nucia y CortoEspa\u00f1a.<\/p>   <p>Quince son los cortos que se van a proyectar en esta und\u00e9cima edici\u00f3n. La primera sesi\u00f3n del XI Festival de Cortos de La Nuc\u00eda ser\u00e1 el jueves 16 de enero a las 20:30 horas en l\u2019Auditori de La Nuc\u00eda con los siguientes 7 cortos: \u201cColorado\u201d de Sandra Gallego y Pilar G\u00f3mez, \u201cEl Trono\u201d de Luc\u00eda Jim\u00e9nez, \u201cSold\u201d de Enrique Rambal, \u201cTumbas Vecinas\u201d de Jos\u00e9 A. Guti\u00e9rrez, \u201cEl Kala\u201d de Diego P\u00e9rez, \u201cThe Boogey &amp; The Witch\u201d (animaci\u00f3n) de Jorge Turell y \u201cC\u00e9ntrico\u201d de Luso.<\/p>   <p>La segunda sesi\u00f3n tendr\u00e1 el viernes 17 de enero a la misma hora con la proyecci\u00f3n fuera de concurso del cortometraje \u201c\u00bfPor qu\u00e9 lloran las chicas?\u201d de Claudia Ortega y dentro del concurso los cortos \u201cFallin\u201d de Carlos Navarro, \u201cLa Compa\u00f1\u00eda\u201d de Jos\u00e9 Mar\u00eda Flores, \u201cPathos\u201d de Andrea Noceda, \u201cLa ley del m\u00e1s fuerte\u201d de Ra\u00fal Monge, \u201cTo bird or not to bird\u201d (animaci\u00f3n) de Mart\u00edn Romero, \u201cLa gran obra\u201d de Alex Lora, \u201cAnticl\u00edmax\u201d de N\u00e9stor L\u00f3pez y \u00d3scar Romero.<\/p>   <p>     .c-w{         max-width:444px;         width:100%;         margin:32px auto;      background:#00755E;         border-radius:4px;         display:flex;         align-items:center;         justify-content:center;     }     .c-w a{         display:flex;         align-items:center;         justify-content:center;         padding:4px 24px;     }     .c-w img{         width:24px;         margin-right:12px;     }     .c-w p{         font:18px\/25px Poppins;         text-align:center;         color:#fff;         margin:0;     }     @media (max-width:444px){         .c-w a{             padding:4px 12px;         }         .c-w img{             width:24px;             margin-right:8px;         }         .c-w p{             font:14px\/25px Poppins;         }     }     @media (max-width:335px){         .c-w p{             font:13px\/25px Poppins;         }     }  <div class=\"c-w\">     <a href=\"https:\/\/www.whatsapp.com\/channel\/0029Va633PF9WtC4l7XUzh1e\" rel=\"nofollow\" target=\"_blank\">         <img decoding=\"async\" src=\"https:\/\/cadenaser.com\/estaticos\/recursosgraficos\/responsive\/img\/ico-whatsapp.svg\" alt=\"Whatsapp\">         <p>\u00danete al <b>canal de WhatsApp<\/b> de la SER<\/p>     <\/a> <\/div><\/p>   <p>En la sesi\u00f3n del viernes 17 de enero se proyectar\u00e1 fuera de concurso el cortometraje \u201c\u00bfPor qu\u00e9 lloran las chicas?\u201d de Claudia Ortega y producido por Entre las Piedras Films y Films V\u00e9rtigo y que fue el ganador de la edici\u00f3n de 2023 del Concurso Shortpich del Skyline Film Festival de Benidorm. Corto que en noviembre de 2024 gan\u00f3 el premio a \u201cMejor Cortometraje Internacional\u201d en el Festival Internacional de Patagonia (Argentina).<\/p>   <p>La cinta est\u00e1 protagonizada por los ni\u00f1os nucieros Pepa Pastor y Aitor Mart\u00ednez, que interpretan los papeles de Carmen y Lucas.<\/p> ","protected":false},"excerpt":{"rendered":"<p>15 cortos que se proyectar\u00e1n en dos sesiones con acceso libre y gratuito<\/p>\n","protected":false},"author":0,"featured_media":11788,"comment_status":"open","ping_status":"open","sticky":false,"template":"","format":"standard","meta":{"_acf_changed":false,"footnotes":""},"categories":[1],"tags":[],"class_list":["post-11787","post","type-post","status-publish","format-standard","has-post-thumbnail","hentry","category-sin-categoria"],"acf":{"ser_id":"DXBM6ERAF5FTHATTTSYFITU76I","ser_url":"https:\/\/cadenaser.com\/comunitat-valenciana\/2025\/01\/09\/el-xi-festival-de-cotos-de-la-nucia-llega-al-auditori-el-jueves-16-y-viernes-17-de-enero-radio-benidorm\/"},"_links":{"self":[{"href":"https:\/\/serbenidorm.daliisolutions.com\/index.php\/wp-json\/wp\/v2\/posts\/11787","targetHints":{"allow":["GET"]}}],"collection":[{"href":"https:\/\/serbenidorm.daliisolutions.com\/index.php\/wp-json\/wp\/v2\/posts"}],"about":[{"href":"https:\/\/serbenidorm.daliisolutions.com\/index.php\/wp-json\/wp\/v2\/types\/post"}],"replies":[{"embeddable":true,"href":"https:\/\/serbenidorm.daliisolutions.com\/index.php\/wp-json\/wp\/v2\/comments?post=11787"}],"version-history":[{"count":0,"href":"https:\/\/serbenidorm.daliisolutions.com\/index.php\/wp-json\/wp\/v2\/posts\/11787\/revisions"}],"wp:featuredmedia":[{"embeddable":true,"href":"https:\/\/serbenidorm.daliisolutions.com\/index.php\/wp-json\/wp\/v2\/media\/11788"}],"wp:attachment":[{"href":"https:\/\/serbenidorm.daliisolutions.com\/index.php\/wp-json\/wp\/v2\/media?parent=11787"}],"wp:term":[{"taxonomy":"category","embeddable":true,"href":"https:\/\/serbenidorm.daliisolutions.com\/index.php\/wp-json\/wp\/v2\/categories?post=11787"},{"taxonomy":"post_tag","embeddable":true,"href":"https:\/\/serbenidorm.daliisolutions.com\/index.php\/wp-json\/wp\/v2\/tags?post=11787"}],"curies":[{"name":"wp","href":"https:\/\/api.w.org\/{rel}","templated":true}]}}