{"id":11789,"date":"2025-01-09T17:51:28","date_gmt":"2025-01-09T16:51:28","guid":{"rendered":"https:\/\/serbenidorm.daliisolutions.com\/index.php\/2025\/01\/09\/el-benidorm-fest-2025-contara-con-una-village-zone-y-una-gastro-league\/"},"modified":"2025-01-09T17:51:28","modified_gmt":"2025-01-09T16:51:28","slug":"el-benidorm-fest-2025-contara-con-una-village-zone-y-una-gastro-league","status":"publish","type":"post","link":"https:\/\/serbenidorm.daliisolutions.com\/index.php\/2025\/01\/09\/el-benidorm-fest-2025-contara-con-una-village-zone-y-una-gastro-league\/","title":{"rendered":"El Benidorm Fest 2025 contar\u00e1 con una \u00abvillage zone\u00bb y una \u00abgastro league\u00bb"},"content":{"rendered":"  <p><div data-adtype=\"MLDB\"><\/div><\/p>   <p>Benidorm<\/p>   <p>El Benidorm Fest incluir\u00e1, como novedad en esta edici\u00f3n 2025, la creaci\u00f3n de una \u201cvillage zone\u201d que estar\u00e1 ubicada desde el pr\u00f3ximo d\u00eda 24 de enero en la explanada del Ayuntamiento y que pretende convertirse en punto de encuentro de todos los eurofans desde una semana antes de la celebraci\u00f3n del evento.<\/p>   <p>As\u00ed lo ha adelantado a <a href=\"https:\/\/radiobenidorm.es\/\" rel=\"nofollow\" target=\"_blank\">Hoy por Hoy Benidorm <\/a>el edil de Eventos, Jes\u00fas Carrobles, quien tambi\u00e9n ha se\u00f1alado que esta \u201cvillage zone\u201d incluir\u00e1 una \u201cgastro league\u201d tematizada del Benidorm Fest con zona de \u201cfood trucks\u201d en la que se podr\u00e1 degustar propuestas gastr\u00f3micas innovadoras que van desde los sabores tradicionales hasta platos internacionales y recetas con fusi\u00f3n de sabores ex\u00f3ticos. \u201cSer\u00e1 una<a href=\"https:\/\/cadenaser.com\/comunitat-valenciana\/2023\/01\/25\/radio-benidorm-te-invita-al-benidorm-fest-2023-radio-benidorm\/\" target=\"_blank\"> zona especialmente dirigida a los fans del Benidorm Fest<\/a> que contar\u00e1 con escenario, programa de actuaciones propio, karaokes eurovisivos y una serie de eventos que iremos presentando pr\u00f3ximamente\u201d, ha adelantado Carrobles.<\/p>   <p>El programa de <a href=\"https:\/\/cadenaser.com\/comunitat-valenciana\/2024\/05\/08\/benidorm-apoyara-a-nebulossa-en-eurovision-organizando-una-fiesta-del-euroclub-para-4000-personas-radio-benidorm\/\" target=\"_blank\">actividades paralelas al Benidorm Fest<\/a> se ir\u00e1 dando a conocer de forma progresiva hasta el d\u00eda 15 de enero, fecha en la que est\u00e1 previsto desvelar el nombre de los presentadores de las galas. \u201cDurante toda la semana previa tendremos eventos relacionados con el Benidorm Fest, adem\u00e1s de los d\u00edas de las galas, jueves, viernes y s\u00e1bado que podremos seguir desde el Auditorio Julio Iglesias del Parque de L\u2019Aig\u00fcera, gracias al Euroclub\u201d, a\u00f1ade.<\/p>   <p>La organizaci\u00f3n del evento ha decidido trasladar desde el Tecnohito de la Plaza de la Hispanidad, donde comenzaron celebr\u00e1ndose, al Auditorio Julio Iglesias las retransmisiones tanto de las galas del Benidorm Fest como de la final de Eurovisi\u00f3n para \u201cmayor comodidad de los eurofans\u201d y tambi\u00e9n para evitar \u201ccolapsar y corta una de las principales arterias de la ciudad durante una semana\u201d.<\/p>   <p>Con respecto a las fiestas del Euroclub, una delegaci\u00f3n del Benidorm Fest se ha traslado estos d\u00edas hasta Basilea (Suiza) donde se celebra la final del Festival de Eurovisi\u00f3n el pr\u00f3ximo 14 de mayo, para organizar all\u00ed uno de sus eventos. Se trata de la segunda edici\u00f3n de la fiesta internacional del Euroclub puesto que el a\u00f1o pasado ya se celebr\u00f3 en Malmo (Suecia) un evento que cont\u00f3 con la participaci\u00f3n de m\u00e1s de 150 asistentes. \u201cEl a\u00f1o pasado ya ya nos quedamos sin entradas para esta fiesta del Euroclub y este a\u00f1o estamos buscando una sala que nos permita un aforo superior al del a\u00f1o padado\u201d, explica Carrobles.<\/p>   <p>     .c-w{         max-width:444px;         width:100%;         margin:32px auto;      background:#00755E;         border-radius:4px;         display:flex;         align-items:center;         justify-content:center;     }     .c-w a{         display:flex;         align-items:center;         justify-content:center;         padding:4px 24px;     }     .c-w img{         width:24px;         margin-right:12px;     }     .c-w p{         font:18px\/25px Poppins;         text-align:center;         color:#fff;         margin:0;     }     @media (max-width:444px){         .c-w a{             padding:4px 12px;         }         .c-w img{             width:24px;             margin-right:8px;         }         .c-w p{             font:14px\/25px Poppins;         }     }     @media (max-width:335px){         .c-w p{             font:13px\/25px Poppins;         }     }  <div class=\"c-w\">     <a href=\"https:\/\/www.whatsapp.com\/channel\/0029Va633PF9WtC4l7XUzh1e\" rel=\"nofollow\" target=\"_blank\">         <img decoding=\"async\" src=\"https:\/\/cadenaser.com\/estaticos\/recursosgraficos\/responsive\/img\/ico-whatsapp.svg\" alt=\"Whatsapp\">         <p>\u00danete al <b>canal de WhatsApp<\/b> de la SER<\/p>     <\/a> <\/div><\/p>   <p>Concretamente la organizaci\u00f3n baraja un evento en Basilea, \u201cdonde nos ha sorprendido la gran cantidad de espa\u00f1oles que hay que conocen el Benidorm Fest\u201d, con capacidad para 300 asistentes y que se celebrar\u00eda, como el a\u00f1o pasado, en los d\u00edas previos a la final de Eurovisi\u00f3n que se celebra en la ciudad suiza. \u201cTenemos previsi\u00f3n de llenar la sala. Incluso su propietario nos ha pedido que celebremos dos d\u00edas de Euroclub, pero hemos dicho que no podemos porque nos tenemos que centrar en los eventos que oganizaremos en Benidorm, donde tenemos previsto retransmitir la gran final e, incluso, alargar el Euroclub un d\u00eda m\u00e1s\u201d, concluye Carrobles.<\/p> ","protected":false},"excerpt":{"rendered":"<p>La fiesta Euroclub que se celebrar\u00e1 en Suiza durante Eurovisi\u00f3n duplicar\u00e1 el aforo del a\u00f1o pasado<\/p>\n","protected":false},"author":0,"featured_media":11790,"comment_status":"open","ping_status":"open","sticky":false,"template":"","format":"standard","meta":{"_acf_changed":false,"footnotes":""},"categories":[1],"tags":[],"class_list":["post-11789","post","type-post","status-publish","format-standard","has-post-thumbnail","hentry","category-sin-categoria"],"acf":{"ser_id":"2GHVDUVCU5EZ5MMYHCXBHMIZEU","ser_url":"https:\/\/cadenaser.com\/comunitat-valenciana\/2025\/01\/09\/el-benidorm-fest-2025-contara-con-una-village-zone-y-una-gastro-league-radio-benidorm\/"},"_links":{"self":[{"href":"https:\/\/serbenidorm.daliisolutions.com\/index.php\/wp-json\/wp\/v2\/posts\/11789","targetHints":{"allow":["GET"]}}],"collection":[{"href":"https:\/\/serbenidorm.daliisolutions.com\/index.php\/wp-json\/wp\/v2\/posts"}],"about":[{"href":"https:\/\/serbenidorm.daliisolutions.com\/index.php\/wp-json\/wp\/v2\/types\/post"}],"replies":[{"embeddable":true,"href":"https:\/\/serbenidorm.daliisolutions.com\/index.php\/wp-json\/wp\/v2\/comments?post=11789"}],"version-history":[{"count":0,"href":"https:\/\/serbenidorm.daliisolutions.com\/index.php\/wp-json\/wp\/v2\/posts\/11789\/revisions"}],"wp:featuredmedia":[{"embeddable":true,"href":"https:\/\/serbenidorm.daliisolutions.com\/index.php\/wp-json\/wp\/v2\/media\/11790"}],"wp:attachment":[{"href":"https:\/\/serbenidorm.daliisolutions.com\/index.php\/wp-json\/wp\/v2\/media?parent=11789"}],"wp:term":[{"taxonomy":"category","embeddable":true,"href":"https:\/\/serbenidorm.daliisolutions.com\/index.php\/wp-json\/wp\/v2\/categories?post=11789"},{"taxonomy":"post_tag","embeddable":true,"href":"https:\/\/serbenidorm.daliisolutions.com\/index.php\/wp-json\/wp\/v2\/tags?post=11789"}],"curies":[{"name":"wp","href":"https:\/\/api.w.org\/{rel}","templated":true}]}}