{"id":11791,"date":"2025-01-09T17:51:29","date_gmt":"2025-01-09T16:51:29","guid":{"rendered":"https:\/\/serbenidorm.daliisolutions.com\/index.php\/2025\/01\/09\/la-generalitat-no-da-mas-prorrogas-a-altea-y-complica-mucho-el-futuro-centro-de-dia\/"},"modified":"2025-01-09T17:51:29","modified_gmt":"2025-01-09T16:51:29","slug":"la-generalitat-no-da-mas-prorrogas-a-altea-y-complica-mucho-el-futuro-centro-de-dia","status":"publish","type":"post","link":"https:\/\/serbenidorm.daliisolutions.com\/index.php\/2025\/01\/09\/la-generalitat-no-da-mas-prorrogas-a-altea-y-complica-mucho-el-futuro-centro-de-dia\/","title":{"rendered":"La Generalitat no da m\u00e1s pr\u00f3rrogas a Altea y \u00abcomplica mucho\u00bb el futuro centro de d\u00eda"},"content":{"rendered":"  <p><div data-adtype=\"MLDB\"><\/div><\/p>   <p>Altea<\/p>   <p>Dif\u00edcil situaci\u00f3n la del centro de d\u00eda para mayores y personas dependientes de Altea porque la Generalitat no da m\u00e1s pr\u00f3rrogas al Ayuntamiento para que ejecute la obra despu\u00e9s de a\u00f1os de retrasos con el proyecto.<\/p>   <p>Como ha reconocido el propio alcalde <a href=\"https:\/\/cadenaser.com\/tag\/altea\/a\/\" target=\"_blank\">Diego Zaragoz\u00ed (Comprom\u00eds)<\/a> \u00abla no concesi\u00f3n de la pr\u00f3rroga complica mucho el centro de d\u00eda, estoy preocupado pero estamos luchando y peleando para que sea una realidad\u00bb. Por su parte, la portavoz de la oposici\u00f3n <a href=\"https:\/\/cadenaser.com\/tag\/altea\/a\/\" target=\"_blank\">Roc\u00edo G\u00f3mez (PP)<\/a> ha criticado con dureza que \u00abel centro no est\u00e1 empezado, ni licitado, ni con el proyecto definitivo\u00bb.<\/p>  <p><p>M\u00e1s informaci\u00f3n<\/p><figure><img loading=\"lazy\" decoding=\"async\" src=\"https:\/\/cadenaser.com\/resizer\/v2\/V74BY5YGL5BFLCULG7QN37I4GE.jpeg?auth=917686b76799ddb00ec1dda0a2d88255afa80c7fa6a2755d80f21c365f727283&amp;quality=70&amp;width=360&amp;height=202&amp;smart=true\" width=\"820\" height=\"621\" \/><\/figure><ul><li><a href=\"https:\/\/cadenaser.com\/comunitat-valenciana\/2025\/01\/08\/asi-es-la-joven-de-altea-que-consiguio-la-mejor-nota-de-la-selectividad-en-la-marina-baixa-en-2024-radio-benidorm\/\"><span>As\u00ed es la joven de Altea que consigui\u00f3 la mejor nota de la selectividad en la Marina Baixa en 2024<\/span><\/a><\/li><\/ul><\/p>   <p>Cruce en el pleno extraordinario celebrado este jueves en la villa blanca para poder presentar alegaciones en tiempo y forma a esa decisi\u00f3n de la Conselleria de Bienestar Social. Los populares han apoyado al gobierno para ello, pero sin confiar en el resultado del recurso.<\/p>   <p>Se trata de una obra en la calle Benidorm en la que el gobierno auton\u00f3mico aportar\u00eda m\u00e1s de dos millones de euros si terminara este a\u00f1o; una subvenci\u00f3n que por el momento se perder\u00eda.<\/p>   <p>El concejal de Urbanismo, Jos\u00e9 Orozco, ha detallado durante el debate c\u00f3mo \u00abtanto los t\u00e9cnicos como el redactor del proyecto nos recomendaban ampliar el plazo seis meses hasta junio de 2026 motivado por los resultados obtenidos en el estudio de la parcela y que manifestaban la necesidad de un cambio del sistema de cimentaci\u00f3n\u00bb.<\/p>   <p>     .c-w{         max-width:444px;         width:100%;         margin:32px auto;      background:#00755E;         border-radius:4px;         display:flex;         align-items:center;         justify-content:center;     }     .c-w a{         display:flex;         align-items:center;         justify-content:center;         padding:4px 24px;     }     .c-w img{         width:24px;         margin-right:12px;     }     .c-w p{         font:18px\/25px Poppins;         text-align:center;         color:#fff;         margin:0;     }     @media (max-width:444px){         .c-w a{             padding:4px 12px;         }         .c-w img{             width:24px;             margin-right:8px;         }         .c-w p{             font:14px\/25px Poppins;         }     }     @media (max-width:335px){         .c-w p{             font:13px\/25px Poppins;         }     }  <div class=\"c-w\">     <a href=\"https:\/\/www.whatsapp.com\/channel\/0029Va633PF9WtC4l7XUzh1e\" rel=\"nofollow\" target=\"_blank\">         <img decoding=\"async\" src=\"https:\/\/cadenaser.com\/estaticos\/recursosgraficos\/responsive\/img\/ico-whatsapp.svg\" alt=\"Whatsapp\">         <p>\u00danete al <b>canal de WhatsApp<\/b> de la SER<\/p>     <\/a> <\/div><\/p> ","protected":false},"excerpt":{"rendered":"<p>El Ayuntamiento alegar\u00e1 la decisi\u00f3n de la Conselleria de Bienestar Social a pesar de no haber iniciado la obra<\/p>\n","protected":false},"author":0,"featured_media":11792,"comment_status":"open","ping_status":"open","sticky":false,"template":"","format":"standard","meta":{"_acf_changed":false,"footnotes":""},"categories":[1],"tags":[],"class_list":["post-11791","post","type-post","status-publish","format-standard","has-post-thumbnail","hentry","category-sin-categoria"],"acf":{"ser_id":"4WKBTPP5PBBX3MLS5WG22GJ6HA","ser_url":"https:\/\/cadenaser.com\/comunitat-valenciana\/2025\/01\/09\/la-generalitat-no-da-mas-prorrogas-a-altea-y-complica-mucho-el-futuro-centro-de-dia-radio-benidorm\/"},"_links":{"self":[{"href":"https:\/\/serbenidorm.daliisolutions.com\/index.php\/wp-json\/wp\/v2\/posts\/11791","targetHints":{"allow":["GET"]}}],"collection":[{"href":"https:\/\/serbenidorm.daliisolutions.com\/index.php\/wp-json\/wp\/v2\/posts"}],"about":[{"href":"https:\/\/serbenidorm.daliisolutions.com\/index.php\/wp-json\/wp\/v2\/types\/post"}],"replies":[{"embeddable":true,"href":"https:\/\/serbenidorm.daliisolutions.com\/index.php\/wp-json\/wp\/v2\/comments?post=11791"}],"version-history":[{"count":0,"href":"https:\/\/serbenidorm.daliisolutions.com\/index.php\/wp-json\/wp\/v2\/posts\/11791\/revisions"}],"wp:featuredmedia":[{"embeddable":true,"href":"https:\/\/serbenidorm.daliisolutions.com\/index.php\/wp-json\/wp\/v2\/media\/11792"}],"wp:attachment":[{"href":"https:\/\/serbenidorm.daliisolutions.com\/index.php\/wp-json\/wp\/v2\/media?parent=11791"}],"wp:term":[{"taxonomy":"category","embeddable":true,"href":"https:\/\/serbenidorm.daliisolutions.com\/index.php\/wp-json\/wp\/v2\/categories?post=11791"},{"taxonomy":"post_tag","embeddable":true,"href":"https:\/\/serbenidorm.daliisolutions.com\/index.php\/wp-json\/wp\/v2\/tags?post=11791"}],"curies":[{"name":"wp","href":"https:\/\/api.w.org\/{rel}","templated":true}]}}