{"id":11793,"date":"2025-01-09T17:51:31","date_gmt":"2025-01-09T16:51:31","guid":{"rendered":"https:\/\/serbenidorm.daliisolutions.com\/index.php\/2025\/01\/09\/juzgan-a-un-hombre-por-violar-a-una-menor-de-15-anos-y-robar-y-amenazar-a-su-familia-en-la-marina-baixa\/"},"modified":"2025-01-09T17:51:31","modified_gmt":"2025-01-09T16:51:31","slug":"juzgan-a-un-hombre-por-violar-a-una-menor-de-15-anos-y-robar-y-amenazar-a-su-familia-en-la-marina-baixa","status":"publish","type":"post","link":"https:\/\/serbenidorm.daliisolutions.com\/index.php\/2025\/01\/09\/juzgan-a-un-hombre-por-violar-a-una-menor-de-15-anos-y-robar-y-amenazar-a-su-familia-en-la-marina-baixa\/","title":{"rendered":"Juzgan a un hombre por violar a una menor de 15 a\u00f1os y robar y amenazar a su familia en la Marina Baixa"},"content":{"rendered":"  <p><div data-adtype=\"MLDB\"><\/div><\/p>   <p>Benidorm<\/p>   <p>La Fiscal\u00eda pide provisionalmente 16 a\u00f1os de prisi\u00f3n por un delito de agresi\u00f3n sexual a menor, y los delitos de hurto y obstrucci\u00f3n a la justicia, para un hombre acusado de forzar sexualmente a una menor de 15 a\u00f1os en la casa de ella, donde se alojaba temporalmente, robar y amenazar de muerte al padre de la ni\u00f1a si manten\u00eda la denuncia que interpuso por los hechos. <\/p>   <p>El Ministerio P\u00fablico mantiene que el encausado residi\u00f3 en el domicilio de la menor, <a href=\"https:\/\/cadenaser.com\/tag\/comarca_la_marina_baixa\/a\/\" target=\"_blank\">en un municipio de la comarca de la Marina Baja que el Tribunal Superior de Justicia de la Comunitat Valenciana no ha concretado<\/a>, entre los d\u00edas 19 y 23 de mayo. <\/p>  <p><p>M\u00e1s informaci\u00f3n<\/p><figure><img loading=\"lazy\" decoding=\"async\" src=\"https:\/\/cadenaser.com\/resizer\/v2\/4CDQQKJJENEQJAI743IR2MDGTM.jpg?auth=7bedd7253d1af3881eae360bac5d7cc0a4c3af0b42b30328239066854e112ca0&amp;quality=70&amp;width=360&amp;height=202&amp;smart=true\" width=\"820\" height=\"621\" \/><\/figure><ul><li><a href=\"https:\/\/cadenaser.com\/comunitat-valenciana\/2025\/01\/07\/la-policia-nacional-detiene-en-benidorm-a-un-hombre-por-agredir-a-su-inquilina-e-intentar-prostituirla-radio-benidorm\/\"><span>La Polic\u00eda Nacional detiene en Benidorm a un hombre por agredir a su inquilina e intentar prostituirla<\/span><\/a><\/li><\/ul><\/p>   <p>La madrugada del d\u00eda 22 el procesado habr\u00eda entrado en el cuarto de la menor y la habr\u00eda amenazado con matar a su familia si no manten\u00edan relaciones sexuales, a lo que la v\u00edctima accedi\u00f3 por temor. <\/p>   <p>La Fiscal\u00eda a\u00f1ade que el hombre se llev\u00f3 de la vivienda diferentes efectos como un ordenador, tel\u00e9fonos m\u00f3viles, joyas y dinero en efectivo. Despu\u00e9s de que el padre de la menor y due\u00f1o de la casa interpusiera denuncia por estos hechos, el procesado le habr\u00eda amenazado de muerte para que retirara la denuncia.<\/p>   <p>Est\u00e1 previsto que el juicio comience este viernes en la Audiencia Provincial de Alicante.<\/p>   <p>     .c-w{         max-width:444px;         width:100%;         margin:32px auto;      background:#00755E;         border-radius:4px;         display:flex;         align-items:center;         justify-content:center;     }     .c-w a{         display:flex;         align-items:center;         justify-content:center;         padding:4px 24px;     }     .c-w img{         width:24px;         margin-right:12px;     }     .c-w p{         font:18px\/25px Poppins;         text-align:center;         color:#fff;         margin:0;     }     @media (max-width:444px){         .c-w a{             padding:4px 12px;         }         .c-w img{             width:24px;             margin-right:8px;         }         .c-w p{             font:14px\/25px Poppins;         }     }     @media (max-width:335px){         .c-w p{             font:13px\/25px Poppins;         }     }  <div class=\"c-w\">     <a href=\"https:\/\/www.whatsapp.com\/channel\/0029Va633PF9WtC4l7XUzh1e\" rel=\"nofollow\" target=\"_blank\">         <img decoding=\"async\" src=\"https:\/\/cadenaser.com\/estaticos\/recursosgraficos\/responsive\/img\/ico-whatsapp.svg\" alt=\"Whatsapp\">         <p>\u00danete al <b>canal de WhatsApp<\/b> de la SER<\/p>     <\/a> <\/div><\/p> ","protected":false},"excerpt":{"rendered":"<p>La Fiscal\u00eda pide para \u00e9l 16 a\u00f1os de c\u00e1rcel<\/p>\n","protected":false},"author":0,"featured_media":11794,"comment_status":"open","ping_status":"open","sticky":false,"template":"","format":"standard","meta":{"_acf_changed":false,"footnotes":""},"categories":[1],"tags":[],"class_list":["post-11793","post","type-post","status-publish","format-standard","has-post-thumbnail","hentry","category-sin-categoria"],"acf":{"ser_id":"EXSW4SGNEBGTVI25HGLSF5PGFQ","ser_url":"https:\/\/cadenaser.com\/comunitat-valenciana\/2025\/01\/09\/juzgan-a-un-hombre-por-violar-a-una-menor-de-15-anos-y-robar-y-amenazar-a-su-familia-en-la-marina-baixa-radio-benidorm\/"},"_links":{"self":[{"href":"https:\/\/serbenidorm.daliisolutions.com\/index.php\/wp-json\/wp\/v2\/posts\/11793","targetHints":{"allow":["GET"]}}],"collection":[{"href":"https:\/\/serbenidorm.daliisolutions.com\/index.php\/wp-json\/wp\/v2\/posts"}],"about":[{"href":"https:\/\/serbenidorm.daliisolutions.com\/index.php\/wp-json\/wp\/v2\/types\/post"}],"replies":[{"embeddable":true,"href":"https:\/\/serbenidorm.daliisolutions.com\/index.php\/wp-json\/wp\/v2\/comments?post=11793"}],"version-history":[{"count":0,"href":"https:\/\/serbenidorm.daliisolutions.com\/index.php\/wp-json\/wp\/v2\/posts\/11793\/revisions"}],"wp:featuredmedia":[{"embeddable":true,"href":"https:\/\/serbenidorm.daliisolutions.com\/index.php\/wp-json\/wp\/v2\/media\/11794"}],"wp:attachment":[{"href":"https:\/\/serbenidorm.daliisolutions.com\/index.php\/wp-json\/wp\/v2\/media?parent=11793"}],"wp:term":[{"taxonomy":"category","embeddable":true,"href":"https:\/\/serbenidorm.daliisolutions.com\/index.php\/wp-json\/wp\/v2\/categories?post=11793"},{"taxonomy":"post_tag","embeddable":true,"href":"https:\/\/serbenidorm.daliisolutions.com\/index.php\/wp-json\/wp\/v2\/tags?post=11793"}],"curies":[{"name":"wp","href":"https:\/\/api.w.org\/{rel}","templated":true}]}}