{"id":11822,"date":"2025-01-10T15:04:30","date_gmt":"2025-01-10T14:04:30","guid":{"rendered":"https:\/\/serbenidorm.daliisolutions.com\/index.php\/2025\/01\/10\/benidorm-pierde-30-trabajadores-sociales-y-el-psoe-alerta-de-la-merma-de-servicios\/"},"modified":"2025-01-10T15:04:30","modified_gmt":"2025-01-10T14:04:30","slug":"benidorm-pierde-30-trabajadores-sociales-y-el-psoe-alerta-de-la-merma-de-servicios","status":"publish","type":"post","link":"https:\/\/serbenidorm.daliisolutions.com\/index.php\/2025\/01\/10\/benidorm-pierde-30-trabajadores-sociales-y-el-psoe-alerta-de-la-merma-de-servicios\/","title":{"rendered":"Benidorm pierde 30 trabajadores sociales y el PSOE alerta de la merma de servicios"},"content":{"rendered":"  <p><div data-adtype=\"MLDB\"><\/div><\/p>   <p>Benidorm<\/p>   <p>30 trabajadores de los Servicios Sociales del Ayuntamiento de Benidorm cesaron de sus funciones el pasado 31 de diciembre y la oposici\u00f3n, el grupo municipal socialista, ha alertado este viernes del problema que puede suponer criticando que no se hayan consolidado en cuatro a\u00f1os estas plazas.<\/p>   <p>Una consolidaci\u00f3n, asegura la portavoz del PSOE en la capital tur\u00edstica Cristina Escoda, que viene marcada por la Ley de Servicios Sociales de la Generalitat: <a href=\"https:\/\/cadenaser.com\/tag\/benidorm\/a\/\" target=\"_blank\">\u00abL\u00f3gicamente, esto va a provocar que las citas se retrasen meses y se incrementen las listas de espera. Estamos hablando de que, por ejemplo, los expedientes para la Dependencia se pueden demorar con las graves consecuencias que esto supone para las familias\u00bb<\/a>.<\/p>  <p><p>M\u00e1s informaci\u00f3n<\/p><figure><img loading=\"lazy\" decoding=\"async\" src=\"https:\/\/cadenaser.com\/resizer\/v2\/UT4AIIOLEBCDBLEUI53VETF6M4.jpeg?auth=e6a21592745d250db1e8b2bd0a76079d094da92903a7feb1a341a5ab4b159631&amp;quality=70&amp;width=360&amp;height=202&amp;smart=true\" width=\"820\" height=\"621\" \/><\/figure><ul><li><a href=\"https:\/\/cadenaser.com\/comunitat-valenciana\/2025\/01\/10\/el-bloque-de-viviendas-protegidas-proyectado-en-benidorm-tendra-26-mas-de-las-anunciadas-radio-benidorm\/\"><span>El bloque de viviendas protegidas proyectado en Benidorm tendr\u00e1 26 m\u00e1s de las anunciadas<\/span><\/a><\/li><\/ul><\/p>   <p>Se trataba de 30 puestos de trabajo financiados con un contrato de la Conselleria de Servicios Sociales entre 2021 y 2024 y Escoda denuncia que adem\u00e1s tampoco se ha aprobado el nuevo programa para el periodo 2025-2028.<\/p>   <p>\u00abSe sab\u00eda desde que se firm\u00f3 el contrato en 2021 que era necesario sacar estas plazas, incorporando estos puestos a la plantilla municipal y no han hecho nada, como viene siendo habitual\u00bb, ha remarcado.<\/p>   <p>La portavoz socialista ha criticado adem\u00e1s que, en este contexto, el resto de la plantilla de la concejal\u00eda de Bienestar Social \u00abva a ser tambi\u00e9n la gran perjudicada puesto que se incrementa el estr\u00e9s, la responsabilidad y la carga de trabajo que tienen que asumir para hacer frente al alto volumen de trabajo que tendr\u00e1n que soportar\u00bb.<b><br \/> <\/b><\/p>   <p>     .c-w{         max-width:444px;         width:100%;         margin:32px auto;      background:#00755E;         border-radius:4px;         display:flex;         align-items:center;         justify-content:center;     }     .c-w a{         display:flex;         align-items:center;         justify-content:center;         padding:4px 24px;     }     .c-w img{         width:24px;         margin-right:12px;     }     .c-w p{         font:18px\/25px Poppins;         text-align:center;         color:#fff;         margin:0;     }     @media (max-width:444px){         .c-w a{             padding:4px 12px;         }         .c-w img{             width:24px;             margin-right:8px;         }         .c-w p{             font:14px\/25px Poppins;         }     }     @media (max-width:335px){         .c-w p{             font:13px\/25px Poppins;         }     }  <div class=\"c-w\">     <a href=\"https:\/\/www.whatsapp.com\/channel\/0029Va633PF9WtC4l7XUzh1e\" rel=\"nofollow\" target=\"_blank\">         <img decoding=\"async\" src=\"https:\/\/cadenaser.com\/estaticos\/recursosgraficos\/responsive\/img\/ico-whatsapp.svg\" alt=\"Whatsapp\">         <p>\u00danete al <b>canal de WhatsApp<\/b> de la SER<\/p>     <\/a> <\/div><\/p> ","protected":false},"excerpt":{"rendered":"<p>La portavoz de la oposici\u00f3n critica que el gobierno local no haber consolidado en cuatro a\u00f1os estas plazas<\/p>\n","protected":false},"author":0,"featured_media":11823,"comment_status":"open","ping_status":"open","sticky":false,"template":"","format":"standard","meta":{"_acf_changed":false,"footnotes":""},"categories":[1],"tags":[],"class_list":["post-11822","post","type-post","status-publish","format-standard","has-post-thumbnail","hentry","category-sin-categoria"],"acf":{"ser_id":"3QWQ26PPGREO5H7YZCB5LRXHDY","ser_url":"https:\/\/cadenaser.com\/comunitat-valenciana\/2025\/01\/10\/benidorm-pierde-30-trabajadores-sociales-y-el-psoe-alerta-de-la-merma-de-servicios-radio-benidorm\/"},"_links":{"self":[{"href":"https:\/\/serbenidorm.daliisolutions.com\/index.php\/wp-json\/wp\/v2\/posts\/11822","targetHints":{"allow":["GET"]}}],"collection":[{"href":"https:\/\/serbenidorm.daliisolutions.com\/index.php\/wp-json\/wp\/v2\/posts"}],"about":[{"href":"https:\/\/serbenidorm.daliisolutions.com\/index.php\/wp-json\/wp\/v2\/types\/post"}],"replies":[{"embeddable":true,"href":"https:\/\/serbenidorm.daliisolutions.com\/index.php\/wp-json\/wp\/v2\/comments?post=11822"}],"version-history":[{"count":0,"href":"https:\/\/serbenidorm.daliisolutions.com\/index.php\/wp-json\/wp\/v2\/posts\/11822\/revisions"}],"wp:featuredmedia":[{"embeddable":true,"href":"https:\/\/serbenidorm.daliisolutions.com\/index.php\/wp-json\/wp\/v2\/media\/11823"}],"wp:attachment":[{"href":"https:\/\/serbenidorm.daliisolutions.com\/index.php\/wp-json\/wp\/v2\/media?parent=11822"}],"wp:term":[{"taxonomy":"category","embeddable":true,"href":"https:\/\/serbenidorm.daliisolutions.com\/index.php\/wp-json\/wp\/v2\/categories?post=11822"},{"taxonomy":"post_tag","embeddable":true,"href":"https:\/\/serbenidorm.daliisolutions.com\/index.php\/wp-json\/wp\/v2\/tags?post=11822"}],"curies":[{"name":"wp","href":"https:\/\/api.w.org\/{rel}","templated":true}]}}