{"id":11824,"date":"2025-01-10T15:04:32","date_gmt":"2025-01-10T14:04:32","guid":{"rendered":"https:\/\/serbenidorm.daliisolutions.com\/index.php\/2025\/01\/10\/la-nucia-aprobara-el-miercoles-15-un-presupuesto-de-337-millones-de-euros-para-2025\/"},"modified":"2025-01-10T15:04:32","modified_gmt":"2025-01-10T14:04:32","slug":"la-nucia-aprobara-el-miercoles-15-un-presupuesto-de-337-millones-de-euros-para-2025","status":"publish","type":"post","link":"https:\/\/serbenidorm.daliisolutions.com\/index.php\/2025\/01\/10\/la-nucia-aprobara-el-miercoles-15-un-presupuesto-de-337-millones-de-euros-para-2025\/","title":{"rendered":"La Nuc\u00eda aprobar\u00e1 el mi\u00e9rcoles 15 un presupuesto de 33,7 millones de euros para 2025"},"content":{"rendered":"  <p><div data-adtype=\"MLDB\"><\/div><\/p>   <p>La Nuc\u00eda<\/p>   <p>El Ayuntamiento de La Nuc\u00eda contar\u00e1 para este ejercicio de 2025 con un presupuesto municipal de 33.745.309 \u20ac, un 5,97% m\u00e1s que en 2024 (31,8 millones euros). Tal y como ha explicado en <a href=\"https:\/\/radiobenidorm.es\" rel=\"nofollow\" target=\"_blank\">Hoy por Hoy Benidorm<\/a> el alcalde, Bernab\u00e9 Cano, ser\u00e1n unos presupuestos sociales con 2,1 millones en \u201cBienestar Social\u201d y \u201cSubvenciones\u201d que \u00abseguir\u00e1n combatiendo la coyuntura econ\u00f3mica y el desempleo con 2,4 millones en formaci\u00f3n laboral para personas desempleadas\u201d.<\/p>   <p>El Ayuntamiento de La Nuc\u00eda cuenta en 2025 con un presupuesto de gastos de 33.444.306 \u20ac y de ingresos de 33.745.309 \u20ac, lo que dar\u00e1 un super\u00e1vit de 301.003,09 euros. Estos presupuestos ser\u00e1n aprobados en sesi\u00f3n plenaria el pr\u00f3ximo mi\u00e9rcoles 15 de enero de 2025.<\/p>   <p>En los presupuestos de 2025 hay un gran aumento de las inversiones, pasando de los 1,2 de 2024 a los 2,2 de 2025, un aumento del 73%. Entre las inversiones cabe remarcar los 478.000 euros para la Galer\u00eda Subterr\u00e1nea de la Ruta de l\u2019Aigua. Tambi\u00e9n destacan los 170.000 euros en infraestructuras hidr\u00e1ulicas y los 274.000 en renovaci\u00f3n de los equipamientos inform\u00e1ticos y servidores del Ayuntamiento de La Nuc\u00eda. As\u00ed como iniciar los proyectos para el futuro Casal Fester y Museu Etnol\u00f2gic. Las mejoras del archivo municipal y su digitalizaci\u00f3n continuar\u00e1n con una partida de 31.000 euros.<\/p>   <p>En 2025 el Ayuntamiento de La Nuc\u00eda destina un total de 2,1 millones de euros para ayudas de emergencia social (Ayudas Familiares, Ayudas Pobreza Energ\u00e9tica \u2013suministro el\u00e9ctrico, Ayudas Alquiler, Pangea, Centro D\u00eda\u2026etc.) y subvenciones municipales, para llegar a la gente m\u00e1s necesitada del municipio.<\/p>   <p>En 2025 contin\u00faan las once subvenciones del Ayuntamiento de La Nuc\u00eda: 1. Ayuda Econ\u00f3mica IBI 2. Subvenci\u00f3n al Transporte Universitario, 3. Subvenci\u00f3n a l\u2019Escola Infantil Bressol, 4. Subvenci\u00f3n a la Tasa de la basura, 5. Ayuda econ\u00f3mica al Reciclaje en Ecoparque, 6.  Subvenci\u00f3n a la Tasa del Agua, 7. Subvenci\u00f3n en la Escuela Permanente de Adultos, 8. Subvenci\u00f3n a usuarios del Centro de D\u00eda, 9. Subvenci\u00f3n alumnos Escola d\u2019Estiu, 10. Subvenci\u00f3n Alumnado con Necesidades Espec\u00edficas y 11. Subvenci\u00f3n Estudiantes Erasm\u00fas + UA.<\/p>   <p>     .c-w{         max-width:444px;         width:100%;         margin:32px auto;      background:#00755E;         border-radius:4px;         display:flex;         align-items:center;         justify-content:center;     }     .c-w a{         display:flex;         align-items:center;         justify-content:center;         padding:4px 24px;     }     .c-w img{         width:24px;         margin-right:12px;     }     .c-w p{         font:18px\/25px Poppins;         text-align:center;         color:#fff;         margin:0;     }     @media (max-width:444px){         .c-w a{             padding:4px 12px;         }         .c-w img{             width:24px;             margin-right:8px;         }         .c-w p{             font:14px\/25px Poppins;         }     }     @media (max-width:335px){         .c-w p{             font:13px\/25px Poppins;         }     }  <div class=\"c-w\">     <a href=\"https:\/\/www.whatsapp.com\/channel\/0029Va633PF9WtC4l7XUzh1e\" rel=\"nofollow\" target=\"_blank\">         <img decoding=\"async\" src=\"https:\/\/cadenaser.com\/estaticos\/recursosgraficos\/responsive\/img\/ico-whatsapp.svg\" alt=\"Whatsapp\">         <p>\u00danete al <b>canal de WhatsApp<\/b> de la SER<\/p>     <\/a> <\/div><\/p>   <p>En 2025 el Ayuntamiento de La Nuc\u00eda invertir\u00e1 2,4 millones de \u20acen cursos formativos para desempleados a trav\u00e9s de diferentes l\u00edneas como el Acci\u00f3n INSERTA, EMPUJU, Taller de Empleo Pinar de Garaita XVI, Escuela Taller de Electricidad (de 16 a 29 a\u00f1os) o Cursos Escuela de Oficios, entre otros.<\/p> ","protected":false},"excerpt":{"rendered":"<p>El alcalde, Bernab\u00e9 Cano, cataloga los presupuestos como \u00absociales, inversores y de fomento del empleo\u00bb  <\/p>\n","protected":false},"author":0,"featured_media":11825,"comment_status":"open","ping_status":"open","sticky":false,"template":"","format":"standard","meta":{"_acf_changed":false,"footnotes":""},"categories":[1],"tags":[],"class_list":["post-11824","post","type-post","status-publish","format-standard","has-post-thumbnail","hentry","category-sin-categoria"],"acf":{"ser_id":"YRKYKEH4WFEBBHDTVJQQG3SCHA","ser_url":"https:\/\/cadenaser.com\/comunitat-valenciana\/2025\/01\/10\/la-nucia-aprobara-el-miercoles-15-un-presupuesto-de-337-millones-de-euros-para-2025-radio-benidorm\/"},"_links":{"self":[{"href":"https:\/\/serbenidorm.daliisolutions.com\/index.php\/wp-json\/wp\/v2\/posts\/11824","targetHints":{"allow":["GET"]}}],"collection":[{"href":"https:\/\/serbenidorm.daliisolutions.com\/index.php\/wp-json\/wp\/v2\/posts"}],"about":[{"href":"https:\/\/serbenidorm.daliisolutions.com\/index.php\/wp-json\/wp\/v2\/types\/post"}],"replies":[{"embeddable":true,"href":"https:\/\/serbenidorm.daliisolutions.com\/index.php\/wp-json\/wp\/v2\/comments?post=11824"}],"version-history":[{"count":0,"href":"https:\/\/serbenidorm.daliisolutions.com\/index.php\/wp-json\/wp\/v2\/posts\/11824\/revisions"}],"wp:featuredmedia":[{"embeddable":true,"href":"https:\/\/serbenidorm.daliisolutions.com\/index.php\/wp-json\/wp\/v2\/media\/11825"}],"wp:attachment":[{"href":"https:\/\/serbenidorm.daliisolutions.com\/index.php\/wp-json\/wp\/v2\/media?parent=11824"}],"wp:term":[{"taxonomy":"category","embeddable":true,"href":"https:\/\/serbenidorm.daliisolutions.com\/index.php\/wp-json\/wp\/v2\/categories?post=11824"},{"taxonomy":"post_tag","embeddable":true,"href":"https:\/\/serbenidorm.daliisolutions.com\/index.php\/wp-json\/wp\/v2\/tags?post=11824"}],"curies":[{"name":"wp","href":"https:\/\/api.w.org\/{rel}","templated":true}]}}