{"id":11828,"date":"2025-01-10T15:04:38","date_gmt":"2025-01-10T14:04:38","guid":{"rendered":"https:\/\/serbenidorm.daliisolutions.com\/index.php\/2025\/01\/10\/el-bloque-de-viviendas-protegidas-proyectado-en-benidorm-tendra-26-mas-de-las-anunciadas\/"},"modified":"2025-01-10T15:04:38","modified_gmt":"2025-01-10T14:04:38","slug":"el-bloque-de-viviendas-protegidas-proyectado-en-benidorm-tendra-26-mas-de-las-anunciadas","status":"publish","type":"post","link":"https:\/\/serbenidorm.daliisolutions.com\/index.php\/2025\/01\/10\/el-bloque-de-viviendas-protegidas-proyectado-en-benidorm-tendra-26-mas-de-las-anunciadas\/","title":{"rendered":"El bloque de viviendas protegidas proyectado en Benidorm tendr\u00e1 26 m\u00e1s de las anunciadas"},"content":{"rendered":"  <p><div data-adtype=\"MLDB\"><\/div><\/p>   <p>Benidorm<\/p>   <p>La Generalitat ha firmado este jueves la adjudicaci\u00f3n del derecho de superficie para construir 117 viviendas protegidas en r\u00e9gimen de alquiler en Benidorm, <a href=\"https:\/\/cadenaser.com\/tag\/benidorm\/a\/\" target=\"_blank\">26 m\u00e1s de las 91 anunciadas inicialmente por el Consell en la parcela de Poniente<\/a> cedida por el ayuntamiento de la capital tur\u00edstica.<\/p>   <p>Un n\u00famero que se ha incrementado gracias a la posibilidad de ejecutar un mayor n\u00famero de viviendas en la parcela, posibilidad prevista en la Ley de Ordenaci\u00f3n del Territorio, Urbanismo y Paisaje de la Comunitat Valenciana.<\/p>  <p><p>M\u00e1s informaci\u00f3n<\/p><figure><img loading=\"lazy\" decoding=\"async\" src=\"https:\/\/cadenaser.com\/resizer\/v2\/CNSEBBZBMVNYHJGYY6UVD7XBZU.jpg?auth=6c77e846642c402345654faa141fe62ee2c789381379be55c5ebdde0062ac3d9&amp;quality=70&amp;width=360&amp;height=202&amp;smart=true\" width=\"820\" height=\"621\" \/><\/figure><ul><li><a href=\"https:\/\/cadenaser.com\/comunitat-valenciana\/2025\/01\/08\/el-precio-de-la-vivienda-de-segunda-mano-en-benidorm-subio-un-144-en-2024-radio-benidorm\/\"><span>El precio de la vivienda de segunda mano en Benidorm subi\u00f3 un 14,4 % en 2024<\/span><\/a><\/li><\/ul><\/p>   <p>La empresa Culmia, encargada de la construcci\u00f3n, tambi\u00e9n asumir\u00e1 la conservaci\u00f3n y mantenimiento de los edificios (viviendas, garajes, trasteros, locales y elementos comunes) y la gesti\u00f3n y explotaci\u00f3n, mediante alquiler.<\/p>   <p>El pliego del concurso contempla la cesi\u00f3n del derecho de superficie por un plazo de 55 a\u00f1os, prorrogables a 20 a\u00f1os m\u00e1s, y se desarrollar\u00e1n a trav\u00e9s de f\u00f3rmulas de colaboraci\u00f3n p\u00fablico-privada.<\/p>   <p>El uso de estas viviendas deber\u00e1 ser \u00fanicamente residencial y destinado a vivienda de protecci\u00f3n p\u00fablica en r\u00e9gimen de alquiler asequible. Los garajes y trasteros situados en los s\u00f3tanos tendr\u00e1n la consideraci\u00f3n de anejos inseparables a las viviendas.<\/p>   <p>     .c-w{         max-width:444px;         width:100%;         margin:32px auto;      background:#00755E;         border-radius:4px;         display:flex;         align-items:center;         justify-content:center;     }     .c-w a{         display:flex;         align-items:center;         justify-content:center;         padding:4px 24px;     }     .c-w img{         width:24px;         margin-right:12px;     }     .c-w p{         font:18px\/25px Poppins;         text-align:center;         color:#fff;         margin:0;     }     @media (max-width:444px){         .c-w a{             padding:4px 12px;         }         .c-w img{             width:24px;             margin-right:8px;         }         .c-w p{             font:14px\/25px Poppins;         }     }     @media (max-width:335px){         .c-w p{             font:13px\/25px Poppins;         }     }  <div class=\"c-w\">     <a href=\"https:\/\/www.whatsapp.com\/channel\/0029Va633PF9WtC4l7XUzh1e\" rel=\"nofollow\" target=\"_blank\">         <img decoding=\"async\" src=\"https:\/\/cadenaser.com\/estaticos\/recursosgraficos\/responsive\/img\/ico-whatsapp.svg\" alt=\"Whatsapp\">         <p>\u00danete al <b>canal de WhatsApp<\/b> de la SER<\/p>     <\/a> <\/div><\/p>   <p>Terminadas antes del 2026<\/p>   <p>Estos 117 pisos proyectados en Benidorm deber\u00e1n estar terminados <a href=\"https:\/\/cadenaser.com\/comunitat-valenciana\/2024\/04\/11\/las-91-viviendas-sociales-anunciadas-en-benidorm-deberan-estar-terminadas-antes-de-junio-de-2026-radio-benidorm\/\" target=\"_blank\">antes de junio del 2026 <\/a>al estar cofinanciados en una tercera parte por un plan de la Uni\u00f3n Europea que establece ese requisito.<\/p> ","protected":false},"excerpt":{"rendered":"<p>Hasta alcanzar las 117 | Deber\u00e1n estar terminadas antes de junio de 2026<\/p>\n","protected":false},"author":0,"featured_media":11829,"comment_status":"open","ping_status":"open","sticky":false,"template":"","format":"standard","meta":{"_acf_changed":false,"footnotes":""},"categories":[1],"tags":[],"class_list":["post-11828","post","type-post","status-publish","format-standard","has-post-thumbnail","hentry","category-sin-categoria"],"acf":{"ser_id":"PLHGMFWPJBEMHBPUG7DDEZ6FKM","ser_url":"https:\/\/cadenaser.com\/comunitat-valenciana\/2025\/01\/10\/el-bloque-de-viviendas-protegidas-proyectado-en-benidorm-tendra-26-mas-de-las-anunciadas-radio-benidorm\/"},"_links":{"self":[{"href":"https:\/\/serbenidorm.daliisolutions.com\/index.php\/wp-json\/wp\/v2\/posts\/11828","targetHints":{"allow":["GET"]}}],"collection":[{"href":"https:\/\/serbenidorm.daliisolutions.com\/index.php\/wp-json\/wp\/v2\/posts"}],"about":[{"href":"https:\/\/serbenidorm.daliisolutions.com\/index.php\/wp-json\/wp\/v2\/types\/post"}],"replies":[{"embeddable":true,"href":"https:\/\/serbenidorm.daliisolutions.com\/index.php\/wp-json\/wp\/v2\/comments?post=11828"}],"version-history":[{"count":0,"href":"https:\/\/serbenidorm.daliisolutions.com\/index.php\/wp-json\/wp\/v2\/posts\/11828\/revisions"}],"wp:featuredmedia":[{"embeddable":true,"href":"https:\/\/serbenidorm.daliisolutions.com\/index.php\/wp-json\/wp\/v2\/media\/11829"}],"wp:attachment":[{"href":"https:\/\/serbenidorm.daliisolutions.com\/index.php\/wp-json\/wp\/v2\/media?parent=11828"}],"wp:term":[{"taxonomy":"category","embeddable":true,"href":"https:\/\/serbenidorm.daliisolutions.com\/index.php\/wp-json\/wp\/v2\/categories?post=11828"},{"taxonomy":"post_tag","embeddable":true,"href":"https:\/\/serbenidorm.daliisolutions.com\/index.php\/wp-json\/wp\/v2\/tags?post=11828"}],"curies":[{"name":"wp","href":"https:\/\/api.w.org\/{rel}","templated":true}]}}