{"id":11893,"date":"2025-01-13T12:49:04","date_gmt":"2025-01-13T11:49:04","guid":{"rendered":"https:\/\/serbenidorm.daliisolutions.com\/index.php\/2025\/01\/13\/cruel-desenlace-de-la-copa-principe-para-el-voley-benidormense\/"},"modified":"2025-01-13T12:49:04","modified_gmt":"2025-01-13T11:49:04","slug":"cruel-desenlace-de-la-copa-principe-para-el-voley-benidormense","status":"publish","type":"post","link":"https:\/\/serbenidorm.daliisolutions.com\/index.php\/2025\/01\/13\/cruel-desenlace-de-la-copa-principe-para-el-voley-benidormense\/","title":{"rendered":"Cruel desenlace de la Copa Pr\u00edncipe para el v\u00f3ley benidormense"},"content":{"rendered":"  <p><div data-adtype=\"MLDB\"><\/div><\/p>   <p>Benidorm<\/p>   <p>El equipo masculino del Club Voleibol Playas de Benidorm sufri\u00f3 un duro golpe moral el pasado fin de semana en San Sadurni\u00f1o (Galicia), donde part\u00eda como uno de los grandes aspirantes para disputar al t\u00edtulo de la Copa Pr\u00edncipe, competici\u00f3n de la que qued\u00f3 apeado a las primeras de cambio pese a haber iniciado su concurso con victoria ante Textil Santanderina, defensor del t\u00edtulo.<\/p>   <p>Los de Adriano Lamb debutaban en el torneo imponi\u00e9ndose a los c\u00e1ntabros por 3-2 (25-27, 25-22, 25-20, 19-25 y 17-15) en un choque muy igualado y, como demuestra el parcial del desempate, con gran emoci\u00f3n final.<\/p>   <p>Esa buena actuaci\u00f3n, disparaba la ilusi\u00f3n de la delegaci\u00f3n benidormense de cara al segundo partido de la fase de grupos ante un, al menos en teor\u00eda, m\u00e1s asequible C.V. Roquetes que, sin embargo, acab\u00f3 llev\u00e1ndose el triunfo en el choque del s\u00e1bado por la ma\u00f1ana por 3-1 (18-25, 25-19, 29-27 y 25-23) lo que dejaba a los benidormenses fuera de las semifinales y supon\u00eda, adem\u00e1s, su primera derrota en partido oficial del presente curso.<\/p>   <p>En definitiva, el paso de los de Benidorm por tierras gallegas se cerr\u00f3 con un duro rev\u00e9s que no s\u00f3lo se sustancia en la imposibilidad de disputar el que hubiera podido ser el t\u00edtulo m\u00e1s importante de la todav\u00eda corta historia de la entidad del pabell\u00f3n Ra\u00fal Mesa, sino, sobre todo, en un importante toque de atenci\u00f3n de cara a la te\u00f3rica pelea por el ascenso al final de la fase regular de una Superliga 2 que regresar\u00e1 el pr\u00f3ximo fin de semana, actuando como local, ante el Utrera.<\/p> ","protected":false},"excerpt":{"rendered":"<p>Tras imponerse a los defensores del t\u00edtulo, los de Adriano Lamb cayeron en el segundo choque ante el Roquetes<\/p>\n","protected":false},"author":0,"featured_media":11894,"comment_status":"open","ping_status":"open","sticky":false,"template":"","format":"standard","meta":{"_acf_changed":false,"footnotes":""},"categories":[16],"tags":[],"class_list":["post-11893","post","type-post","status-publish","format-standard","has-post-thumbnail","hentry","category-deportes"],"acf":{"ser_id":"OOAUYWLDEVFRTATH63USQXTY2E","ser_url":"https:\/\/cadenaser.com\/comunitat-valenciana\/2025\/01\/13\/cruel-desenlace-de-la-copa-principe-para-el-voley-benidormense-radio-benidorm\/"},"_links":{"self":[{"href":"https:\/\/serbenidorm.daliisolutions.com\/index.php\/wp-json\/wp\/v2\/posts\/11893","targetHints":{"allow":["GET"]}}],"collection":[{"href":"https:\/\/serbenidorm.daliisolutions.com\/index.php\/wp-json\/wp\/v2\/posts"}],"about":[{"href":"https:\/\/serbenidorm.daliisolutions.com\/index.php\/wp-json\/wp\/v2\/types\/post"}],"replies":[{"embeddable":true,"href":"https:\/\/serbenidorm.daliisolutions.com\/index.php\/wp-json\/wp\/v2\/comments?post=11893"}],"version-history":[{"count":0,"href":"https:\/\/serbenidorm.daliisolutions.com\/index.php\/wp-json\/wp\/v2\/posts\/11893\/revisions"}],"wp:featuredmedia":[{"embeddable":true,"href":"https:\/\/serbenidorm.daliisolutions.com\/index.php\/wp-json\/wp\/v2\/media\/11894"}],"wp:attachment":[{"href":"https:\/\/serbenidorm.daliisolutions.com\/index.php\/wp-json\/wp\/v2\/media?parent=11893"}],"wp:term":[{"taxonomy":"category","embeddable":true,"href":"https:\/\/serbenidorm.daliisolutions.com\/index.php\/wp-json\/wp\/v2\/categories?post=11893"},{"taxonomy":"post_tag","embeddable":true,"href":"https:\/\/serbenidorm.daliisolutions.com\/index.php\/wp-json\/wp\/v2\/tags?post=11893"}],"curies":[{"name":"wp","href":"https:\/\/api.w.org\/{rel}","templated":true}]}}