{"id":11895,"date":"2025-01-13T12:49:07","date_gmt":"2025-01-13T11:49:07","guid":{"rendered":"https:\/\/serbenidorm.daliisolutions.com\/index.php\/2025\/01\/13\/felipe-orts-estrenara-en-benidorm-su-septimo-titulo-de-campeon-de-espana\/"},"modified":"2025-01-13T12:49:07","modified_gmt":"2025-01-13T11:49:07","slug":"felipe-orts-estrenara-en-benidorm-su-septimo-titulo-de-campeon-de-espana","status":"publish","type":"post","link":"https:\/\/serbenidorm.daliisolutions.com\/index.php\/2025\/01\/13\/felipe-orts-estrenara-en-benidorm-su-septimo-titulo-de-campeon-de-espana\/","title":{"rendered":"Felipe Orts estrenar\u00e1 en Benidorm su s\u00e9ptimo t\u00edtulo de campe\u00f3n de Espa\u00f1a"},"content":{"rendered":"  <p><div data-adtype=\"MLDB\"><\/div><\/p>   <p>Benidorm<\/p>   <p>Un a\u00f1o m\u00e1s, y ya ser\u00e1n tres, la prueba de la Copa del Mundo de ciclocross de Benidorm ser\u00e1 el escenario so\u00f1ado para que los flamantes campeones nacionales inauguren sus respectivos reinados tras los campeonatos disputados este fin de semana. En el caso espa\u00f1ol, adem\u00e1s, la cita de los parques de El Moralet y Foietes vivir\u00e1 un momento hist\u00f3rico ya que ser\u00e1n dos ciclistas valencianos, Felipe Orts (La Vila Joiosa, 1995) y Sof\u00eda Rodr\u00edguez (Ontinyent, 1999) los que porten los maillots rojigualdas en las pruebas Elite masculina y femenina.<\/p>   <p>En el caso del mejor especialista invernal espa\u00f1ol de todos los tiempos, Felipe Orts, el ciclista del Ridley Racing Team conquist\u00f3 en As Pontes (Pontevedra) su s\u00e9ptimo oro nacional, rompiendo as\u00ed el empate que le igualaba a Jos\u00e9 Luis Talamillo y David Seco, convirti\u00e9ndose en el ciclista con m\u00e1s entorchados de la historia.<\/p>   <p>Por su parte, Sof\u00eda Rodr\u00edguez romp\u00eda en Galicia una racha de cinco a\u00f1os de victorias de su compa\u00f1era de equipo en el Nesta-MMR, la asturiana Luc\u00eda Gonz\u00e1lez, y se colgaba su primera medalla de oro en un Campeonato de Espa\u00f1a despu\u00e9s de tres podios consecutivos (bronce en 2022 y plata en 2023 y 2024).<\/p>   <p>Tras estos triunfos, la Copa del Mundo de ciclocross de Benidorm, que se disputar\u00e1 el pr\u00f3ximo domingo, 19 de enero, en la capital tur\u00edstica de la Costa Blanca ser\u00e1, m\u00e1s que nunca, una gran fiesta para el ciclismo valenciano, que podr\u00e1 presumir de contar con los campeones nacionales de la m\u00e1xima categor\u00eda en la prueba \u2018de casa\u2019 y, sobre todo, para los propios Felipe y Sof\u00eda, que se dar\u00e1n un aut\u00e9ntico ba\u00f1o de masas en un trazado en el que se espera la presencia de m\u00e1s de 15.000 aficionados venidos de todos los puntos del continente europeo.<\/p>   <p><b>Felipe Orts y el sue\u00f1o de un podio hist\u00f3rico<\/b><\/p>   <p>Embarcado en la que, sin duda alguna, est\u00e1 siendo la mejor temporada de su carrera deportiva hasta la fecha, Felipe Orts arribar\u00e1 a Benidorm no s\u00f3lo como heptacampe\u00f3n de Espa\u00f1a, sino, sobre todo, como uno de los claros favoritos a conquistar una plaza en el podio del parque de Foietes, un momento que ser\u00eda hist\u00f3rico para el ciclismo espa\u00f1ol y que convertir\u00eda el circuito \u2013y el resto de la ciudad\u2013 en una fiesta sin parang\u00f3n.<\/p>   <p>     .c-w{         max-width:444px;         width:100%;         margin:32px auto;      background:#00755E;         border-radius:4px;         display:flex;         align-items:center;         justify-content:center;     }     .c-w a{         display:flex;         align-items:center;         justify-content:center;         padding:4px 24px;     }     .c-w img{         width:24px;         margin-right:12px;     }     .c-w p{         font:18px\/25px Poppins;         text-align:center;         color:#fff;         margin:0;     }     @media (max-width:444px){         .c-w a{             padding:4px 12px;         }         .c-w img{             width:24px;             margin-right:8px;         }         .c-w p{             font:14px\/25px Poppins;         }     }     @media (max-width:335px){         .c-w p{             font:13px\/25px Poppins;         }     }  <div class=\"c-w\">     <a href=\"https:\/\/www.whatsapp.com\/channel\/0029Va633PF9WtC4l7XUzh1e\" rel=\"nofollow\" target=\"_blank\">         <img decoding=\"async\" src=\"https:\/\/cadenaser.com\/estaticos\/recursosgraficos\/responsive\/img\/ico-whatsapp.svg\" alt=\"Whatsapp\">         <p>\u00danete al <b>canal de WhatsApp<\/b> de la SER<\/p>     <\/a> <\/div><\/p>   <p>El propio corredor de La Vila Joiosa reconoc\u00eda, horas antes de enfrentarse al dif\u00edcil circuito de As Pontes, que tras la exigente gira navide\u00f1a, las dos semanas del Campeonato de Espa\u00f1a y la Copa del Mundo de ciclocross de Benidorm son para \u00e9l las de m\u00e1s tensi\u00f3n de toda la temporada habida cuenta de lo mucho que se espera siempre de \u00e9l.<\/p>   <p>Despu\u00e9s de enfundarse su hist\u00f3rico s\u00e9ptimo maillot rojigualda, Orts insist\u00eda en esa idea al afirmar que \u201cel Campeonato de Espa\u00f1a es una carrera que siempre vivo con mucha presi\u00f3n, pero he podido correr como me gusta\u201d.<\/p>   <p>En una prueba que domin\u00f3 de principio a fin, el ciclista alicantino pudo \u201cponer mi ritmo\u201d y, tal y como subrayaba nada m\u00e1s cruzar la l\u00ednea de meta, \u201cno he fallado y es un orgullo haberme proclamado campe\u00f3n nacional por s\u00e9ptima vez\u201d.<\/p>   <p><b>Sof\u00eda Rodr\u00edguez evita el r\u00e9cord de Luc\u00eda Gonz\u00e1lez<\/b><\/p>   <p>La sorpresa relativa de este Campeonato de Espa\u00f1a fue la protagonizada por Sof\u00eda Rodr\u00edguez, que, con una actuaci\u00f3n soberbia, desbancaba a su compa\u00f1era Luc\u00eda Gonz\u00e1lez como la reina del ciclocross espa\u00f1ol. La asturiana, que hab\u00eda dominado esta prueba en los cinco \u00faltimos a\u00f1os (adem\u00e1s de en 2013), no pudo en As Pontes igualar el r\u00e9cord de siete t\u00edtulos que, por lo tanto, sigue siendo coto exclusivo de la ya retirada Aida Nu\u00f1o.<\/p>   <p>Nada m\u00e1s cruzar la l\u00ednea de meta y antes de centrarse ya en la preparaci\u00f3n de cara a la carrera de la Copa del Mundo de ciclocross de Benidorm, la ciclista de Ontinyent aseguraba estar \u201cs\u00faper contenta\u201d y explicaba que en As Pontes tuvo que hacer frente a \u201cunas condiciones muy dif\u00edciles en el circuito, con mucho barro, y he podido gestionar las fuerzas para llegar con gas al tramo final y ser capaz de hacerme con la victoria\u201d.<\/p>   <p><b>Estrenos en Benidorm<\/b><\/p>   <p>M\u00e1s all\u00e1 de esos flamantes campeones de Espa\u00f1a coronados en As Pontes, la prueba de la Copa del Mundo de ciclocross de Benidorm tambi\u00e9n servir\u00e1 para que el p\u00fablico pueda disfrutar de la primera aparici\u00f3n, como dominadores de sus respectivos pa\u00edses, de ciclistas como Thibau Nys (B\u00e9lgica), Tibor Del Grosso (Pa\u00edses Bajos), Cl\u00e9ment Venturini (Francia), Kevin Kuhn (Suiza) o Gioele Bertolini (Italia) en la categor\u00eda masculina o Marion Norbert Riberolle (B\u00e9lgica), Puck Pieterse (Pa\u00edses Bajos), Amandine Fouquenet (Francia) Carlotta Borelli (Italia) o Marie Schreiber (Luxemburgo), en la femenina.<\/p> ","protected":false},"excerpt":{"rendered":"<p>Sof\u00eda Rodr\u00edguez conquista su primer t\u00edtulo y estrenar\u00e1 su maillot rojigualda en El Moralet y Foietes<\/p>\n","protected":false},"author":0,"featured_media":11896,"comment_status":"open","ping_status":"open","sticky":false,"template":"","format":"standard","meta":{"_acf_changed":false,"footnotes":""},"categories":[16],"tags":[],"class_list":["post-11895","post","type-post","status-publish","format-standard","has-post-thumbnail","hentry","category-deportes"],"acf":{"ser_id":"UADJ73WXO5GUPGG6ILQHPRU4BQ","ser_url":"https:\/\/cadenaser.com\/comunitat-valenciana\/2025\/01\/13\/felipe-orts-estrenara-en-benidorm-su-septimo-titulo-de-campeon-de-espana-radio-benidorm\/"},"_links":{"self":[{"href":"https:\/\/serbenidorm.daliisolutions.com\/index.php\/wp-json\/wp\/v2\/posts\/11895","targetHints":{"allow":["GET"]}}],"collection":[{"href":"https:\/\/serbenidorm.daliisolutions.com\/index.php\/wp-json\/wp\/v2\/posts"}],"about":[{"href":"https:\/\/serbenidorm.daliisolutions.com\/index.php\/wp-json\/wp\/v2\/types\/post"}],"replies":[{"embeddable":true,"href":"https:\/\/serbenidorm.daliisolutions.com\/index.php\/wp-json\/wp\/v2\/comments?post=11895"}],"version-history":[{"count":0,"href":"https:\/\/serbenidorm.daliisolutions.com\/index.php\/wp-json\/wp\/v2\/posts\/11895\/revisions"}],"wp:featuredmedia":[{"embeddable":true,"href":"https:\/\/serbenidorm.daliisolutions.com\/index.php\/wp-json\/wp\/v2\/media\/11896"}],"wp:attachment":[{"href":"https:\/\/serbenidorm.daliisolutions.com\/index.php\/wp-json\/wp\/v2\/media?parent=11895"}],"wp:term":[{"taxonomy":"category","embeddable":true,"href":"https:\/\/serbenidorm.daliisolutions.com\/index.php\/wp-json\/wp\/v2\/categories?post=11895"},{"taxonomy":"post_tag","embeddable":true,"href":"https:\/\/serbenidorm.daliisolutions.com\/index.php\/wp-json\/wp\/v2\/tags?post=11895"}],"curies":[{"name":"wp","href":"https:\/\/api.w.org\/{rel}","templated":true}]}}