{"id":11899,"date":"2025-01-13T14:20:48","date_gmt":"2025-01-13T13:20:48","guid":{"rendered":"https:\/\/serbenidorm.daliisolutions.com\/index.php\/2025\/01\/13\/la-iv-escuela-de-familias-de-la-nucia-contara-con-5-charlas-informativas-gratuitas-para-padres-y-adolescentes\/"},"modified":"2025-01-13T14:20:48","modified_gmt":"2025-01-13T13:20:48","slug":"la-iv-escuela-de-familias-de-la-nucia-contara-con-5-charlas-informativas-gratuitas-para-padres-y-adolescentes","status":"publish","type":"post","link":"https:\/\/serbenidorm.daliisolutions.com\/index.php\/2025\/01\/13\/la-iv-escuela-de-familias-de-la-nucia-contara-con-5-charlas-informativas-gratuitas-para-padres-y-adolescentes\/","title":{"rendered":"La IV Escuela de Familias de La Nuc\u00eda contar\u00e1 con 5 charlas informativas gratuitas para padres y adolescentes"},"content":{"rendered":"  <p><div data-adtype=\"MLDB\"><\/div><\/p>   <p>La Nuc\u00eda<\/p>   <p>La IV \u201cEscuela de Familias\u201d de La Nuc\u00eda comenzar\u00e1 con la charla \u201cAdolescencia y Salud Mental\u201d a cargo del psic\u00f3logo y terapeuta familiar Antonio R\u00edos, el martes 11 de febrero a las 18,30 horas en el Centre Juvenil. <\/p>   <p>Esta cuarta edici\u00f3n contar\u00e1 con cinco charlas formativas, totalmente gratuitas. Las 5 charlas de la IV Escuela de Familias ser\u00e1n realizadas por psic\u00f3logos, t\u00e9cnic@s de unidades de prevenci\u00f3n y psiquiatr\u00eda y se desarrollar\u00e1n en el Centre Juvenil de La Nuc\u00eda, con entrada libre y gratuita, previa inscripci\u00f3n. <\/p>   <p>Esta escuela est\u00e1 dirigida a las familias del alumnado de los colegios e instituto de La Nuc\u00eda, as\u00ed como a familias con hijas e hijos adolescentes de La Nuc\u00eda. Tal y como ha explicado en <a href=\"https:\/\/radiobenidorm.es\" rel=\"nofollow\" target=\"_blank\">Hoy por Hoy Benidorm<\/a> la edil de Juventud, Mar\u00eda Jes\u00fas Jumilal, \u00abel objetivo de este proyecto es dar herramientas y estrategias a las familias nucieras para mejorar la convivencia con sus hijos\u00bb.<\/p>   <p>En esta cuarta edici\u00f3n se abordar\u00e1n temas tan relevantes como la salud mental, cada vez m\u00e1s presente en la sociedad y como afecta a todos, pero haciendo hincapi\u00e9 en la adolescencia y los primeros a\u00f1os de edad adulta, etapas vitales donde se experimentan muchos cambios que se pueden derivar en problemas mentales como la depresi\u00f3n o la ansiedad y pueden llegar a tener consecuencias a todos los niveles.<\/p>   <p>La primera charla ser\u00e1 \u201cAdolescencia y Salud Mental\u201d el martes 11 de febrero, a cargo del psic\u00f3logo Antonio R\u00edos. Las siguientes charlas ser\u00e1n: \u201cGesti\u00f3n Emocional en Familia\u201d (18 de febrero) por la Unidad UPCCA La Nuc\u00eda (Unidad de Prevenci\u00f3n Comunitaria en Conductas Adictivas), \u201cAdicciones: Alcohol y Cannabis\u201d (25 de febrero) por la Unidad UPCCA La Nuc\u00eda, \u201cTrastornos de Conducta Alimenticios\u201d (4 de marzo) por el equipo de psiquiatr\u00eda del Centro de Especialidades La Nuc\u00eda y \u201cEducaci\u00f3n Afectivo Sexual\u201d (12 de marzo) por la psic\u00f3loga y sex\u00f3loga Lara Avargues. Todas las sesiones son gratuitas, pero se recomienda inscribirse previamente en el Centre Juvenil, por tel\u00e9fono 966897070, v\u00eda whatsapp en el 697112643 o por mail en <a href=\"mailto:cj@lanucia.es\" rel=\"nofollow\" target=\"_blank\">cj@lanucia.es<\/a><\/p>   <p>     .c-w{         max-width:444px;         width:100%;         margin:32px auto;      background:#00755E;         border-radius:4px;         display:flex;         align-items:center;         justify-content:center;     }     .c-w a{         display:flex;         align-items:center;         justify-content:center;         padding:4px 24px;     }     .c-w img{         width:24px;         margin-right:12px;     }     .c-w p{         font:18px\/25px Poppins;         text-align:center;         color:#fff;         margin:0;     }     @media (max-width:444px){         .c-w a{             padding:4px 12px;         }         .c-w img{             width:24px;             margin-right:8px;         }         .c-w p{             font:14px\/25px Poppins;         }     }     @media (max-width:335px){         .c-w p{             font:13px\/25px Poppins;         }     }  <div class=\"c-w\">     <a href=\"https:\/\/www.whatsapp.com\/channel\/0029Va633PF9WtC4l7XUzh1e\" rel=\"nofollow\" target=\"_blank\">         <img decoding=\"async\" src=\"https:\/\/cadenaser.com\/estaticos\/recursosgraficos\/responsive\/img\/ico-whatsapp.svg\" alt=\"Whatsapp\">         <p>\u00danete al <b>canal de WhatsApp<\/b> de la SER<\/p>     <\/a> <\/div><\/p> ","protected":false},"excerpt":{"rendered":"<p>Las charlas tendr\u00e1n lugar en el Centro Juvenil y comenzar\u00e1n el 11 de febrero<\/p>\n","protected":false},"author":0,"featured_media":11900,"comment_status":"open","ping_status":"open","sticky":false,"template":"","format":"standard","meta":{"_acf_changed":false,"footnotes":""},"categories":[1],"tags":[],"class_list":["post-11899","post","type-post","status-publish","format-standard","has-post-thumbnail","hentry","category-sin-categoria"],"acf":{"ser_id":"MNWV7NQIV5DSDCGILILDNR35WE","ser_url":"https:\/\/cadenaser.com\/comunitat-valenciana\/2025\/01\/13\/la-iv-escuela-de-familias-de-la-nucia-contara-con-5-charlas-informativas-gratuitas-para-padres-y-adolescentes-radio-benidorm\/"},"_links":{"self":[{"href":"https:\/\/serbenidorm.daliisolutions.com\/index.php\/wp-json\/wp\/v2\/posts\/11899","targetHints":{"allow":["GET"]}}],"collection":[{"href":"https:\/\/serbenidorm.daliisolutions.com\/index.php\/wp-json\/wp\/v2\/posts"}],"about":[{"href":"https:\/\/serbenidorm.daliisolutions.com\/index.php\/wp-json\/wp\/v2\/types\/post"}],"replies":[{"embeddable":true,"href":"https:\/\/serbenidorm.daliisolutions.com\/index.php\/wp-json\/wp\/v2\/comments?post=11899"}],"version-history":[{"count":0,"href":"https:\/\/serbenidorm.daliisolutions.com\/index.php\/wp-json\/wp\/v2\/posts\/11899\/revisions"}],"wp:featuredmedia":[{"embeddable":true,"href":"https:\/\/serbenidorm.daliisolutions.com\/index.php\/wp-json\/wp\/v2\/media\/11900"}],"wp:attachment":[{"href":"https:\/\/serbenidorm.daliisolutions.com\/index.php\/wp-json\/wp\/v2\/media?parent=11899"}],"wp:term":[{"taxonomy":"category","embeddable":true,"href":"https:\/\/serbenidorm.daliisolutions.com\/index.php\/wp-json\/wp\/v2\/categories?post=11899"},{"taxonomy":"post_tag","embeddable":true,"href":"https:\/\/serbenidorm.daliisolutions.com\/index.php\/wp-json\/wp\/v2\/tags?post=11899"}],"curies":[{"name":"wp","href":"https:\/\/api.w.org\/{rel}","templated":true}]}}