{"id":11901,"date":"2025-01-13T14:20:49","date_gmt":"2025-01-13T13:20:49","guid":{"rendered":"https:\/\/serbenidorm.daliisolutions.com\/index.php\/2025\/01\/13\/el-c-f-benidorm-se-lleva-el-derbi-comarcal-y-toma-aire-para-la-segunda-vuelta\/"},"modified":"2025-01-13T14:20:49","modified_gmt":"2025-01-13T13:20:49","slug":"el-c-f-benidorm-se-lleva-el-derbi-comarcal-y-toma-aire-para-la-segunda-vuelta","status":"publish","type":"post","link":"https:\/\/serbenidorm.daliisolutions.com\/index.php\/2025\/01\/13\/el-c-f-benidorm-se-lleva-el-derbi-comarcal-y-toma-aire-para-la-segunda-vuelta\/","title":{"rendered":"El C.F. Benidorm se lleva el derbi comarcal y toma aire para la segunda vuelta"},"content":{"rendered":"  <p><div data-adtype=\"MLDB\"><\/div><\/p>   <p>Benidorm<\/p>   <p>\u201cTenemos que hacer nuestra porter\u00eda m\u00e1s peque\u00f1a\u201d. Esa era la m\u00e1xima que, verbalizada de esa manera la pasada semana en SER Deportivos-Marina Baixa, hab\u00eda tratado de inculcar Javier Vidales, nuevo entrenador del C.F. Benidorm, a sus jugadores antes de sentarse por vez primera en el banquillo del Guillermo Amor con motivo de la visita del C.F. La Nuc\u00eda.<\/p>   <p>Para el t\u00e9cnico local, la primera meta de su etapa pasaba por no encajar goles y lo logr\u00f3. Adem\u00e1s, el penalti transformado por Mi\u00f1ano en el minuto 86 de partido acab\u00f3 d\u00e1ndole tres puntos fundamentales a un equipo que este mi\u00e9rcoles disputar\u00e1, en la cancha del Ontinyent, el partido aplazado correspondiente a la d\u00e9cima jornada de competici\u00f3n en la que ser\u00e1 la primera oportunidad del C.F. Benidorm de salir, al fin, de los puestos de descenso.<\/p>   <p>Lo cierto es que ya desde el inicio de ese derbi comarcal, que pon\u00eda el punto y final a la primera vuelta (con permiso de ese ya comentado partido aplazado), el C.F. Benidorm plante\u00f3 su intenci\u00f3n de mantener el control del bal\u00f3n mientras que el C.F. La Nuc\u00eda, asumiendo quiz\u00e1s su papel como visitante, se replegaba atr\u00e1s para evitar las acometidas de su rival.<\/p>   <p>Como resultado de esas apuestas, el partido no estuvo caracterizado por las grandes ocasiones, sino m\u00e1s bien por los intensos duelos que, en momentos puntuales, s\u00ed generaban momentos de peligro en una y otra porter\u00eda sin que ni locales ni visitantes lograran ver puerta.<\/p>   <p>Fue ya en los cinco minutos finales, despu\u00e9s de que Mi\u00f1ano transformara un penalti por mano de la defensa nuciera, cuando el empuje rojillo, sin nada que perder, se lanz\u00f3 hacia la puerta defendida por un Company que se erigi\u00f3 en el gran h\u00e9roe del encuentro al blocar un testarazo de Loren que parec\u00eda destinado a establecer el empate en el marcador.<\/p>   <p>     .c-w{         max-width:444px;         width:100%;         margin:32px auto;      background:#00755E;         border-radius:4px;         display:flex;         align-items:center;         justify-content:center;     }     .c-w a{         display:flex;         align-items:center;         justify-content:center;         padding:4px 24px;     }     .c-w img{         width:24px;         margin-right:12px;     }     .c-w p{         font:18px\/25px Poppins;         text-align:center;         color:#fff;         margin:0;     }     @media (max-width:444px){         .c-w a{             padding:4px 12px;         }         .c-w img{             width:24px;             margin-right:8px;         }         .c-w p{             font:14px\/25px Poppins;         }     }     @media (max-width:335px){         .c-w p{             font:13px\/25px Poppins;         }     }  <div class=\"c-w\">     <a href=\"https:\/\/www.whatsapp.com\/channel\/0029Va633PF9WtC4l7XUzh1e\" rel=\"nofollow\" target=\"_blank\">         <img decoding=\"async\" src=\"https:\/\/cadenaser.com\/estaticos\/recursosgraficos\/responsive\/img\/ico-whatsapp.svg\" alt=\"Whatsapp\">         <p>\u00danete al <b>canal de WhatsApp<\/b> de la SER<\/p>     <\/a> <\/div><\/p>   <p>No fue la \u00fanica ocasi\u00f3n clara del C.F. La Nuc\u00eda en esos instantes finales de un choque que, a la postre, sirvi\u00f3 a la parroquia local para celebrar la tercera victoria de los suyos y, sobre todo, para vislumbrar ya la opci\u00f3n de arrancar la segunda vuelta fuera de la zona roja de la tabla.<\/p>   <p>El C.F. La Nuc\u00eda, por su parte, se queda ahora en la novena posici\u00f3n a s\u00f3lo cuatro puntos de la zona de ascenso aunque, eso s\u00ed, con un partido m\u00e1s que sus rivales directos que, como el Benidorm, jugar\u00e1n ese choque aplazado este mi\u00e9rcoles.<\/p> ","protected":false},"excerpt":{"rendered":"<p>El equipo de Javier Vidales podr\u00eda salir este mi\u00e9rcoles de la zona de descenso<\/p>\n","protected":false},"author":0,"featured_media":11902,"comment_status":"open","ping_status":"open","sticky":false,"template":"","format":"standard","meta":{"_acf_changed":false,"footnotes":""},"categories":[16],"tags":[],"class_list":["post-11901","post","type-post","status-publish","format-standard","has-post-thumbnail","hentry","category-deportes"],"acf":{"ser_id":"I3LJFAF2B5BXDH5HZ6MUC7TKKM","ser_url":"https:\/\/cadenaser.com\/comunitat-valenciana\/2025\/01\/13\/el-cf-benidorm-se-lleva-el-derbi-comarcal-y-toma-aire-para-la-segunda-vuelta-radio-benidorm\/"},"_links":{"self":[{"href":"https:\/\/serbenidorm.daliisolutions.com\/index.php\/wp-json\/wp\/v2\/posts\/11901","targetHints":{"allow":["GET"]}}],"collection":[{"href":"https:\/\/serbenidorm.daliisolutions.com\/index.php\/wp-json\/wp\/v2\/posts"}],"about":[{"href":"https:\/\/serbenidorm.daliisolutions.com\/index.php\/wp-json\/wp\/v2\/types\/post"}],"replies":[{"embeddable":true,"href":"https:\/\/serbenidorm.daliisolutions.com\/index.php\/wp-json\/wp\/v2\/comments?post=11901"}],"version-history":[{"count":0,"href":"https:\/\/serbenidorm.daliisolutions.com\/index.php\/wp-json\/wp\/v2\/posts\/11901\/revisions"}],"wp:featuredmedia":[{"embeddable":true,"href":"https:\/\/serbenidorm.daliisolutions.com\/index.php\/wp-json\/wp\/v2\/media\/11902"}],"wp:attachment":[{"href":"https:\/\/serbenidorm.daliisolutions.com\/index.php\/wp-json\/wp\/v2\/media?parent=11901"}],"wp:term":[{"taxonomy":"category","embeddable":true,"href":"https:\/\/serbenidorm.daliisolutions.com\/index.php\/wp-json\/wp\/v2\/categories?post=11901"},{"taxonomy":"post_tag","embeddable":true,"href":"https:\/\/serbenidorm.daliisolutions.com\/index.php\/wp-json\/wp\/v2\/tags?post=11901"}],"curies":[{"name":"wp","href":"https:\/\/api.w.org\/{rel}","templated":true}]}}