{"id":11910,"date":"2025-01-13T16:22:24","date_gmt":"2025-01-13T15:22:24","guid":{"rendered":"https:\/\/serbenidorm.daliisolutions.com\/index.php\/2025\/01\/13\/los-pescadores-de-villajoyosa-y-altea-critican-la-insuficiencia-y-la-demora-de-las-ayudas-por-los-paros-biologicos\/"},"modified":"2025-01-13T16:22:24","modified_gmt":"2025-01-13T15:22:24","slug":"los-pescadores-de-villajoyosa-y-altea-critican-la-insuficiencia-y-la-demora-de-las-ayudas-por-los-paros-biologicos","status":"publish","type":"post","link":"https:\/\/serbenidorm.daliisolutions.com\/index.php\/2025\/01\/13\/los-pescadores-de-villajoyosa-y-altea-critican-la-insuficiencia-y-la-demora-de-las-ayudas-por-los-paros-biologicos\/","title":{"rendered":"Los pescadores de Villajoyosa y Altea critican la insuficiencia y la demora de las ayudas por los paros biol\u00f3gicos"},"content":{"rendered":"  <p><div data-adtype=\"MLDB\"><\/div><\/p>   <p>La Vila Joiosa &#8211; Altea<\/p>   <p>Ayudan, pero son insuficientes y llegan tarde. As\u00ed valoran los pescadores de la comarca las subvenciones de la Generalitat Valenciana correspondientes al paro biol\u00f3gico. En el conjunto de la Comunitat son de 5,7 millones de euros y <a href=\"https:\/\/cadenaser.com\/tag\/comarca_la_marina_baixa\/a\/\" target=\"_blank\">en la provincia de Alicante rondan los tres millones<\/a>.<\/p>   <p>El anuncio de esta subvenci\u00f3n correspondiente a los paros del 2023 y que llegar\u00e1 a m\u00e1s de 300 armadores as\u00ed como a tripulantes ha servido al conseller de Agricultura y Pesca, Miguel Barrachina, para comprometerse tambi\u00e9n a destinar otros casi tres millones de euros en \u00abayudas directas e inmediatas\u00bb para financiar el 100 % del cambio de redes impuesto para este a\u00f1o por la Uni\u00f3n Europea.<\/p>   <p>Sin embargo, <a href=\"https:\/\/cadenaser.com\/tag\/altea\/a\/\" target=\"_blank\">el patr\u00f3n mayor de la Cofrad\u00eda de Altea, Antonio Ferrer<\/a>, ha vuelto a expresar su preocupaci\u00f3n por todas las limitaciones y obligaciones que est\u00e1 sufriendo el sector y que en manera alguna, asegura, pueden llegar a cubrir estas iniciativas: \u00abQuieren que estemos m\u00e1s tiempo parados pero seguir pagando lo mismo o menos porque estas ayudas se est\u00e1n calculando en base a lo que se factura y ahora que pescamos menos tiempo facturamos menos. Es simple\u00bb.<\/p>   <p>Por su parte, <a href=\"https:\/\/cadenaser.com\/tag\/vila_joiosa\/a\/\" target=\"_blank\">el patr\u00f3n mayor de La Vila Joiosa, Miguel Felipe Solbes<\/a>, hace hincapi\u00e9 en la demora de estos pagos: \u00abLas ayudas llegan casi dos a\u00f1os y medio despu\u00e9s. La parada de mayo de 2023 se va a pagar en 2025, ya ha salido la resoluci\u00f3n y ahora pasar\u00e1 otro espacio de tiempo hasta que las cobremos\u00bb.<\/p>   <p>Se trata de ayudas cofinanciadas en un 70 % por el FEMPA (Fondo Europeo Mar\u00edtimo de Pesca y Acuicultura) y un 30 % por la administraci\u00f3n general del Estado.<\/p>   <p>     .c-w{         max-width:444px;         width:100%;         margin:32px auto;      background:#00755E;         border-radius:4px;         display:flex;         align-items:center;         justify-content:center;     }     .c-w a{         display:flex;         align-items:center;         justify-content:center;         padding:4px 24px;     }     .c-w img{         width:24px;         margin-right:12px;     }     .c-w p{         font:18px\/25px Poppins;         text-align:center;         color:#fff;         margin:0;     }     @media (max-width:444px){         .c-w a{             padding:4px 12px;         }         .c-w img{             width:24px;             margin-right:8px;         }         .c-w p{             font:14px\/25px Poppins;         }     }     @media (max-width:335px){         .c-w p{             font:13px\/25px Poppins;         }     }  <div class=\"c-w\">     <a href=\"https:\/\/www.whatsapp.com\/channel\/0029Va633PF9WtC4l7XUzh1e\" rel=\"nofollow\" target=\"_blank\">         <img decoding=\"async\" src=\"https:\/\/cadenaser.com\/estaticos\/recursosgraficos\/responsive\/img\/ico-whatsapp.svg\" alt=\"Whatsapp\">         <p>\u00danete al <b>canal de WhatsApp<\/b> de la SER<\/p>     <\/a> <\/div><\/p> ","protected":false},"excerpt":{"rendered":"<p>Subvenciones de la Generalitat Valenciana por los paros biol\u00f3gicos del 2023<\/p>\n","protected":false},"author":0,"featured_media":11911,"comment_status":"open","ping_status":"open","sticky":false,"template":"","format":"standard","meta":{"_acf_changed":false,"footnotes":""},"categories":[1],"tags":[],"class_list":["post-11910","post","type-post","status-publish","format-standard","has-post-thumbnail","hentry","category-sin-categoria"],"acf":{"ser_id":"VYQVPWAWNJDATDFW6KKXUQKXME","ser_url":"https:\/\/cadenaser.com\/comunitat-valenciana\/2025\/01\/13\/los-pescadores-de-villajoyosa-y-altea-critican-la-insuficiencia-y-la-demora-de-las-ayudas-por-los-paros-biologicos-radio-benidorm\/"},"_links":{"self":[{"href":"https:\/\/serbenidorm.daliisolutions.com\/index.php\/wp-json\/wp\/v2\/posts\/11910","targetHints":{"allow":["GET"]}}],"collection":[{"href":"https:\/\/serbenidorm.daliisolutions.com\/index.php\/wp-json\/wp\/v2\/posts"}],"about":[{"href":"https:\/\/serbenidorm.daliisolutions.com\/index.php\/wp-json\/wp\/v2\/types\/post"}],"replies":[{"embeddable":true,"href":"https:\/\/serbenidorm.daliisolutions.com\/index.php\/wp-json\/wp\/v2\/comments?post=11910"}],"version-history":[{"count":0,"href":"https:\/\/serbenidorm.daliisolutions.com\/index.php\/wp-json\/wp\/v2\/posts\/11910\/revisions"}],"wp:featuredmedia":[{"embeddable":true,"href":"https:\/\/serbenidorm.daliisolutions.com\/index.php\/wp-json\/wp\/v2\/media\/11911"}],"wp:attachment":[{"href":"https:\/\/serbenidorm.daliisolutions.com\/index.php\/wp-json\/wp\/v2\/media?parent=11910"}],"wp:term":[{"taxonomy":"category","embeddable":true,"href":"https:\/\/serbenidorm.daliisolutions.com\/index.php\/wp-json\/wp\/v2\/categories?post=11910"},{"taxonomy":"post_tag","embeddable":true,"href":"https:\/\/serbenidorm.daliisolutions.com\/index.php\/wp-json\/wp\/v2\/tags?post=11910"}],"curies":[{"name":"wp","href":"https:\/\/api.w.org\/{rel}","templated":true}]}}