{"id":11912,"date":"2025-01-13T16:22:25","date_gmt":"2025-01-13T15:22:25","guid":{"rendered":"https:\/\/serbenidorm.daliisolutions.com\/index.php\/2025\/01\/13\/el-alfasino-pepe-mendoza-coloca-su-bodega-en-la-guia-de-vinos-mas-prestigiosa-del-mundo\/"},"modified":"2025-01-13T16:22:25","modified_gmt":"2025-01-13T15:22:25","slug":"el-alfasino-pepe-mendoza-coloca-su-bodega-en-la-guia-de-vinos-mas-prestigiosa-del-mundo","status":"publish","type":"post","link":"https:\/\/serbenidorm.daliisolutions.com\/index.php\/2025\/01\/13\/el-alfasino-pepe-mendoza-coloca-su-bodega-en-la-guia-de-vinos-mas-prestigiosa-del-mundo\/","title":{"rendered":"El alfasino Pepe Mendoza coloca su bodega en la gu\u00eda de vinos m\u00e1s prestigiosa del mundo"},"content":{"rendered":"  <p><div data-adtype=\"MLDB\"><\/div><\/p>   <p>L&#8217;Alf\u00e0s del Pi<\/p>   <p>El empresario alfasino <a href=\"https:\/\/cadenaser.com\/comunitat-valenciana\/2024\/12\/04\/maridaje-de-buenos-vinos-de-la-provincia-de-alicante-y-platos-navidenos-con-pepe-mendoza-radio-benidorm\/\" target=\"_blank\">Pepe Mendoza<\/a> ha situado su proyecto Bodega Casa Agr\u00edcola en el Wine Advocate de Robert Parker, la gu\u00eda de vinos m\u00e1s prestigiosa del mundo. <\/p>   <p>En<a href=\"https:\/\/radiobenidorm.es\" rel=\"nofollow\" target=\"_blank\"> Hoy por Hoy Benidorm<\/a>  Mendoza se ha mostrado satisfecho porque, asegura, la inclusi\u00f3n de su bodega en la prestigiosa gu\u00eda de vinos \u00abnos abre muchas puertas para darnos a conocer al mercado internacional y poder comercializar los vinos de esta zona en otros pa\u00edses. <\/p>   <p>El empresario y en\u00f3logo ha avanzado que su intenci\u00f3n es \u00abseguir comprando peque\u00f1as fincas de cultivo de vi\u00f1as para incorporarlas a mi peque\u00f1o proyecto y seguir conservando las variedades aut\u00f3ctonas que tenemos y que nos hacen \u00fanicos como el Gir\u00f3 o el Moscatell de la zona\u00bb. <\/p>   <p><a href=\"https:\/\/cadenaser.com\/comunitat-valenciana\/2024\/11\/02\/pepe-mendoza-en-el-primer-vino-que-probe-habia-cosas-que-tocaban-el-corazon-radio-benidorm\/\" target=\"_blank\">Los vinos de Casa Agr\u00edcola <\/a>destacan como los mejores vinos de la Denominaci\u00f3n de Origen Protegida Alicante, seg\u00fan las \u00faltimas puntuaciones de la  Robert Parker, Wine Advocate.<\/p>   <p> En su reci\u00e9n publicado articulo &#8216;Espa\u00f1a: 2022 y 2023 en Central y Espa\u00f1a Mediterr\u00e1nea, los a\u00f1os solares&#8217;, Luis Guti\u00e9rrez selecciona los vinos de paisaje: La Vi\u00f1a de Madaras 2023 con 92 puntos, Pureza 2023 y Casa Agr\u00edcola Tinto 2022, ambos con 92 puntos y Casa Agr\u00edcola Blanco 2024 con 91 puntos. Y los vinos en curso Fierroca 2021 con 96 puntos, El Veneno 2021 con 95 y el Gir\u00f3 de Abargues 2021 con 95 puntos RP siguen posicionados como los vinos tintos tranquilos en barrica mejor puntuados para Luis Guti\u00e9rrez y Robert Parker. <\/p>   <p>     .c-w{         max-width:444px;         width:100%;         margin:32px auto;      background:#00755E;         border-radius:4px;         display:flex;         align-items:center;         justify-content:center;     }     .c-w a{         display:flex;         align-items:center;         justify-content:center;         padding:4px 24px;     }     .c-w img{         width:24px;         margin-right:12px;     }     .c-w p{         font:18px\/25px Poppins;         text-align:center;         color:#fff;         margin:0;     }     @media (max-width:444px){         .c-w a{             padding:4px 12px;         }         .c-w img{             width:24px;             margin-right:8px;         }         .c-w p{             font:14px\/25px Poppins;         }     }     @media (max-width:335px){         .c-w p{             font:13px\/25px Poppins;         }     }  <div class=\"c-w\">     <a href=\"https:\/\/www.whatsapp.com\/channel\/0029Va633PF9WtC4l7XUzh1e\" rel=\"nofollow\" target=\"_blank\">         <img decoding=\"async\" src=\"https:\/\/cadenaser.com\/estaticos\/recursosgraficos\/responsive\/img\/ico-whatsapp.svg\" alt=\"Whatsapp\">         <p>\u00danete al <b>canal de WhatsApp<\/b> de la SER<\/p>     <\/a> <\/div><\/p>   <p>La bodega alicantina es un modelo de sostenibilidad, premiada y reconocida en varias ocasiones en el 2024, entre ellas la \u201cBodega M\u00e1s Sostenible de Espa\u00f1a\u201d. <\/p> ","protected":false},"excerpt":{"rendered":"<p>\u00abCasa Agricola\u00bb lidera el ranking de la Comunitat Valenciana en la Wine Advocate de Robert Parker<\/p>\n","protected":false},"author":0,"featured_media":11913,"comment_status":"open","ping_status":"open","sticky":false,"template":"","format":"standard","meta":{"_acf_changed":false,"footnotes":""},"categories":[1],"tags":[],"class_list":["post-11912","post","type-post","status-publish","format-standard","has-post-thumbnail","hentry","category-sin-categoria"],"acf":{"ser_id":"4BAT5B5RNFDBZE5U6IYXF4R76I","ser_url":"https:\/\/cadenaser.com\/comunitat-valenciana\/2025\/01\/13\/el-alfasino-pepe-mendoza-coloca-su-bodega-en-la-guia-de-vinos-mas-prestigiosa-del-mundo-radio-benidorm\/"},"_links":{"self":[{"href":"https:\/\/serbenidorm.daliisolutions.com\/index.php\/wp-json\/wp\/v2\/posts\/11912","targetHints":{"allow":["GET"]}}],"collection":[{"href":"https:\/\/serbenidorm.daliisolutions.com\/index.php\/wp-json\/wp\/v2\/posts"}],"about":[{"href":"https:\/\/serbenidorm.daliisolutions.com\/index.php\/wp-json\/wp\/v2\/types\/post"}],"replies":[{"embeddable":true,"href":"https:\/\/serbenidorm.daliisolutions.com\/index.php\/wp-json\/wp\/v2\/comments?post=11912"}],"version-history":[{"count":0,"href":"https:\/\/serbenidorm.daliisolutions.com\/index.php\/wp-json\/wp\/v2\/posts\/11912\/revisions"}],"wp:featuredmedia":[{"embeddable":true,"href":"https:\/\/serbenidorm.daliisolutions.com\/index.php\/wp-json\/wp\/v2\/media\/11913"}],"wp:attachment":[{"href":"https:\/\/serbenidorm.daliisolutions.com\/index.php\/wp-json\/wp\/v2\/media?parent=11912"}],"wp:term":[{"taxonomy":"category","embeddable":true,"href":"https:\/\/serbenidorm.daliisolutions.com\/index.php\/wp-json\/wp\/v2\/categories?post=11912"},{"taxonomy":"post_tag","embeddable":true,"href":"https:\/\/serbenidorm.daliisolutions.com\/index.php\/wp-json\/wp\/v2\/tags?post=11912"}],"curies":[{"name":"wp","href":"https:\/\/api.w.org\/{rel}","templated":true}]}}