{"id":11941,"date":"2025-01-14T14:23:34","date_gmt":"2025-01-14T13:23:34","guid":{"rendered":"https:\/\/serbenidorm.daliisolutions.com\/index.php\/2025\/01\/14\/la-vila-joiosa-celebra-las-fiestas-de-sant-antoni-en-el-barrio-de-la-ermita\/"},"modified":"2025-01-14T14:23:34","modified_gmt":"2025-01-14T13:23:34","slug":"la-vila-joiosa-celebra-las-fiestas-de-sant-antoni-en-el-barrio-de-la-ermita","status":"publish","type":"post","link":"https:\/\/serbenidorm.daliisolutions.com\/index.php\/2025\/01\/14\/la-vila-joiosa-celebra-las-fiestas-de-sant-antoni-en-el-barrio-de-la-ermita\/","title":{"rendered":"La Vila Joiosa celebra las fiestas de Sant Antoni en el barrio de La Ermita"},"content":{"rendered":"  <p><div data-adtype=\"MLDB\"><\/div><\/p>   <p>La Vila Joiosa<\/p>   <p>La Vila Joiosa celebra la festividad de San Antonio Abad con una programaci\u00f3n de actividades formativas y l\u00fadicas entorno a los animales a lo largo de la semana que culminar\u00e1 el fin de semana con los principales actos en el popular barrio de La Ermita. <\/p>   <p>Tal y como ha explicado en <a href=\"https:\/\/radiobenidorm.es\" target=\"_self\" rel=\"nofollow\" title=\"https:\/\/radiobenidorm.es\">Hoy por Hoy Benidorm<\/a> el edil de Bienestar Animal, Carlos Soler, el acto central tendr\u00e1 lugar el domingo, 19 de enero, cuando se celebre el tradicional desfile de \u201cels rotllets de Sant Antoni\u201d. \u00abA las 13.00 horas, decenas de carros y carrozas recorrer\u00e1n las calles del barrio, en los que los vecinos, ataviados con el \u201cbrus\u00f3 llaurador\u201d, repartir\u00e1n m\u00e1s de 16.000 t\u00edpicos \u201crotllets\u201d al p\u00fablico\u00bb. <\/p>   <p>Los interesados en participar en el desfile pueden inscribirse hasta el s\u00e1bado en la Tendeta de Bartolo, en el barrio de la Ermita. <\/p>   <p>La jornada del domingo empezar\u00e1 a las 9.00 horas con una \u201cdespert\u00e0\u201d a cargo de la Colla Els Valerios y una partida de pelota valenciana a las 10.00 horas. A las 11.00 horas, se oficiar\u00e1 una misa en la parroquia de San Antonio Abad en honor a su santo y a las 12.00 horas tendr\u00e1 lugar una solemne procesi\u00f3n en la que la imagen de San Antonio Abad recorrer\u00e1 las calles del barrio de la Ermita acompa\u00f1ado por vecinos, miembros de la Corporaci\u00f3n municipal y la banda de m\u00fasica de la Societat Ateneu Musical. <\/p>   <p>El s\u00e1bado, 18 de enero, tambi\u00e9n arrancar\u00e1 con una popular \u201cdespert\u00e0\u201d a cargo de la Colla Els Valerios y se organizar\u00e1 la primera feria de bienestar animal en la que colaboran el Club de Caza y Tiro La Vila, la protectora de animales y plantas de Alicante y varias asociaciones de bienestar animal de la comarca. <\/p>   <p>     .c-w{         max-width:444px;         width:100%;         margin:32px auto;      background:#00755E;         border-radius:4px;         display:flex;         align-items:center;         justify-content:center;     }     .c-w a{         display:flex;         align-items:center;         justify-content:center;         padding:4px 24px;     }     .c-w img{         width:24px;         margin-right:12px;     }     .c-w p{         font:18px\/25px Poppins;         text-align:center;         color:#fff;         margin:0;     }     @media (max-width:444px){         .c-w a{             padding:4px 12px;         }         .c-w img{             width:24px;             margin-right:8px;         }         .c-w p{             font:14px\/25px Poppins;         }     }     @media (max-width:335px){         .c-w p{             font:13px\/25px Poppins;         }     }  <div class=\"c-w\">     <a href=\"https:\/\/www.whatsapp.com\/channel\/0029Va633PF9WtC4l7XUzh1e\" rel=\"nofollow\" target=\"_blank\">         <img decoding=\"async\" src=\"https:\/\/cadenaser.com\/estaticos\/recursosgraficos\/responsive\/img\/ico-whatsapp.svg\" alt=\"Whatsapp\">         <p>\u00danete al <b>canal de WhatsApp<\/b> de la SER<\/p>     <\/a> <\/div><\/p>   <p>Adem\u00e1s, a las 10.00 horas se mostrar\u00e1 una exhibici\u00f3n canina de la Polic\u00eda Local y hasta las 16.00 horas miembros del Club de Caza y Tiro La Vila impartir\u00e1n talleres con pintura y barro, as\u00ed como tiro con arco y las asociaciones de bienestar animal dispondr\u00e1n de puntos informativos. A las 11.00 horas se ofrecer\u00e1 un taller de primeros auxilios, en el que los asistentes podr\u00e1n participar con sus mascotas, impartido por el veterinario de la protectora de animales y plantas de Alicante, y a las 12.00 horas, el Club de Caza y Tiro La Vila mostrar\u00e1 una exhibici\u00f3n de aves rapaces y de perros de caza. Los grupos de danzas locales Almadrava y Centener actuar\u00e1n a las 13.00 horas en la plaza del barrio junto con la Colla Els Valerios.<\/p>   <p>El ambiente festivo estar\u00e1 asegurado a lo largo del d\u00eda con servicio de barras y atracciones infantiles y amenizado, desde las 14.00 y hasta las 18.00 horas, con la actuaci\u00f3n de una banda de m\u00fasica y de las 18.00 horas a las 22.00 horas con los djs Medina y Eugeniet. A las 16.00 horas, el sacerdote de la parroquia de San Antonio Abad bendecir\u00e1 a todos los animales presentes y a las 16.30 horas se ofrecer\u00e1 una merienda con bu\u00f1uelos de calabaza, elaborados por los miembros de las barracas festeras, y chocolate. <\/p>   <p>Adem\u00e1s, la concejal\u00eda de Bienestar Animal ha organizado dos sesiones informativas en Vilamuseu. El mi\u00e9rcoles, 15 de enero, se impartir\u00e1 un taller para aprender t\u00e9cnicas para cuidar y educar a las mascotas por parte de la psic\u00f3loga y educadora canina Ana Such y el viernes, 17 de enero, se ofrecer\u00e1 una sesi\u00f3n formativa sobre bienestar animal. <\/p> ","protected":false},"excerpt":{"rendered":"<p>El acto central tendr\u00e1 lugar el domingo 19 con el desfile de \u2018Els rotllets de Sant Antoni\u2019<\/p>\n","protected":false},"author":0,"featured_media":11942,"comment_status":"open","ping_status":"open","sticky":false,"template":"","format":"standard","meta":{"_acf_changed":false,"footnotes":""},"categories":[1],"tags":[],"class_list":["post-11941","post","type-post","status-publish","format-standard","has-post-thumbnail","hentry","category-sin-categoria"],"acf":{"ser_id":"WIODHBNFMJDILD72V6VK7SVX7A","ser_url":"https:\/\/cadenaser.com\/comunitat-valenciana\/2025\/01\/14\/la-vila-joiosa-celebra-las-fiestas-de-sant-antoni-en-el-barrio-de-la-ermita-radio-benidorm\/"},"_links":{"self":[{"href":"https:\/\/serbenidorm.daliisolutions.com\/index.php\/wp-json\/wp\/v2\/posts\/11941","targetHints":{"allow":["GET"]}}],"collection":[{"href":"https:\/\/serbenidorm.daliisolutions.com\/index.php\/wp-json\/wp\/v2\/posts"}],"about":[{"href":"https:\/\/serbenidorm.daliisolutions.com\/index.php\/wp-json\/wp\/v2\/types\/post"}],"replies":[{"embeddable":true,"href":"https:\/\/serbenidorm.daliisolutions.com\/index.php\/wp-json\/wp\/v2\/comments?post=11941"}],"version-history":[{"count":0,"href":"https:\/\/serbenidorm.daliisolutions.com\/index.php\/wp-json\/wp\/v2\/posts\/11941\/revisions"}],"wp:featuredmedia":[{"embeddable":true,"href":"https:\/\/serbenidorm.daliisolutions.com\/index.php\/wp-json\/wp\/v2\/media\/11942"}],"wp:attachment":[{"href":"https:\/\/serbenidorm.daliisolutions.com\/index.php\/wp-json\/wp\/v2\/media?parent=11941"}],"wp:term":[{"taxonomy":"category","embeddable":true,"href":"https:\/\/serbenidorm.daliisolutions.com\/index.php\/wp-json\/wp\/v2\/categories?post=11941"},{"taxonomy":"post_tag","embeddable":true,"href":"https:\/\/serbenidorm.daliisolutions.com\/index.php\/wp-json\/wp\/v2\/tags?post=11941"}],"curies":[{"name":"wp","href":"https:\/\/api.w.org\/{rel}","templated":true}]}}