{"id":11943,"date":"2025-01-14T14:23:35","date_gmt":"2025-01-14T13:23:35","guid":{"rendered":"https:\/\/serbenidorm.daliisolutions.com\/index.php\/2025\/01\/14\/asi-son-las-nuevas-tasas-de-la-basura-en-confrides\/"},"modified":"2025-01-14T14:23:35","modified_gmt":"2025-01-14T13:23:35","slug":"asi-son-las-nuevas-tasas-de-la-basura-en-confrides","status":"publish","type":"post","link":"https:\/\/serbenidorm.daliisolutions.com\/index.php\/2025\/01\/14\/asi-son-las-nuevas-tasas-de-la-basura-en-confrides\/","title":{"rendered":"As\u00ed son las nuevas tasas de la basura en Confrides"},"content":{"rendered":"  <p><div data-adtype=\"MLDB\"><\/div><\/p>   <p>Confrides<\/p>   <p>El Bolet\u00edn Oficial de la Provincia (BOP) ha publicado este martes la aprobaci\u00f3n de manera definitiva la modificaci\u00f3n de la ordenanza fiscal de la tasa del servicio de recogida, tratamiento y eliminaci\u00f3n de residuos s\u00f3lidos de Confrides.<\/p>   <p>De este modo la tarifa anual de las casas del pueblo ser\u00e1 de 95 euros y las del diseminado de 75. <a href=\"https:\/\/cadenaser.com\/tag\/confrides\/a\/\" target=\"_self\" rel=\"nofollow\" title=\"https:\/\/cadenaser.com\/tag\/confrides\/a\/\">Si son viviendas tur\u00edsticas y en funci\u00f3n de su capacidad el recibo ir\u00e1 de los 400 a los 600 euros<\/a>.<\/p>   <p>Los locales comerciales, en funci\u00f3n de su tama\u00f1o, pagar\u00e1n entre 170 y 490 euros, bares y restaurantes 300 al igual que los hoteles con un suplemento de 25 por habitaci\u00f3n.<\/p>   <p>Las actividades no especificadas en las tarifas, se clasificar\u00e1n provisionalmente en el apartado que por su naturaleza se asemejen y tributar\u00e1n por la cuota correspondiente. La ordenanza comienza a aplicarse este a\u00f1o<\/p> ","protected":false},"excerpt":{"rendered":"<p>Las viviendas tur\u00edsticas pagar\u00e1n m\u00e1s<\/p>\n","protected":false},"author":0,"featured_media":11944,"comment_status":"open","ping_status":"open","sticky":false,"template":"","format":"standard","meta":{"_acf_changed":false,"footnotes":""},"categories":[1],"tags":[],"class_list":["post-11943","post","type-post","status-publish","format-standard","has-post-thumbnail","hentry","category-sin-categoria"],"acf":{"ser_id":"U7EFAV3HDJGHDBOWNRE5UD4RV4","ser_url":"https:\/\/cadenaser.com\/comunitat-valenciana\/2025\/01\/14\/asi-son-las-nuevas-tasas-de-la-basura-en-confrides-radio-benidorm\/"},"_links":{"self":[{"href":"https:\/\/serbenidorm.daliisolutions.com\/index.php\/wp-json\/wp\/v2\/posts\/11943","targetHints":{"allow":["GET"]}}],"collection":[{"href":"https:\/\/serbenidorm.daliisolutions.com\/index.php\/wp-json\/wp\/v2\/posts"}],"about":[{"href":"https:\/\/serbenidorm.daliisolutions.com\/index.php\/wp-json\/wp\/v2\/types\/post"}],"replies":[{"embeddable":true,"href":"https:\/\/serbenidorm.daliisolutions.com\/index.php\/wp-json\/wp\/v2\/comments?post=11943"}],"version-history":[{"count":0,"href":"https:\/\/serbenidorm.daliisolutions.com\/index.php\/wp-json\/wp\/v2\/posts\/11943\/revisions"}],"wp:featuredmedia":[{"embeddable":true,"href":"https:\/\/serbenidorm.daliisolutions.com\/index.php\/wp-json\/wp\/v2\/media\/11944"}],"wp:attachment":[{"href":"https:\/\/serbenidorm.daliisolutions.com\/index.php\/wp-json\/wp\/v2\/media?parent=11943"}],"wp:term":[{"taxonomy":"category","embeddable":true,"href":"https:\/\/serbenidorm.daliisolutions.com\/index.php\/wp-json\/wp\/v2\/categories?post=11943"},{"taxonomy":"post_tag","embeddable":true,"href":"https:\/\/serbenidorm.daliisolutions.com\/index.php\/wp-json\/wp\/v2\/tags?post=11943"}],"curies":[{"name":"wp","href":"https:\/\/api.w.org\/{rel}","templated":true}]}}