{"id":11945,"date":"2025-01-14T14:23:36","date_gmt":"2025-01-14T13:23:36","guid":{"rendered":"https:\/\/serbenidorm.daliisolutions.com\/index.php\/2025\/01\/14\/benidorm-aspira-a-ser-sede-del-mundial-de-ciclocross-en-2029\/"},"modified":"2025-01-14T14:23:36","modified_gmt":"2025-01-14T13:23:36","slug":"benidorm-aspira-a-ser-sede-del-mundial-de-ciclocross-en-2029","status":"publish","type":"post","link":"https:\/\/serbenidorm.daliisolutions.com\/index.php\/2025\/01\/14\/benidorm-aspira-a-ser-sede-del-mundial-de-ciclocross-en-2029\/","title":{"rendered":"Benidorm aspira a ser sede del Mundial de ciclocross en 2029"},"content":{"rendered":"  <p><div data-adtype=\"MLDB\"><\/div><\/p>   <p>Benidorm<\/p>   <p>La prueba de la Copa del Mundo de cilocross de Benidorm fue una de esas apuestas que, un destino como la capital tur\u00edstica de la Costa Blanca, realiz\u00f3 tratando de despertar la atenci\u00f3n de potenciales visitantes que, como explica la directora de la Fundaci\u00f3n Visit Benidorm, Leire Bilbao, vieran en ese evento la forma de \u201cconocernos si no lo hac\u00edan previamente\u201d. Una meta que, dado el \u00e9xito que ha cosechado en sus tres primeras ediciones (superando los 15.000 espectadores en cada una de ellas\u201d, se ha conseguido. De hecho, Bilbao subraya que el evento \u201ces perfecto para que los aficionados nos descubran y vuelvan a venir\u201d.<\/p>   <p>Un t\u00e1ndem, el de la especialidad invernal del ciclismo y el de Benidorm, rey indiscutible del \u2018sol y playa\u2019 en todo el litoral Mediterr\u00e1neo, que pod\u00eda parecer incompatible a primera vista; pero que se ha destapado como una de las uniones m\u00e1s potentes del circuito m\u00e1s elitista del ciclocross mundial, tal y como han reconocido ya en m\u00e1s de una ocasi\u00f3n la Uni\u00f3n Ciclista Internacional (UCI) y Flanders Classics, la empresa que se encarga, en nombre de la UCI, de la explotaci\u00f3n y organizaci\u00f3n de la Copa del Mundo.<\/p>   <p>La prueba que este 2025 visitar\u00e1 los parques de El Moralet y Foietes el pr\u00f3ximo 19 de enero (junto al BenidormCX, de categor\u00eda nacional, la v\u00edspera) es ahora el mascar\u00f3n de proa de los esfuerzos promocionales de la capital tur\u00edstica de la Costa Blanca no s\u00f3lo en el \u00e1mbito deportivo sino tambi\u00e9n, como gusta decir al alcalde benidormense, Toni P\u00e9rez, de la temporada \u2018maja\u2019, esa que permite alcanzar la plena desestacionalizaci\u00f3n y, de esa manera, mantener puestos de trabajo y generaci\u00f3n de riqueza.<\/p>   <p>En ese mismo sentido, Leire Bilbao insiste en que \u201cel turismo deportivo, ya sea para practicar cualquier disciplina o disfrutar viendo, como en este caso, grandes eventos internacionales; est\u00e1 transformado la temporada media o \u2018maja\u2019 posicion\u00e1ndose junto a los congresos e incentivos como claves para la diversificaci\u00f3n del sol y playa\u201d.<\/p>   <p>Pero si la Copa del Mundo de ciclocross ha servido para que Benidorm se promocione y posicione en ese mercado espec\u00edfico, tambi\u00e9n ha supuesto un enorme revulsivo a la propia disciplina, consiguiendo darle una proyecci\u00f3n que no alcanzan a so\u00f1ar las pruebas de B\u00e9lgica y Pa\u00edses Bajos (donde las audiencias televisivas de las distintas pruebas alcanzan con frecuencia el 80% de cuota de pantalla) ni tampoco otras apuestas internacionales como Irlanda, Italia, Francia y, en el pasado, Dinamarca, Suiza o, incluso, Estados Unidos.<\/p>   <p>     .c-w{         max-width:444px;         width:100%;         margin:32px auto;      background:#00755E;         border-radius:4px;         display:flex;         align-items:center;         justify-content:center;     }     .c-w a{         display:flex;         align-items:center;         justify-content:center;         padding:4px 24px;     }     .c-w img{         width:24px;         margin-right:12px;     }     .c-w p{         font:18px\/25px Poppins;         text-align:center;         color:#fff;         margin:0;     }     @media (max-width:444px){         .c-w a{             padding:4px 12px;         }         .c-w img{             width:24px;             margin-right:8px;         }         .c-w p{             font:14px\/25px Poppins;         }     }     @media (max-width:335px){         .c-w p{             font:13px\/25px Poppins;         }     }  <div class=\"c-w\">     <a href=\"https:\/\/www.whatsapp.com\/channel\/0029Va633PF9WtC4l7XUzh1e\" rel=\"nofollow\" target=\"_blank\">         <img decoding=\"async\" src=\"https:\/\/cadenaser.com\/estaticos\/recursosgraficos\/responsive\/img\/ico-whatsapp.svg\" alt=\"Whatsapp\">         <p>\u00danete al <b>canal de WhatsApp<\/b> de la SER<\/p>     <\/a> <\/div><\/p>   <p>De hecho, tanto es as\u00ed que la propia UCI y, junto a ella, Flanders Classics ya han mostrado su propio inter\u00e9s en que Benidorm y, en concreto, el circuito de El Moralet y Foietes sea sede de un pr\u00f3ximo campeonato del mundo de la especialidad. Designadas ya las sedes de 2025 en L\u00e9vin (Francia), 2026 en Hulst (Pa\u00edses Bajos), 2027 en Ostende (B\u00e9lgica) y 2028 en Hoogerheide (Pa\u00edses Bajos); el nombre de Benidorm lleva meses sonando con fuerza en los mentideros ciclistas para albergar la cita de 2029.<\/p>   <p>Esto har\u00eda que la capital tur\u00edstica de la Costa Blanca albergara una nueva lucha por los maillots arco\u00edris despu\u00e9s de aquel recordado Campeonato del Mundo de ruta que se celebr\u00f3 en 1992 con victoria de Gianni Bugno y en el que Miguel Indur\u00e1in, gran favorito ese d\u00eda, termin\u00f3 sexto.<\/p>   <p>El propio organizador de la prueba, el valenciano Pascual Momparler, reconoci\u00f3 durante la presentaci\u00f3n del evento ese inter\u00e9s por parte del m\u00e1ximo organismo internacional del ciclismo por convertir a Benidorm en sede mundialista.<\/p>   <p>De hecho, la UCI ya ha pedido un informe para evaluar la idoneidad de la ciudad para albergar ese gran evento, algo que, habida cuenta de la infraestructura alojativa de Benidorm, su proximidad con un aeropuerto internacional como Alicante y, sobre todo, la fortaleza organizativa mostrada con la Copa del Mundo, est\u00e1 fuera de toda duda.<\/p>   <p>De hecho, en declaraciones al diario AS, Momparler ha asegurado que \u201cla DANA fren\u00f3 algunos avances que ten\u00edamos en las propuestas\u201d, pero mantiene que \u201cla UCI tiene buena imagen de nosotros y quiere que el Campeonato del Mundo sea por la zona\u201d. Por el momento, el m\u00e1ximo responsable del gran evento benidormense no quiere lanzar las campanas al vuelo, pero reconoce que \u201ctenemos grandes esperanzas\u201d.<\/p> ","protected":false},"excerpt":{"rendered":"<p>El enorme \u00e9xito cosechado por la Copa del Mundo desde su desembarco en El Moralet y Foietes sit\u00faa a la ciudad como posible sede mundialista<\/p>\n","protected":false},"author":0,"featured_media":11946,"comment_status":"open","ping_status":"open","sticky":false,"template":"","format":"standard","meta":{"_acf_changed":false,"footnotes":""},"categories":[16],"tags":[],"class_list":["post-11945","post","type-post","status-publish","format-standard","has-post-thumbnail","hentry","category-deportes"],"acf":{"ser_id":"EAGGDP4OLFGKHCWKLA7DH4KEO4","ser_url":"https:\/\/cadenaser.com\/comunitat-valenciana\/2025\/01\/14\/benidorm-aspira-a-ser-sede-del-mundial-de-ciclocross-en-2029-radio-benidorm\/"},"_links":{"self":[{"href":"https:\/\/serbenidorm.daliisolutions.com\/index.php\/wp-json\/wp\/v2\/posts\/11945","targetHints":{"allow":["GET"]}}],"collection":[{"href":"https:\/\/serbenidorm.daliisolutions.com\/index.php\/wp-json\/wp\/v2\/posts"}],"about":[{"href":"https:\/\/serbenidorm.daliisolutions.com\/index.php\/wp-json\/wp\/v2\/types\/post"}],"replies":[{"embeddable":true,"href":"https:\/\/serbenidorm.daliisolutions.com\/index.php\/wp-json\/wp\/v2\/comments?post=11945"}],"version-history":[{"count":0,"href":"https:\/\/serbenidorm.daliisolutions.com\/index.php\/wp-json\/wp\/v2\/posts\/11945\/revisions"}],"wp:featuredmedia":[{"embeddable":true,"href":"https:\/\/serbenidorm.daliisolutions.com\/index.php\/wp-json\/wp\/v2\/media\/11946"}],"wp:attachment":[{"href":"https:\/\/serbenidorm.daliisolutions.com\/index.php\/wp-json\/wp\/v2\/media?parent=11945"}],"wp:term":[{"taxonomy":"category","embeddable":true,"href":"https:\/\/serbenidorm.daliisolutions.com\/index.php\/wp-json\/wp\/v2\/categories?post=11945"},{"taxonomy":"post_tag","embeddable":true,"href":"https:\/\/serbenidorm.daliisolutions.com\/index.php\/wp-json\/wp\/v2\/tags?post=11945"}],"curies":[{"name":"wp","href":"https:\/\/api.w.org\/{rel}","templated":true}]}}