{"id":11970,"date":"2025-01-15T07:47:23","date_gmt":"2025-01-15T06:47:23","guid":{"rendered":"https:\/\/serbenidorm.daliisolutions.com\/index.php\/2025\/01\/15\/mari-angeles-vergara-presenta-en-benidorm-ella-me-quiso-a-mi\/"},"modified":"2025-01-15T07:47:23","modified_gmt":"2025-01-15T06:47:23","slug":"mari-angeles-vergara-presenta-en-benidorm-ella-me-quiso-a-mi","status":"publish","type":"post","link":"https:\/\/serbenidorm.daliisolutions.com\/index.php\/2025\/01\/15\/mari-angeles-vergara-presenta-en-benidorm-ella-me-quiso-a-mi\/","title":{"rendered":"Mari \u00c1ngeles Vergara presenta en Benidorm \u00abElla me quiso a m\u00ed\u00bb"},"content":{"rendered":"  <p><div data-adtype=\"MLDB\"><\/div><\/p>   <p>Benidorm<\/p>   <p>La fuerza para ser una mujer libre es el motor que Mari \u00c1ngeles Vergara quiso activar a la hora de escribir \u00abElla me quiso a m\u00ed\u00bb, su nueva novela compuesta por trece relatos en los que la protagonista, Maricruz, navega por distintas relaciones que se convertir\u00e1n en lecciones en un sentido u otro.<\/p>   <p>La novela quiere ser, como ha explicado su autora en <a href=\"https:\/\/cadenaser.com\/tag\/comarca_la_marina_baixa\/a\/\" target=\"_blank\">La Ventana de la Marina Baixa<\/a>, un homenaje a las mujeres de anta\u00f1o: \u00abunas mujeres inteligentes, educadas, preparadas para casi todo, pero que se ten\u00edan que amoldar a todo, en una situaci\u00f3n pasiva en la que no ten\u00edan escenario\u00bb.<\/p>  <p><p>M\u00e1s informaci\u00f3n<\/p><figure><img loading=\"lazy\" decoding=\"async\" src=\"https:\/\/cadenaser.com\/resizer\/v2\/6HGDTF4OANAXNI2HKLEBASPROU.jpeg?auth=f93f54199b8ab6657a246876c381de2d5d97761cf07ad428353d996c66189396&amp;quality=70&amp;width=360&amp;height=202&amp;smart=true\" width=\"820\" height=\"621\" \/><\/figure><ul><li><a href=\"https:\/\/cadenaser.com\/comunitat-valenciana\/2024\/11\/08\/asi-se-prepara-el-hallazgo-de-benidorm-una-tradicion-que-aspira-al-interes-turistico-nacional-radio-benidorm\/\"><span>As\u00ed se prepara el Hallazgo de Benidorm, una tradici\u00f3n que aspira al Inter\u00e9s Tur\u00edstico Nacional<\/span><\/a><\/li><\/ul><\/p>   <p>La protagonista de \u00abElla me quiso a m\u00ed\u00bb ha pasado su vida entre vi\u00f1edos pero la autora, nacida en un pueblo de Ciudad Real y vecina de Benidorm desde 1971, insiste: \u00abHablo sobre lo que he conocido o me han contado, pero no sobre m\u00ed\u00bb.<\/p>   <p>Sin h\u00e1bito concreto para ejercer la escritura, Vergara es autora del poemario \u00abEl d\u00eda que la aceituna no quiso ser aceite\u00bb y ya hab\u00eda colaborado antes con varios relatos en \u00abOcho voces\u00bb y \u00abBenidorm cuenta\u00bb. De esta \u00faltima novela adelanta que \u00abquiz\u00e1s tenga segunda parte\u00bb.<\/p>   <p>Con las ilustraciones de su hija Marina Sanch\u00eds y pr\u00f3logo de C\u00e9sar Evangelio, <a href=\"https:\/\/cadenaser.com\/tag\/benidorm\/a\/\" target=\"_blank\">\u00abElla me quiso a mi\u00bb (Vicente J. Sanju\u00e1n Ediciones) se presenta este mi\u00e9rcoles a las 19 horas en el Aula de Cultura de la Fundaci\u00f3n Frax<\/a>, en la Alameda del alcalde Pedro Zaragoza de la capital tur\u00edstica.<\/p>   <p>     .c-w{         max-width:444px;         width:100%;         margin:32px auto;      background:#00755E;         border-radius:4px;         display:flex;         align-items:center;         justify-content:center;     }     .c-w a{         display:flex;         align-items:center;         justify-content:center;         padding:4px 24px;     }     .c-w img{         width:24px;         margin-right:12px;     }     .c-w p{         font:18px\/25px Poppins;         text-align:center;         color:#fff;         margin:0;     }     @media (max-width:444px){         .c-w a{             padding:4px 12px;         }         .c-w img{             width:24px;             margin-right:8px;         }         .c-w p{             font:14px\/25px Poppins;         }     }     @media (max-width:335px){         .c-w p{             font:13px\/25px Poppins;         }     }  <div class=\"c-w\">     <a href=\"https:\/\/www.whatsapp.com\/channel\/0029Va633PF9WtC4l7XUzh1e\" rel=\"nofollow\" target=\"_blank\">         <img decoding=\"async\" src=\"https:\/\/cadenaser.com\/estaticos\/recursosgraficos\/responsive\/img\/ico-whatsapp.svg\" alt=\"Whatsapp\">         <p>\u00danete al <b>canal de WhatsApp<\/b> de la SER<\/p>     <\/a> <\/div><\/p> ","protected":false},"excerpt":{"rendered":"<p>Una novela \u00edntima y emocional sobre las mujeres de anta\u00f1o<\/p>\n","protected":false},"author":0,"featured_media":11971,"comment_status":"open","ping_status":"open","sticky":false,"template":"","format":"standard","meta":{"_acf_changed":false,"footnotes":""},"categories":[1],"tags":[],"class_list":["post-11970","post","type-post","status-publish","format-standard","has-post-thumbnail","hentry","category-sin-categoria"],"acf":{"ser_id":"CXB7GMIDFJHT5KBGVOMWW2GNQY","ser_url":"https:\/\/cadenaser.com\/comunitat-valenciana\/2025\/01\/14\/mari-angeles-vergara-presenta-en-benidorm-ella-me-quiso-a-mi-radio-benidorm\/"},"_links":{"self":[{"href":"https:\/\/serbenidorm.daliisolutions.com\/index.php\/wp-json\/wp\/v2\/posts\/11970","targetHints":{"allow":["GET"]}}],"collection":[{"href":"https:\/\/serbenidorm.daliisolutions.com\/index.php\/wp-json\/wp\/v2\/posts"}],"about":[{"href":"https:\/\/serbenidorm.daliisolutions.com\/index.php\/wp-json\/wp\/v2\/types\/post"}],"replies":[{"embeddable":true,"href":"https:\/\/serbenidorm.daliisolutions.com\/index.php\/wp-json\/wp\/v2\/comments?post=11970"}],"version-history":[{"count":0,"href":"https:\/\/serbenidorm.daliisolutions.com\/index.php\/wp-json\/wp\/v2\/posts\/11970\/revisions"}],"wp:featuredmedia":[{"embeddable":true,"href":"https:\/\/serbenidorm.daliisolutions.com\/index.php\/wp-json\/wp\/v2\/media\/11971"}],"wp:attachment":[{"href":"https:\/\/serbenidorm.daliisolutions.com\/index.php\/wp-json\/wp\/v2\/media?parent=11970"}],"wp:term":[{"taxonomy":"category","embeddable":true,"href":"https:\/\/serbenidorm.daliisolutions.com\/index.php\/wp-json\/wp\/v2\/categories?post=11970"},{"taxonomy":"post_tag","embeddable":true,"href":"https:\/\/serbenidorm.daliisolutions.com\/index.php\/wp-json\/wp\/v2\/tags?post=11970"}],"curies":[{"name":"wp","href":"https:\/\/api.w.org\/{rel}","templated":true}]}}