{"id":1198,"date":"2024-01-08T16:25:27","date_gmt":"2024-01-08T15:25:27","guid":{"rendered":"https:\/\/serbenidorm.daliisolutions.com\/index.php\/2024\/01\/08\/luz-verde-al-gran-delfin-de-benidorm-el-ultimo-solar-edificable-en-primera-linea-de-playa\/"},"modified":"2024-01-08T16:27:31","modified_gmt":"2024-01-08T15:27:31","slug":"luz-verde-al-gran-delfin-de-benidorm-el-ultimo-solar-edificable-en-primera-linea-de-playa","status":"publish","type":"post","link":"https:\/\/serbenidorm.daliisolutions.com\/index.php\/2024\/01\/08\/luz-verde-al-gran-delfin-de-benidorm-el-ultimo-solar-edificable-en-primera-linea-de-playa\/","title":{"rendered":"Luz verde al &#8216;Gran Delf\u00edn&#8217; de Benidorm, el \u00faltimo solar edificable en primera l\u00ednea de playa"},"content":{"rendered":"\n<p>Benidorm<\/p>\n\n\n\n<p>El Ayuntamiento de Benidorm ha concedido licencia de obra a la mercantil Goya Real Estate para construir su &#8216;Gran Delf\u00edn&#8217;, <a href=\"https:\/\/cadenaser.com\/tag\/benidorm\/a\/\" target=\"_blank\" rel=\"noopener\">un edificio de 158 metros de altura y 44 plantas que vendr\u00e1 a ocupar el lugar del m\u00edtico Gran Hotel Delf\u00edn<\/a>, que fue el primer gran hotel de lujo de la ciudad y se inaugur\u00f3 en 1963.<\/p>\n\n\n\n<p>La torre Gran Delf\u00edn se alzar\u00e1 en la playa de Poniente en el \u00faltimo solar edificable de Benidorm en primera l\u00ednea de playa. Tal y como asegura la empresa en un comunicado, el edificio combinar\u00e1 \u201ccombina la mejor parte de lo residencial y lo vacacional\u201d.<\/p>\n\n\n<p>M\u00e1s informaci\u00f3n<\/p>\n<figure><img loading=\"lazy\" decoding=\"async\" src=\"https:\/\/cadenaser.com\/resizer\/mH2L7tyKzVh0rd83-w1m3ZuhtGM=\/650x366\/filters:quality(70)\/cloudfront-eu-central-1.images.arcpublishing.com\/prisaradio\/ONDA3PWIG5EGBBBYLIM72AT5XY.jpg\" width=\"828\" height=\"621\" \/><\/figure>\n<ul>\n<li><a href=\"https:\/\/cadenaser.com\/comunitat-valenciana\/2024\/01\/08\/oleada-de-robos-en-benidorm-detenidos-dos-jovenes-sospechosos-de-medio-centenar-de-hurtos-en-el-rincon-de-loix-radio-benidorm\/\">Oleada de robos en Benidorm: detenidos dos j\u00f3venes sospechosos de medio centenar de hurtos en el Rinc\u00f3n de Loix<\/a><\/li>\n<\/ul>\n\n\n<p>El rascacielos tendr\u00e1 un dise\u00f1o que recuerda a la forma de dos velas unidas por un m\u00e1stil y una innovadora estructura integrada en el entorno con dunas mediterr\u00e1neas rodeando el inmueble y \u201ccreando armon\u00eda con el paisaje natural\u201d. Todos los  apartamentos tendr\u00e1n vistas al mar.<\/p>\n\n\n\n<p>El proyecto contempla servicios exclusivos como sauna, spa, lobby, gimnasio, zona de yoga y pilates, espacios de coworking, jardines, sky gardens, pistas de tenis, club social, restaurante y piscinas.<\/p>\n\n\n\n<p>Las cien viviendas contar\u00e1n con licencias de uso tur\u00edstico, que permitir\u00e1 a los propietarios alquilarlas para todo tipo de estancias sin restricciones, generando una rentabilidad extra y disfrutar de los servicios de un hotel, pero con un hall con acceso independiente.<\/p>\n\n\n\n<p>Desde Goya Real States aseguran que en los primeros d\u00edas de venta &#8216;Gran Delf\u00edn&#8217; ya ha superado las 88 reservas.<\/p>\n","protected":false},"excerpt":{"rendered":"<p>En la playa de Poniente<\/p>\n","protected":false},"author":1,"featured_media":1199,"comment_status":"open","ping_status":"open","sticky":false,"template":"","format":"standard","meta":{"_acf_changed":false,"footnotes":""},"categories":[1],"tags":[],"class_list":["post-1198","post","type-post","status-publish","format-standard","has-post-thumbnail","hentry","category-sin-categoria"],"acf":{"ser_id":"ZUKTP43JKJFBVDVYSFWOBVGML4","ser_url":"https:\/\/cadenaser.com\/comunitat-valenciana\/2024\/01\/08\/luz-verde-al-gran-delfin-de-benidorm-el-ultimo-solar-edificable-en-primera-linea-de-playa-radio-benidorm\/"},"_links":{"self":[{"href":"https:\/\/serbenidorm.daliisolutions.com\/index.php\/wp-json\/wp\/v2\/posts\/1198","targetHints":{"allow":["GET"]}}],"collection":[{"href":"https:\/\/serbenidorm.daliisolutions.com\/index.php\/wp-json\/wp\/v2\/posts"}],"about":[{"href":"https:\/\/serbenidorm.daliisolutions.com\/index.php\/wp-json\/wp\/v2\/types\/post"}],"author":[{"embeddable":true,"href":"https:\/\/serbenidorm.daliisolutions.com\/index.php\/wp-json\/wp\/v2\/users\/1"}],"replies":[{"embeddable":true,"href":"https:\/\/serbenidorm.daliisolutions.com\/index.php\/wp-json\/wp\/v2\/comments?post=1198"}],"version-history":[{"count":1,"href":"https:\/\/serbenidorm.daliisolutions.com\/index.php\/wp-json\/wp\/v2\/posts\/1198\/revisions"}],"predecessor-version":[{"id":1202,"href":"https:\/\/serbenidorm.daliisolutions.com\/index.php\/wp-json\/wp\/v2\/posts\/1198\/revisions\/1202"}],"wp:featuredmedia":[{"embeddable":true,"href":"https:\/\/serbenidorm.daliisolutions.com\/index.php\/wp-json\/wp\/v2\/media\/1199"}],"wp:attachment":[{"href":"https:\/\/serbenidorm.daliisolutions.com\/index.php\/wp-json\/wp\/v2\/media?parent=1198"}],"wp:term":[{"taxonomy":"category","embeddable":true,"href":"https:\/\/serbenidorm.daliisolutions.com\/index.php\/wp-json\/wp\/v2\/categories?post=1198"},{"taxonomy":"post_tag","embeddable":true,"href":"https:\/\/serbenidorm.daliisolutions.com\/index.php\/wp-json\/wp\/v2\/tags?post=1198"}],"curies":[{"name":"wp","href":"https:\/\/api.w.org\/{rel}","templated":true}]}}