{"id":11981,"date":"2025-01-15T14:26:16","date_gmt":"2025-01-15T13:26:16","guid":{"rendered":"https:\/\/serbenidorm.daliisolutions.com\/index.php\/2025\/01\/15\/el-c-f-benidorm-busca-cerrar-la-primera-vuelta-fuera-del-descenso\/"},"modified":"2025-01-15T14:26:16","modified_gmt":"2025-01-15T13:26:16","slug":"el-c-f-benidorm-busca-cerrar-la-primera-vuelta-fuera-del-descenso","status":"publish","type":"post","link":"https:\/\/serbenidorm.daliisolutions.com\/index.php\/2025\/01\/15\/el-c-f-benidorm-busca-cerrar-la-primera-vuelta-fuera-del-descenso\/","title":{"rendered":"El C.F. Benidorm busca cerrar la primera vuelta fuera del descenso"},"content":{"rendered":"  <p><div data-adtype=\"MLDB\"><\/div><\/p>   <p>Benidorm<\/p>   <p>Tras la importante victoria conseguida el pasado domingo en el Guillermo Amor ante La Nuc\u00eda, el C.F. Benidorm afronta este mi\u00e9rcoles (19:45 horas) en El Clariano y ante el Ontinyent el partido aplazado correspondiente a la d\u00e9cima jornada de liga y que, ahora ya de manera definitiva, echar\u00e1 el cierre a la primera vuelta de la competici\u00f3n. El choque, adem\u00e1s, podr\u00eda servir a los de Javier Vidales para cruzar el ecuador de la temporada fuera de los puestos de descenso, algo que parec\u00eda impensable hace apenas unas semanas.<\/p>   <p>Para ello, los de Benidorm necesitan sumar los tres puntos, lo que les colocar\u00eda empatados con el Patacona, al que se impusieron en la primera jornada de competici\u00f3n (y, por lo tanto, ante el que tienen la diferencia de goles a favor) y al que recibir\u00e1n el pr\u00f3ximo domingo (19:30 horas) en la primera jornada de la segunda vuelta.<\/p>   <p>El equipo quiere aprovechar el choque ante el Ontinyent, un rival directo en la pelea por la permanencia (ocupa la 16\u00aa posici\u00f3n con s\u00f3lo dos puntos de renta sobre los de Javier Vidales) no s\u00f3lo para salir de esa zona roja de la tabla, sino tambi\u00e9n para tratar de confirmar el cambio de tendencia que se vislumbr\u00f3 en el derbi comarcal ante La Nuc\u00eda.<\/p> ","protected":false},"excerpt":{"rendered":"<p>El equipo de Javier Vidales visita esta tarde el campo del Ontinyent para el partido aplazado correspondiente a la d\u00e9cima jornada<\/p>\n","protected":false},"author":0,"featured_media":11982,"comment_status":"open","ping_status":"open","sticky":false,"template":"","format":"standard","meta":{"_acf_changed":false,"footnotes":""},"categories":[16],"tags":[],"class_list":["post-11981","post","type-post","status-publish","format-standard","has-post-thumbnail","hentry","category-deportes"],"acf":{"ser_id":"S76WRAPX75HNBAQA4A4VWPWGUY","ser_url":"https:\/\/cadenaser.com\/comunitat-valenciana\/2025\/01\/15\/el-cf-benidorm-busca-cerrar-la-primera-vuelta-fuera-del-descenso-radio-benidorm\/"},"_links":{"self":[{"href":"https:\/\/serbenidorm.daliisolutions.com\/index.php\/wp-json\/wp\/v2\/posts\/11981","targetHints":{"allow":["GET"]}}],"collection":[{"href":"https:\/\/serbenidorm.daliisolutions.com\/index.php\/wp-json\/wp\/v2\/posts"}],"about":[{"href":"https:\/\/serbenidorm.daliisolutions.com\/index.php\/wp-json\/wp\/v2\/types\/post"}],"replies":[{"embeddable":true,"href":"https:\/\/serbenidorm.daliisolutions.com\/index.php\/wp-json\/wp\/v2\/comments?post=11981"}],"version-history":[{"count":0,"href":"https:\/\/serbenidorm.daliisolutions.com\/index.php\/wp-json\/wp\/v2\/posts\/11981\/revisions"}],"wp:featuredmedia":[{"embeddable":true,"href":"https:\/\/serbenidorm.daliisolutions.com\/index.php\/wp-json\/wp\/v2\/media\/11982"}],"wp:attachment":[{"href":"https:\/\/serbenidorm.daliisolutions.com\/index.php\/wp-json\/wp\/v2\/media?parent=11981"}],"wp:term":[{"taxonomy":"category","embeddable":true,"href":"https:\/\/serbenidorm.daliisolutions.com\/index.php\/wp-json\/wp\/v2\/categories?post=11981"},{"taxonomy":"post_tag","embeddable":true,"href":"https:\/\/serbenidorm.daliisolutions.com\/index.php\/wp-json\/wp\/v2\/tags?post=11981"}],"curies":[{"name":"wp","href":"https:\/\/api.w.org\/{rel}","templated":true}]}}