{"id":11989,"date":"2025-01-15T14:45:50","date_gmt":"2025-01-15T13:45:50","guid":{"rendered":"https:\/\/serbenidorm.daliisolutions.com\/index.php\/2025\/01\/15\/balance-de-trafico-en-benidorm-en-2024-mas-de-2-000-accidentes-368-heridos-y-cinco-victimas-mortales\/"},"modified":"2025-01-15T14:45:50","modified_gmt":"2025-01-15T13:45:50","slug":"balance-de-trafico-en-benidorm-en-2024-mas-de-2-000-accidentes-368-heridos-y-cinco-victimas-mortales","status":"publish","type":"post","link":"https:\/\/serbenidorm.daliisolutions.com\/index.php\/2025\/01\/15\/balance-de-trafico-en-benidorm-en-2024-mas-de-2-000-accidentes-368-heridos-y-cinco-victimas-mortales\/","title":{"rendered":"Balance de tr\u00e1fico en Benidorm en 2024: m\u00e1s de 2.000 accidentes, 368 heridos y cinco v\u00edctimas mortales"},"content":{"rendered":"  <p><div data-adtype=\"MLDB\"><\/div><\/p>   <p>Benidorm<\/p>   <p>La Polic\u00eda Local de Benidorm tuvo que intervenir a lo largo de 2024 en m\u00e1s de 2.000 accidentes de tr\u00e1fico (casi 5,5 al d\u00eda) y su portavoz, el oficial Quique Tortosa, ha sido contundente en la valoraci\u00f3n: <a href=\"https:\/\/cadenaser.com\/tag\/benidorm\/a\/\" target=\"_blank\">\u00abTodos esos siniestros tienen una cosa en com\u00fan: se deben a no haber respetado alguna norma de circulaci\u00f3n\u00bb<\/a>.<\/p>   <p>Unos siniestros que, m\u00e1s all\u00e1 de los da\u00f1os materiales con los que se pueden saldar la mayor parte de ellos, tambi\u00e9n han dejado 327 heridos leves, 41 graves y cinco v\u00edctimas mortales.<\/p>  <p><p>M\u00e1s informaci\u00f3n<\/p><figure><img loading=\"lazy\" decoding=\"async\" src=\"https:\/\/cadenaser.com\/resizer\/v2\/WKU3UQZ37ND7XL74XVLTWTM3P4.jpg?auth=1f008fc75a9917f3547accaecf7da8ece0ff845447cd5938ec29c5b564b6bb2f&amp;quality=70&amp;width=360&amp;height=202&amp;smart=true\" width=\"820\" height=\"621\" \/><\/figure><ul><li><a href=\"https:\/\/cadenaser.com\/comunitat-valenciana\/2025\/01\/15\/el-departamento-de-salud-de-la-marina-baixa-espera-un-repunte-de-la-gripe-en-las-dos-proximas-semanas-radio-benidorm\/\"><span>El Departamento de Salud de la Marina Baixa espera un repunte de la gripe en las dos pr\u00f3ximas semanas<\/span><\/a><\/li><\/ul><\/p>   <p>Los datos de la Polic\u00eda Local de la capital tur\u00edstica evidencian que 129 de esos siniestros se produjeron por distracciones durante la conducci\u00f3n siendo, con diferencia, el motivo desencadenante de accidentes m\u00e1s repetido durante el pasado a\u00f1o en las calles de la ciudad.<\/p>   <p>Una causa, evidentemente, del todo evitable como tambi\u00e9n lo es la segunda que, adem\u00e1s, puede llegar a convertirse en delito: la conducci\u00f3n bajo la influencia de bebidas alcoh\u00f3licas o sustancias estupefacientes, una actitud responsable de 65 de los accidentes documentados en la ciudad. Unos accidentes que tuvieron como origen el exceso de velocidad en once ocasiones y la conducci\u00f3n negligente en cinco. <\/p>   <p>Atendiendo a la tipolog\u00eda de los veh\u00edculos que han registrado una mayor cantidad de accidentes en Benidorm durante 2024, la clasificaci\u00f3n tras los coches la encabezan las motocicletas y ciclomotores con 190 siniestros, a mucha distancia de los camiones (35), los veh\u00edculos de movilidad personal (33), autobuses (28), sillas el\u00e9ctricas (15) o bicicletas (6). Adem\u00e1s, se han producido hasta 62 atropellos de peat\u00f3n.<\/p>   <p>     .c-w{         max-width:444px;         width:100%;         margin:32px auto;      background:#00755E;         border-radius:4px;         display:flex;         align-items:center;         justify-content:center;     }     .c-w a{         display:flex;         align-items:center;         justify-content:center;         padding:4px 24px;     }     .c-w img{         width:24px;         margin-right:12px;     }     .c-w p{         font:18px\/25px Poppins;         text-align:center;         color:#fff;         margin:0;     }     @media (max-width:444px){         .c-w a{             padding:4px 12px;         }         .c-w img{             width:24px;             margin-right:8px;         }         .c-w p{             font:14px\/25px Poppins;         }     }     @media (max-width:335px){         .c-w p{             font:13px\/25px Poppins;         }     }  <div class=\"c-w\">     <a href=\"https:\/\/www.whatsapp.com\/channel\/0029Va633PF9WtC4l7XUzh1e\" rel=\"nofollow\" target=\"_blank\">         <img decoding=\"async\" src=\"https:\/\/cadenaser.com\/estaticos\/recursosgraficos\/responsive\/img\/ico-whatsapp.svg\" alt=\"Whatsapp\">         <p>\u00danete al <b>canal de WhatsApp<\/b> de la SER<\/p>     <\/a> <\/div><\/p> ","protected":false},"excerpt":{"rendered":"<p>La causa m\u00e1s com\u00fan es la distracci\u00f3n al volante y se atropell\u00f3 hasta a 61 peatones<\/p>\n","protected":false},"author":0,"featured_media":11990,"comment_status":"open","ping_status":"open","sticky":false,"template":"","format":"standard","meta":{"_acf_changed":false,"footnotes":""},"categories":[1],"tags":[],"class_list":["post-11989","post","type-post","status-publish","format-standard","has-post-thumbnail","hentry","category-sin-categoria"],"acf":{"ser_id":"3FX6H5QCIZEQNB4HVGCMCPU2LM","ser_url":"https:\/\/cadenaser.com\/comunitat-valenciana\/2025\/01\/15\/balance-del-trafico-en-benidorm-en-2024-mas-de-2000-accidentes-368-heridos-y-cinco-victimas-mortales-radio-benidorm\/"},"_links":{"self":[{"href":"https:\/\/serbenidorm.daliisolutions.com\/index.php\/wp-json\/wp\/v2\/posts\/11989","targetHints":{"allow":["GET"]}}],"collection":[{"href":"https:\/\/serbenidorm.daliisolutions.com\/index.php\/wp-json\/wp\/v2\/posts"}],"about":[{"href":"https:\/\/serbenidorm.daliisolutions.com\/index.php\/wp-json\/wp\/v2\/types\/post"}],"replies":[{"embeddable":true,"href":"https:\/\/serbenidorm.daliisolutions.com\/index.php\/wp-json\/wp\/v2\/comments?post=11989"}],"version-history":[{"count":0,"href":"https:\/\/serbenidorm.daliisolutions.com\/index.php\/wp-json\/wp\/v2\/posts\/11989\/revisions"}],"wp:featuredmedia":[{"embeddable":true,"href":"https:\/\/serbenidorm.daliisolutions.com\/index.php\/wp-json\/wp\/v2\/media\/11990"}],"wp:attachment":[{"href":"https:\/\/serbenidorm.daliisolutions.com\/index.php\/wp-json\/wp\/v2\/media?parent=11989"}],"wp:term":[{"taxonomy":"category","embeddable":true,"href":"https:\/\/serbenidorm.daliisolutions.com\/index.php\/wp-json\/wp\/v2\/categories?post=11989"},{"taxonomy":"post_tag","embeddable":true,"href":"https:\/\/serbenidorm.daliisolutions.com\/index.php\/wp-json\/wp\/v2\/tags?post=11989"}],"curies":[{"name":"wp","href":"https:\/\/api.w.org\/{rel}","templated":true}]}}