{"id":11991,"date":"2025-01-15T14:45:52","date_gmt":"2025-01-15T13:45:52","guid":{"rendered":"https:\/\/serbenidorm.daliisolutions.com\/index.php\/2025\/01\/15\/el-departamento-de-salud-de-la-marina-baixa-espera-un-repunte-de-la-gripe-en-las-dos-proximas-semanas\/"},"modified":"2025-01-15T14:45:52","modified_gmt":"2025-01-15T13:45:52","slug":"el-departamento-de-salud-de-la-marina-baixa-espera-un-repunte-de-la-gripe-en-las-dos-proximas-semanas","status":"publish","type":"post","link":"https:\/\/serbenidorm.daliisolutions.com\/index.php\/2025\/01\/15\/el-departamento-de-salud-de-la-marina-baixa-espera-un-repunte-de-la-gripe-en-las-dos-proximas-semanas\/","title":{"rendered":"El Departamento de Salud de la Marina Baixa espera un repunte de la gripe en las dos pr\u00f3ximas semanas"},"content":{"rendered":"  <p><div data-adtype=\"MLDB\"><\/div><\/p>   <p>Benidorm<\/p>   <p>En la Marina Baixa la gripe est\u00e1 teniendo menos incidencia que en otras comarcas de la Comunitat Valenciana, especialmente de interior, aunque el director del Departamento de Salud, <a href=\"https:\/\/cadenaser.com\/tag\/comarca_la_marina_baixa\/a\/\" target=\"_blank\">Pascual Pastor<\/a>, vaticina un repunte en las pr\u00f3ximas fechas: \u00abHemos tenido un clima casi primaveral pero ahora llega el fr\u00edo y esperamos tener en las dos pr\u00f3ximas el pico de gripe hasta lo normal\u00bb.<\/p>   <p>En declaraciones a <a href=\"https:\/\/cadenaser.com\/tag\/benidorm\/a\/\" target=\"_blank\">Radio Benidorm<\/a> el director ha lanzado un mensaje de tranquilidad: \u00abDe momento no estamos tensionados en el hospital para lo que eran las mismas fechas del a\u00f1o pasado, ni mucho menos\u00bb. Una rebaja de la presi\u00f3n asistencial que tambi\u00e9n se debe al notable descenso de la incidencia del coronavirus.<\/p>  <p><p>M\u00e1s informaci\u00f3n<\/p><figure><img loading=\"lazy\" decoding=\"async\" src=\"https:\/\/cadenaser.com\/resizer\/v2\/MPDBUC2MJ5LKZGUEWYPKKU24DU.jpg?auth=ecb0d515f3c8900b232faf5adee904c6709d488bac398c7454f946ea06e60829&amp;quality=70&amp;width=360&amp;height=202&amp;smart=true\" width=\"820\" height=\"621\" \/><\/figure><ul><li><a href=\"https:\/\/cadenaser.com\/comunitat-valenciana\/2025\/01\/13\/los-pescadores-de-villajoyosa-y-altea-critican-la-insuficiencia-y-la-demora-de-las-ayudas-por-los-paros-biologicos-radio-benidorm\/\"><span>Los pescadores de Villajoyosa y Altea critican la insuficiencia y la demora de las ayudas por los paros biol\u00f3gicos<\/span><\/a><\/li><\/ul><\/p>   <p>Pese a todo Pastor recuerda que la campa\u00f1a de vacunaci\u00f3n sigue activa hasta el 31 de enero con la posibilidad de inmunizarse de lunes a viernes a cualquier hora y sin cita previa en los centros sanitarios. <\/p>   <p>Una campa\u00f1a que de momento, y como es habitual en esta zona o la de Torrevieja, ha tenido menos seguimiento (53 %) que la media auton\u00f3mica (59 %). Algo que el responsable del departamento atribuye a que las personas no empadronadas ya se han vacunado en sus lugares de origen y a que el tiempo no ayuda a fomentarlo.<\/p>   <p>\u00abMuchos de los que nos visitan en invierno no se empadronan, pero si piden una tarjeta SIP provisional. Eso cuenta como posible persona a vacunar aunque ya lo haya hecho en su ciudad natal y baja nuestro porcentaje de cobertura\u00bb, ha detallado Pastor.<\/p>   <p>     .c-w{         max-width:444px;         width:100%;         margin:32px auto;      background:#00755E;         border-radius:4px;         display:flex;         align-items:center;         justify-content:center;     }     .c-w a{         display:flex;         align-items:center;         justify-content:center;         padding:4px 24px;     }     .c-w img{         width:24px;         margin-right:12px;     }     .c-w p{         font:18px\/25px Poppins;         text-align:center;         color:#fff;         margin:0;     }     @media (max-width:444px){         .c-w a{             padding:4px 12px;         }         .c-w img{             width:24px;             margin-right:8px;         }         .c-w p{             font:14px\/25px Poppins;         }     }     @media (max-width:335px){         .c-w p{             font:13px\/25px Poppins;         }     }  <div class=\"c-w\">     <a href=\"https:\/\/www.whatsapp.com\/channel\/0029Va633PF9WtC4l7XUzh1e\" rel=\"nofollow\" target=\"_blank\">         <img decoding=\"async\" src=\"https:\/\/cadenaser.com\/estaticos\/recursosgraficos\/responsive\/img\/ico-whatsapp.svg\" alt=\"Whatsapp\">         <p>\u00danete al <b>canal de WhatsApp<\/b> de la SER<\/p>     <\/a> <\/div><\/p> ","protected":false},"excerpt":{"rendered":"<p>Su director anima a participar en la campa\u00f1a de vacunaci\u00f3n, que un a\u00f1o m\u00e1s registra menos seguimiento en la comarca<\/p>\n","protected":false},"author":0,"featured_media":11992,"comment_status":"open","ping_status":"open","sticky":false,"template":"","format":"standard","meta":{"_acf_changed":false,"footnotes":""},"categories":[1],"tags":[],"class_list":["post-11991","post","type-post","status-publish","format-standard","has-post-thumbnail","hentry","category-sin-categoria"],"acf":{"ser_id":"5NAU3G3YFNEBNA6ZKIN2FI5TIE","ser_url":"https:\/\/cadenaser.com\/comunitat-valenciana\/2025\/01\/15\/el-departamento-de-salud-de-la-marina-baixa-espera-un-repunte-de-la-gripe-en-las-dos-proximas-semanas-radio-benidorm\/"},"_links":{"self":[{"href":"https:\/\/serbenidorm.daliisolutions.com\/index.php\/wp-json\/wp\/v2\/posts\/11991","targetHints":{"allow":["GET"]}}],"collection":[{"href":"https:\/\/serbenidorm.daliisolutions.com\/index.php\/wp-json\/wp\/v2\/posts"}],"about":[{"href":"https:\/\/serbenidorm.daliisolutions.com\/index.php\/wp-json\/wp\/v2\/types\/post"}],"replies":[{"embeddable":true,"href":"https:\/\/serbenidorm.daliisolutions.com\/index.php\/wp-json\/wp\/v2\/comments?post=11991"}],"version-history":[{"count":0,"href":"https:\/\/serbenidorm.daliisolutions.com\/index.php\/wp-json\/wp\/v2\/posts\/11991\/revisions"}],"wp:featuredmedia":[{"embeddable":true,"href":"https:\/\/serbenidorm.daliisolutions.com\/index.php\/wp-json\/wp\/v2\/media\/11992"}],"wp:attachment":[{"href":"https:\/\/serbenidorm.daliisolutions.com\/index.php\/wp-json\/wp\/v2\/media?parent=11991"}],"wp:term":[{"taxonomy":"category","embeddable":true,"href":"https:\/\/serbenidorm.daliisolutions.com\/index.php\/wp-json\/wp\/v2\/categories?post=11991"},{"taxonomy":"post_tag","embeddable":true,"href":"https:\/\/serbenidorm.daliisolutions.com\/index.php\/wp-json\/wp\/v2\/tags?post=11991"}],"curies":[{"name":"wp","href":"https:\/\/api.w.org\/{rel}","templated":true}]}}