{"id":11993,"date":"2025-01-15T14:53:54","date_gmt":"2025-01-15T13:53:54","guid":{"rendered":"https:\/\/serbenidorm.daliisolutions.com\/index.php\/2025\/01\/15\/benidorm-fest-2025-nebulossa-o-blanca-paloma-volveran-para-actuar-en-los-conciertos-del-euroclub\/"},"modified":"2025-01-15T14:53:54","modified_gmt":"2025-01-15T13:53:54","slug":"benidorm-fest-2025-nebulossa-o-blanca-paloma-volveran-para-actuar-en-los-conciertos-del-euroclub","status":"publish","type":"post","link":"https:\/\/serbenidorm.daliisolutions.com\/index.php\/2025\/01\/15\/benidorm-fest-2025-nebulossa-o-blanca-paloma-volveran-para-actuar-en-los-conciertos-del-euroclub\/","title":{"rendered":"Benidorm Fest 2025: Nebulossa o Blanca Paloma volver\u00e1n para actuar en los conciertos del Euroclub"},"content":{"rendered":"  <p><div data-adtype=\"MLDB\"><\/div><\/p>   <p>Benidorm<\/p>   <p>Las dos fiestas del Euroclub organizadas por el Ayuntamiento de la caital tur\u00edstica para la semana del Benidorm Fest tendr\u00e1n lugar el mi\u00e9rcoles, 29, y el viernes, 31 de enero; la primera, en una discoteca de la ciudad y la segunda, en el Auditorio Julio Iglesias del Parque de l\u2019Aig\u00fcera.<\/p>   <p>En esta \u00faltima actuar\u00e1n numerosos artistas para animar a miles de personas en la noche previa a la gran final. Entre ellos, Nebulossa y Blanca Paloma, ganadores de la tercera y segunda edici\u00f3n del Benidorm Fest; as\u00ed como Marta Sango, Alm\u00e1cor, Sof\u00eda Coll, Megara y Chloe de la Rosa,<a href=\"https:\/\/cadenaser.com\/tag\/benidorm\/a\/\" target=\"_blank\"> junto a los concursantes no clasificados en las dos semifinales de esta edici\u00f3n<\/a>.<\/p>  <p><p>M\u00e1s informaci\u00f3n<\/p><figure><img loading=\"lazy\" decoding=\"async\" src=\"https:\/\/cadenaser.com\/resizer\/v2\/5AF65O3DNVHXHALDGRLEOGOPDI.jpeg?auth=eae2449b6512097b8e4bb83b18cc77acaf7b82e70b4ad5a59ab29c28ffc38cb7&amp;quality=70&amp;width=360&amp;height=202&amp;smart=true\" width=\"820\" height=\"621\" \/><\/figure><ul><li><a href=\"https:\/\/cadenaser.com\/comunitat-valenciana\/2025\/01\/09\/el-benidorm-fest-2025-contara-con-una-village-zone-y-una-gastro-league-radio-benidorm\/\"><span>El Benidorm Fest 2025 contar\u00e1 con una \u00abvillage zone\u00bb y una \u00abgastro league\u00bb<\/span><\/a><\/li><\/ul><\/p>   <p>La semana de actividades arrancar\u00e1 el 24 de enero con la inauguraci\u00f3n del \u2018village\u2019 de la plaza de SS MM los Reyes de Espa\u00f1a, donde durante toda la semana habr\u00e1 \u2018food trucks\u2019 y otra oferta de ocio.<\/p>   <p>Tambi\u00e9n habr\u00e1 un espacio para difundir y recordar el germen de todo lo que tiene que ver con el actual Benidorm Fest, como fue nuestro Festival de la Canci\u00f3n de Benidorm, con una exposici\u00f3n retrospectiva sobre el nacimiento de este m\u00edtico concurso organizada por Ayuntamiento y RTVE y que se podr\u00e1 ver desde el 25 de enero al 2 de febrero en el Espai d\u2019Art del consistorio.<\/p>   <p>Adem\u00e1s, dentro de este programa paralelo organizado por la ciudad, la plaza de SS MM los Reyes de Espa\u00f1a acoger\u00e1 el jueves, 30, y el s\u00e1bado, 1 de febrero, la retransmisi\u00f3n de la segunda semifinal y la final en pantallas gigantes.<\/p>   <p>     .c-w{         max-width:444px;         width:100%;         margin:32px auto;      background:#00755E;         border-radius:4px;         display:flex;         align-items:center;         justify-content:center;     }     .c-w a{         display:flex;         align-items:center;         justify-content:center;         padding:4px 24px;     }     .c-w img{         width:24px;         margin-right:12px;     }     .c-w p{         font:18px\/25px Poppins;         text-align:center;         color:#fff;         margin:0;     }     @media (max-width:444px){         .c-w a{             padding:4px 12px;         }         .c-w img{             width:24px;             margin-right:8px;         }         .c-w p{             font:14px\/25px Poppins;         }     }     @media (max-width:335px){         .c-w p{             font:13px\/25px Poppins;         }     }  <div class=\"c-w\">     <a href=\"https:\/\/www.whatsapp.com\/channel\/0029Va633PF9WtC4l7XUzh1e\" rel=\"nofollow\" target=\"_blank\">         <img decoding=\"async\" src=\"https:\/\/cadenaser.com\/estaticos\/recursosgraficos\/responsive\/img\/ico-whatsapp.svg\" alt=\"Whatsapp\">         <p>\u00danete al <b>canal de WhatsApp<\/b> de la SER<\/p>     <\/a> <\/div><\/p>   <p>Novedades sobre el certamen<\/p>   <p>Por lo que se refiere a los anuncios realizados este mi\u00e9rcoles por RTVE sobre esta cuarta edici\u00f3n del Benidorm Fest, la directora de Comunicaci\u00f3n y Participaci\u00f3n del ente p\u00fablico, junto a Ana Bord\u00e1s y C\u00e9sar Vallejo, codirectores del Benidorm Fest han dado a conocer a las presentadoras de las galas (Paula V\u00e1zquez, Ruth Lorenzo e In\u00e9s Hernand) as\u00ed como la lista de finalistas que actuar\u00e1n en cada una de las semifinales. <\/p>   <p>As\u00ed, en la primera gala, del 28 de enero, concursar\u00e1n Chica Sobresalto, Daniela Blasco, David Afonso, K!NGDOM, Kuve, Lachispa, Lucas Bun y Sonia y Selena; mientras que en la segunda semifinal, del 30 de enero, lo har\u00e1n Carla Frigo, Celine Van Heel, DeTeresa, Henry Semler, J Kbello, Melody, Mel \u00d6mana y Mawot.<\/p>   <p>Igualmente La 1 de TVE retransmitir\u00e1 tambi\u00e9n desde la ciudad y en directo el 1 de febrero un programa denominado \u2018La noche del Benidorm Fest\u2019, conducido por Lalachus y Aitor Albizua, con las primeras reacciones sobre los ganadores del Micr\u00f3fono de Bronce, que representar\u00e1n a Espa\u00f1a en la final de Eurovisi\u00f3n en Basilea, Suiza, el pr\u00f3ximo mes de mayo.<\/p>   <p>Adem\u00e1s, tambi\u00e9n habr\u00e1 otros programas en RTVE Play, como el \u2018Benidorm Calling\u2019, que se emitir\u00e1 en internet antes del inicio de las tres galas y contar\u00e1 con la participaci\u00f3n de Jordi Cruz, Iv\u00e1n Garc\u00eda y Masi.<\/p>   <p>Desde RTVE han afirmado que para el ente p\u00fablico el Benidorm Fest es \u201cun gran evento televisivo\u201d y una \u201cgrand\u00edsima apuesta de la cadena\u201d, por lo que adem\u00e1s de la emisi\u00f3n en nuestro pa\u00eds y a trav\u00e9s de internet tambi\u00e9n contar\u00e1 con programaci\u00f3n especial en Radio Nacional de Espa\u00f1a y en Radio Exterior, emitiendo por primera vez para Canad\u00e1, Estados Unidos, Centroam\u00e9rica y Latinoam\u00e9rica.<\/p> ","protected":false},"excerpt":{"rendered":"<p>Tambi\u00e9n Marta Sango, Alm\u00e1cor, Sof\u00eda Coll, Megara y Chloe de la Rosa<\/p>\n","protected":false},"author":0,"featured_media":11994,"comment_status":"open","ping_status":"open","sticky":false,"template":"","format":"standard","meta":{"_acf_changed":false,"footnotes":""},"categories":[1],"tags":[],"class_list":["post-11993","post","type-post","status-publish","format-standard","has-post-thumbnail","hentry","category-sin-categoria"],"acf":{"ser_id":"HDSNHKQNJZFGFC7TOYNGOTC2WY","ser_url":"https:\/\/cadenaser.com\/comunitat-valenciana\/2025\/01\/15\/benidorm-fest-2025-nebulossa-o-blanca-paloma-volveran-para-actuar-en-los-conciertos-del-euroclub-radio-benidorm\/"},"_links":{"self":[{"href":"https:\/\/serbenidorm.daliisolutions.com\/index.php\/wp-json\/wp\/v2\/posts\/11993","targetHints":{"allow":["GET"]}}],"collection":[{"href":"https:\/\/serbenidorm.daliisolutions.com\/index.php\/wp-json\/wp\/v2\/posts"}],"about":[{"href":"https:\/\/serbenidorm.daliisolutions.com\/index.php\/wp-json\/wp\/v2\/types\/post"}],"replies":[{"embeddable":true,"href":"https:\/\/serbenidorm.daliisolutions.com\/index.php\/wp-json\/wp\/v2\/comments?post=11993"}],"version-history":[{"count":0,"href":"https:\/\/serbenidorm.daliisolutions.com\/index.php\/wp-json\/wp\/v2\/posts\/11993\/revisions"}],"wp:featuredmedia":[{"embeddable":true,"href":"https:\/\/serbenidorm.daliisolutions.com\/index.php\/wp-json\/wp\/v2\/media\/11994"}],"wp:attachment":[{"href":"https:\/\/serbenidorm.daliisolutions.com\/index.php\/wp-json\/wp\/v2\/media?parent=11993"}],"wp:term":[{"taxonomy":"category","embeddable":true,"href":"https:\/\/serbenidorm.daliisolutions.com\/index.php\/wp-json\/wp\/v2\/categories?post=11993"},{"taxonomy":"post_tag","embeddable":true,"href":"https:\/\/serbenidorm.daliisolutions.com\/index.php\/wp-json\/wp\/v2\/tags?post=11993"}],"curies":[{"name":"wp","href":"https:\/\/api.w.org\/{rel}","templated":true}]}}