{"id":11995,"date":"2025-01-15T16:28:00","date_gmt":"2025-01-15T15:28:00","guid":{"rendered":"https:\/\/serbenidorm.daliisolutions.com\/index.php\/2025\/01\/15\/el-psoe-de-benidorm-critica-el-retraso-de-los-presupuestos-municipales-y-presenta-una-bateria-de-propuestas\/"},"modified":"2025-01-15T16:28:00","modified_gmt":"2025-01-15T15:28:00","slug":"el-psoe-de-benidorm-critica-el-retraso-de-los-presupuestos-municipales-y-presenta-una-bateria-de-propuestas","status":"publish","type":"post","link":"https:\/\/serbenidorm.daliisolutions.com\/index.php\/2025\/01\/15\/el-psoe-de-benidorm-critica-el-retraso-de-los-presupuestos-municipales-y-presenta-una-bateria-de-propuestas\/","title":{"rendered":"El PSOE de Benidorm critica el retraso de los presupuestos municipales y presenta una bater\u00eda de propuestas"},"content":{"rendered":"  <p><div data-adtype=\"MLDB\"><\/div><\/p>   <p>Benidorm<\/p>   <p>La oposici\u00f3n del PSOE de Benidorm ha registrado una bater\u00eda de propuestas para su estudio y posible incorporaci\u00f3n al presupuesto municipal del 2025 \u00abante la par\u00e1lisis de un gobierno del Partido Popular que no ha sido capaz de presentar todav\u00eda ni un borrador\u00bb.<\/p>   <p>La portavoz socialista, <a href=\"https:\/\/cadenaser.com\/tag\/benidorm\/a\/\" target=\"_blank\">Cristina Escoda<\/a>, ha destacado en un comunicado que, tal y como realizaron el a\u00f1o pasado \u00abvolvemos a adelantarnos y presentamos una serie de inversiones que consideramos necesarias para la ciudad y que creemos deber\u00edan de incluirse en los presupuestos\u00bb. <\/p>   <p>Desde el PSOE han planteado, por ejemplo, consignar presupuesto para\u00a0rehabilitar la Plaza de Toros\u00a0para\u00a0convertirla en un pabell\u00f3n multiusos,\u00a0reformar\u00a0el\u00a0Centro Social Jos\u00e9 Llorca Linares,\u00a0ampliar\u00a0el\u00a0Centro Municipal Pepa Esperanza,\u00a0subvencionar el 100% del servicio de escoles matineres, subvencionar el 100% del transporte a los menores de 30 a\u00f1os, poner en marcha\u00a0ayudas para el alquiler y para la rehabilitaci\u00f3n de viviendas\u00a0condicionadas a su futura puesta en alquiler con precios asequibles.<\/p>  <p><p>M\u00e1s informaci\u00f3n<\/p><figure><img loading=\"lazy\" decoding=\"async\" src=\"https:\/\/cadenaser.com\/resizer\/v2\/5BON5MP2TNH65NHMIDETOVO6VE.jpeg?auth=824192d3ff2ccd8328b4d4eca2acca80bfcc303fd04e7d62c775cc8e867389e4&amp;quality=70&amp;width=360&amp;height=202&amp;smart=true\" width=\"820\" height=\"621\" \/><\/figure><ul><li><a href=\"https:\/\/cadenaser.com\/comunitat-valenciana\/2025\/01\/15\/balance-del-trafico-en-benidorm-en-2024-mas-de-2000-accidentes-368-heridos-y-cinco-victimas-mortales-radio-benidorm\/\"><span>Balance de tr\u00e1fico en Benidorm en 2024: m\u00e1s de 2.000 accidentes, 368 heridos y cinco v\u00edctimas mortales<\/span><\/a><\/li><\/ul><\/p>   <p>Asimismo, proponen destinar partida necesaria para la\u00a0construcci\u00f3n\u00a0de un\u00a0nuevo pabell\u00f3n deportivo\u00a0en\u00a0La Cala\u00a0y\u00a0techar las pistas exteriores del Palau,\u00a0instalar la tan necesaria\u00a0caja esc\u00e9nica\u00a0en el\u00a0auditorio del Centro Cultural,\u00a0reformar\u00a0la\u00a0V\u00eda Emilio Ortu\u00f1o y la avenida Juan Fuster Zaragoza, construir un\u00a0nuevo almac\u00e9n municipal\u00a0y una\u00a0Casa de la Juventud.<\/p>   <p>Por \u00faltimo plantean\u00a0acondicionar el\u00a0Festa Espai,\u00a0rehabilitar\u00a0la Plaza de Manizales,\u00a0ejecutar la\u00a0tercera y \u00faltima fase para\u00a0completar la renovaci\u00f3n total\u00a0de la\u00a0catenaria lum\u00ednica del paseo de Levante,\u00a0construir un\u00a0Centro para Entidades y Asociaciones,\u00a0redactar el proyecto para renovar\u00a0la avenida del Mediterr\u00e1neo desde Europa hasta Ametlla de Mar y la reforma integral de la avenida Montecarlo\u00a0en el tramo comprendido entre las avenidas\u00a0Roma y Berl\u00edn.<\/p>   <p>     .c-w{         max-width:444px;         width:100%;         margin:32px auto;      background:#00755E;         border-radius:4px;         display:flex;         align-items:center;         justify-content:center;     }     .c-w a{         display:flex;         align-items:center;         justify-content:center;         padding:4px 24px;     }     .c-w img{         width:24px;         margin-right:12px;     }     .c-w p{         font:18px\/25px Poppins;         text-align:center;         color:#fff;         margin:0;     }     @media (max-width:444px){         .c-w a{             padding:4px 12px;         }         .c-w img{             width:24px;             margin-right:8px;         }         .c-w p{             font:14px\/25px Poppins;         }     }     @media (max-width:335px){         .c-w p{             font:13px\/25px Poppins;         }     }  <div class=\"c-w\">     <a href=\"https:\/\/www.whatsapp.com\/channel\/0029Va633PF9WtC4l7XUzh1e\" rel=\"nofollow\" target=\"_blank\">         <img decoding=\"async\" src=\"https:\/\/cadenaser.com\/estaticos\/recursosgraficos\/responsive\/img\/ico-whatsapp.svg\" alt=\"Whatsapp\">         <p>\u00danete al <b>canal de WhatsApp<\/b> de la SER<\/p>     <\/a> <\/div><\/p>   <p>Aida Garc\u00eda: \u201cEl gobierno local ya est\u00e1 ejecutando algunas de las propuestas que el PSOE quiere atribuirse\u201d<\/p>   <p>La concejala de Hacienda, Aida Garc\u00eda Mayor, ha salido al paso de las criticas explicando que \u00abel gobierno local ya est\u00e1 ejecutando algunas de las propuestas que desde la oposici\u00f3n quieren ahora atribuirse\u00bb. <\/p>   <p>Mayor ha manifestado que los t\u00e9cnicos municipales del \u00e1rea Econ\u00f3mica \u00abcontin\u00faan trabajando en el presupuesto para ultimar todo el documento lo antes posible\u00bb y, como ya ha dicho en varias ocasiones el alcalde Toni P\u00e9rez, ha reiterado que \u00aben cuanto est\u00e9 concluido, se facilitar\u00e1 a los grupos para que puedan estudiarlo y hacer sugerencias\u00bb.<\/p> ","protected":false},"excerpt":{"rendered":"<p>El gobierno vuelve a responder que los t\u00e9cnicos est\u00e1n ultimando el borrador de las cuentas<\/p>\n","protected":false},"author":0,"featured_media":11996,"comment_status":"open","ping_status":"open","sticky":false,"template":"","format":"standard","meta":{"_acf_changed":false,"footnotes":""},"categories":[1],"tags":[],"class_list":["post-11995","post","type-post","status-publish","format-standard","has-post-thumbnail","hentry","category-sin-categoria"],"acf":{"ser_id":"ZF2V5HS53ZGDFALKMQG3ODR6TA","ser_url":"https:\/\/cadenaser.com\/comunitat-valenciana\/2025\/01\/15\/el-psoe-de-benidorm-critica-el-retraso-de-los-presupuestos-municipales-y-presenta-una-bateria-de-propuestas-radio-benidorm\/"},"_links":{"self":[{"href":"https:\/\/serbenidorm.daliisolutions.com\/index.php\/wp-json\/wp\/v2\/posts\/11995","targetHints":{"allow":["GET"]}}],"collection":[{"href":"https:\/\/serbenidorm.daliisolutions.com\/index.php\/wp-json\/wp\/v2\/posts"}],"about":[{"href":"https:\/\/serbenidorm.daliisolutions.com\/index.php\/wp-json\/wp\/v2\/types\/post"}],"replies":[{"embeddable":true,"href":"https:\/\/serbenidorm.daliisolutions.com\/index.php\/wp-json\/wp\/v2\/comments?post=11995"}],"version-history":[{"count":0,"href":"https:\/\/serbenidorm.daliisolutions.com\/index.php\/wp-json\/wp\/v2\/posts\/11995\/revisions"}],"wp:featuredmedia":[{"embeddable":true,"href":"https:\/\/serbenidorm.daliisolutions.com\/index.php\/wp-json\/wp\/v2\/media\/11996"}],"wp:attachment":[{"href":"https:\/\/serbenidorm.daliisolutions.com\/index.php\/wp-json\/wp\/v2\/media?parent=11995"}],"wp:term":[{"taxonomy":"category","embeddable":true,"href":"https:\/\/serbenidorm.daliisolutions.com\/index.php\/wp-json\/wp\/v2\/categories?post=11995"},{"taxonomy":"post_tag","embeddable":true,"href":"https:\/\/serbenidorm.daliisolutions.com\/index.php\/wp-json\/wp\/v2\/tags?post=11995"}],"curies":[{"name":"wp","href":"https:\/\/api.w.org\/{rel}","templated":true}]}}