{"id":11997,"date":"2025-01-15T16:28:01","date_gmt":"2025-01-15T15:28:01","guid":{"rendered":"https:\/\/serbenidorm.daliisolutions.com\/index.php\/2025\/01\/15\/cabo-de-huertas-y-tabarca-paradas-intermedias-de-dario-quesada-antes-de-su-cruce-a-ibiza\/"},"modified":"2025-01-15T16:28:01","modified_gmt":"2025-01-15T15:28:01","slug":"cabo-de-huertas-y-tabarca-paradas-intermedias-de-dario-quesada-antes-de-su-cruce-a-ibiza","status":"publish","type":"post","link":"https:\/\/serbenidorm.daliisolutions.com\/index.php\/2025\/01\/15\/cabo-de-huertas-y-tabarca-paradas-intermedias-de-dario-quesada-antes-de-su-cruce-a-ibiza\/","title":{"rendered":"Cabo de Huertas y Tabarca, paradas intermedias de Dario Quesada antes de su cruce a Ibiza"},"content":{"rendered":"  <p><div data-adtype=\"MLDB\"><\/div><\/p>   <p>Benidorm<\/p>   <p>El pasado mes de octubre Dar\u00edo Quesada y Fernando Pardo presentaban en Radio Benidorm-SER, junto a la presidenta de An\u00e9mona, Mar\u00eda Botella, el reto solidario que el primero de ellos afrontar\u00e1 el pr\u00f3ximo mes de septiembre de unir, navegando sobre una tabla de windsurf, Benidorm con Ibiza.<\/p>   <p>Este mi\u00e9rcoles, Quesada y Pardo han vuelto a pasar por SER Deportivos Marina Baixa para ampliar los detalles de esa aventura y, en concreto, de los \u2018ensayos generales\u2019 que afrontar\u00e1 el deportista benidormense antes de lanzarse al Mediterr\u00e1neo camino de la isla balear.<\/p>   <p>Despu\u00e9s de haber completado ya un primer y exitoso entreno uniendo, en recorrido de ida y vuelta, Benidorm con Calpe, Quesada se prepara ahora para ir ganando en distancia y, por lo tanto, en horas de navegaci\u00f3n.<\/p>   <p>As\u00ed, su pr\u00f3xima meta volante ser\u00e1 la que le llevar\u00e1 a navegas hasta el Cabo de Huertas, en Alicante, de nuevo en trazada de ida y vuelta. Si todo sale bien, unos meses despu\u00e9s vendr\u00e1 el \u00faltimo gran ensayo, que tendr\u00e1 en la isla de Tabarca el punto intermedio.<\/p>   <p>Adem\u00e1s, Dario Quesada y Fernando Pardo han insistido en que este reto s\u00f3lo tiene sentido sin consiguen su principal objetivo: recaudar fondos para colaborar con An\u00e9mona. Para ello, no s\u00f3lo buscan patrocinadores principales en el mundo empresarial de la comarca, sino que invitan a toda la ciudadan\u00eda a aportar, cada cual en la medida de sus posibilidades, un \u2018pellizco\u2019 directamente en la cuenta de An\u00e9mona.<\/p>   <p>     .c-w{         max-width:444px;         width:100%;         margin:32px auto;      background:#00755E;         border-radius:4px;         display:flex;         align-items:center;         justify-content:center;     }     .c-w a{         display:flex;         align-items:center;         justify-content:center;         padding:4px 24px;     }     .c-w img{         width:24px;         margin-right:12px;     }     .c-w p{         font:18px\/25px Poppins;         text-align:center;         color:#fff;         margin:0;     }     @media (max-width:444px){         .c-w a{             padding:4px 12px;         }         .c-w img{             width:24px;             margin-right:8px;         }         .c-w p{             font:14px\/25px Poppins;         }     }     @media (max-width:335px){         .c-w p{             font:13px\/25px Poppins;         }     }  <div class=\"c-w\">     <a href=\"https:\/\/www.whatsapp.com\/channel\/0029Va633PF9WtC4l7XUzh1e\" rel=\"nofollow\" target=\"_blank\">         <img decoding=\"async\" src=\"https:\/\/cadenaser.com\/estaticos\/recursosgraficos\/responsive\/img\/ico-whatsapp.svg\" alt=\"Whatsapp\">         <p>\u00danete al <b>canal de WhatsApp<\/b> de la SER<\/p>     <\/a> <\/div><\/p>   <p><b>C\u00f3mo hacer tu donativo<\/b><\/p>   <p>Transferencia bancaria (cuenta de An\u00e9mona)<\/p>   <p>Concepto: Reto solidario Dar\u00edo Quesada<\/p>   <p>N\u00ba de Cuenta: ES02 2100 1719 1002 0023 4330 (Caixabank)<\/p> ","protected":false},"excerpt":{"rendered":"<p>El deportista benidormense unir\u00e1 nuestra ciudad con la isla balear en un desaf\u00edo solidario con An\u00e9mona<\/p>\n","protected":false},"author":0,"featured_media":11998,"comment_status":"open","ping_status":"open","sticky":false,"template":"","format":"standard","meta":{"_acf_changed":false,"footnotes":""},"categories":[16],"tags":[],"class_list":["post-11997","post","type-post","status-publish","format-standard","has-post-thumbnail","hentry","category-deportes"],"acf":{"ser_id":"KMVGHPLPXJFXBKCXNEYFZRJUNE","ser_url":"https:\/\/cadenaser.com\/comunitat-valenciana\/2025\/01\/15\/cabo-de-huertas-y-tabarca-paradas-intermedias-de-dario-quesada-antes-de-su-cruce-a-ibiza-radio-benidorm\/"},"_links":{"self":[{"href":"https:\/\/serbenidorm.daliisolutions.com\/index.php\/wp-json\/wp\/v2\/posts\/11997","targetHints":{"allow":["GET"]}}],"collection":[{"href":"https:\/\/serbenidorm.daliisolutions.com\/index.php\/wp-json\/wp\/v2\/posts"}],"about":[{"href":"https:\/\/serbenidorm.daliisolutions.com\/index.php\/wp-json\/wp\/v2\/types\/post"}],"replies":[{"embeddable":true,"href":"https:\/\/serbenidorm.daliisolutions.com\/index.php\/wp-json\/wp\/v2\/comments?post=11997"}],"version-history":[{"count":0,"href":"https:\/\/serbenidorm.daliisolutions.com\/index.php\/wp-json\/wp\/v2\/posts\/11997\/revisions"}],"wp:featuredmedia":[{"embeddable":true,"href":"https:\/\/serbenidorm.daliisolutions.com\/index.php\/wp-json\/wp\/v2\/media\/11998"}],"wp:attachment":[{"href":"https:\/\/serbenidorm.daliisolutions.com\/index.php\/wp-json\/wp\/v2\/media?parent=11997"}],"wp:term":[{"taxonomy":"category","embeddable":true,"href":"https:\/\/serbenidorm.daliisolutions.com\/index.php\/wp-json\/wp\/v2\/categories?post=11997"},{"taxonomy":"post_tag","embeddable":true,"href":"https:\/\/serbenidorm.daliisolutions.com\/index.php\/wp-json\/wp\/v2\/tags?post=11997"}],"curies":[{"name":"wp","href":"https:\/\/api.w.org\/{rel}","templated":true}]}}