{"id":1200,"date":"2024-01-08T16:25:27","date_gmt":"2024-01-08T15:25:27","guid":{"rendered":"https:\/\/serbenidorm.daliisolutions.com\/index.php\/2024\/01\/08\/oleada-de-robos-en-benidorm-detenidos-dos-jovenes-sospechosos-de-medio-centenar-de-hurtos-en-el-rincon-de-loix\/"},"modified":"2024-01-09T11:04:00","modified_gmt":"2024-01-09T10:04:00","slug":"oleada-de-robos-en-benidorm-detenidos-dos-jovenes-sospechosos-de-medio-centenar-de-hurtos-en-el-rincon-de-loix","status":"publish","type":"post","link":"https:\/\/serbenidorm.daliisolutions.com\/index.php\/2024\/01\/08\/oleada-de-robos-en-benidorm-detenidos-dos-jovenes-sospechosos-de-medio-centenar-de-hurtos-en-el-rincon-de-loix\/","title":{"rendered":"Oleada de robos en Benidorm: detenidos dos j\u00f3venes sospechosos de medio centenar de hurtos en el Rinc\u00f3n de Loix"},"content":{"rendered":"  <p>Benidorm<\/p>   <p>Agentes de la Polic\u00eda Local de Benidorm ha detenido este fin de semana a dos j\u00f3venes de 20 y 22 a\u00f1os acusados de perpetrar una serie de robos en las \u00faltimas fechas en la zona del <a href=\"https:\/\/cadenaser.com\/tag\/benidorm\/a\/\" target=\"_blank\" rel=\"noopener\">Rinc\u00f3n de Loix<\/a>.<\/p>   <p>El arresto se produjo la madrugada del s\u00e1bado al domingo, durante una de las rondas de vigilancia que los polic\u00edas que han participado en este dispositivo especial realizaba por el barrio. Mientras transitaban por una de las calles, la patrulla observ\u00f3 que hab\u00eda un veh\u00edculo con las luces encendidas pero sin nadie en su interior.<\/p>   <p>Tras acercarse al mismo, observaron marcas en los cristales y otros signos de que el coche hab\u00eda sido forzado, con lo que solicitaron la colaboraci\u00f3n de los vecinos por si alguien hab\u00eda visto algo sospechoso.\u00a0<\/p>   <p><p>M\u00e1s informaci\u00f3n<\/p><figure><img decoding=\"async\" src=\"https:\/\/cadenaser.com\/resizer\/OAOcD-4lLSF1InIc5HS1ijf2mEk=\/650x366\/filters:quality(70)\/cloudfront-eu-central-1.images.arcpublishing.com\/prisaradio\/O44COL6KXRF7FFN3OMCYC43M6A.jpg\" loading=\"lazy\" width=\"828\" height=\"621\" \/><\/figure><ul><li><a href=\"https:\/\/cadenaser.com\/comunitat-valenciana\/2024\/01\/06\/un-policia-fuera-de-servicio-salva-en-benidorm-a-un-nino-que-se-atraganto-con-un-caramelo-en-la-cabalgata-de-reyes-radio-benidorm\/\">Un polic\u00eda fuera de servicio salva en Benidorm a un ni\u00f1o que se atragant\u00f3 con un caramelo en la cabalgata de Reyes<\/a><\/li><\/ul><\/p>   <p>Uno de los residentes les facilit\u00f3 la descripci\u00f3n de dos personas que hab\u00eda visto merodeando por la zona y, con estos datos, finalmente los polic\u00edas locales lograron localizar a los dos acusados. <\/p>   <p>En el momento de su arresto, ambos portaban consigo numerosos objetos que presuntamente hab\u00edan sido sustra\u00eddos horas antes, como varios tel\u00e9fonos m\u00f3viles, auriculares, dinero en efectivo, varios juegos llaves de veh\u00edculos y de domicilios particulares, una chaqueta de alta gama, un reloj, mecheros, una linterna, as\u00ed como otros elementos para perpetrar los robos, como herramientas y guantes para no dejar huellas.\u00a0<\/p>   <p>Tras instruir las pertinentes diligencias, los dos arrestados ya han sido puestos a disposici\u00f3n del juzgado de guardia de Benidorm.<\/p>   <p>El portavoz de la Polic\u00eda Local de la capital tur\u00edstica, <a href=\"https:\/\/cadenaser.com\/comunitat-valenciana\/2023\/10\/10\/la-policia-local-de-benidorm-incrementa-la-vigilancia-de-un-colegio-tras-detectar-botellones-en-el-patio-de-infantil-radio-benidorm\/\" target=\"_blank\" rel=\"noopener\">Quique Tortosa<\/a>, ha celebrado el final de este dispositivo especial de vigilancia que quer\u00eda terminar con la preocupaci\u00f3n reinante entre los residentes del Rinc\u00f3n de Loix: \u00abDurante estas \u00faltimas semanas los vecinos estaban alertados y desde la Polic\u00eda Local reforzamos la vigilancia\u00bb.<\/p> ","protected":false},"excerpt":{"rendered":"<p>Descubiertos por la Polic\u00eda Local cuando forzaban un veh\u00edculo<\/p>\n","protected":false},"author":2,"featured_media":1201,"comment_status":"open","ping_status":"open","sticky":false,"template":"","format":"standard","meta":{"_acf_changed":false,"footnotes":""},"categories":[1],"tags":[],"class_list":["post-1200","post","type-post","status-publish","format-standard","has-post-thumbnail","hentry","category-sin-categoria"],"acf":{"ser_id":"42LTHMIVQVGGBD6GRZFHKZTARQ","ser_url":"https:\/\/cadenaser.com\/comunitat-valenciana\/2024\/01\/08\/oleada-de-robos-en-benidorm-detenidos-dos-jovenes-sospechosos-de-medio-centenar-de-hurtos-en-el-rincon-de-loix-radio-benidorm\/"},"_links":{"self":[{"href":"https:\/\/serbenidorm.daliisolutions.com\/index.php\/wp-json\/wp\/v2\/posts\/1200","targetHints":{"allow":["GET"]}}],"collection":[{"href":"https:\/\/serbenidorm.daliisolutions.com\/index.php\/wp-json\/wp\/v2\/posts"}],"about":[{"href":"https:\/\/serbenidorm.daliisolutions.com\/index.php\/wp-json\/wp\/v2\/types\/post"}],"author":[{"embeddable":true,"href":"https:\/\/serbenidorm.daliisolutions.com\/index.php\/wp-json\/wp\/v2\/users\/2"}],"replies":[{"embeddable":true,"href":"https:\/\/serbenidorm.daliisolutions.com\/index.php\/wp-json\/wp\/v2\/comments?post=1200"}],"version-history":[{"count":2,"href":"https:\/\/serbenidorm.daliisolutions.com\/index.php\/wp-json\/wp\/v2\/posts\/1200\/revisions"}],"predecessor-version":[{"id":1222,"href":"https:\/\/serbenidorm.daliisolutions.com\/index.php\/wp-json\/wp\/v2\/posts\/1200\/revisions\/1222"}],"wp:featuredmedia":[{"embeddable":true,"href":"https:\/\/serbenidorm.daliisolutions.com\/index.php\/wp-json\/wp\/v2\/media\/1201"}],"wp:attachment":[{"href":"https:\/\/serbenidorm.daliisolutions.com\/index.php\/wp-json\/wp\/v2\/media?parent=1200"}],"wp:term":[{"taxonomy":"category","embeddable":true,"href":"https:\/\/serbenidorm.daliisolutions.com\/index.php\/wp-json\/wp\/v2\/categories?post=1200"},{"taxonomy":"post_tag","embeddable":true,"href":"https:\/\/serbenidorm.daliisolutions.com\/index.php\/wp-json\/wp\/v2\/tags?post=1200"}],"curies":[{"name":"wp","href":"https:\/\/api.w.org\/{rel}","templated":true}]}}