{"id":12023,"date":"2025-01-16T16:03:57","date_gmt":"2025-01-16T15:03:57","guid":{"rendered":"https:\/\/serbenidorm.daliisolutions.com\/index.php\/2025\/01\/16\/hoteles-servigroup-abrira-en-benidorm-este-verano-el-primer-bloque-de-apartamentos-turisticos-del-grupo\/"},"modified":"2025-01-16T16:03:57","modified_gmt":"2025-01-16T15:03:57","slug":"hoteles-servigroup-abrira-en-benidorm-este-verano-el-primer-bloque-de-apartamentos-turisticos-del-grupo","status":"publish","type":"post","link":"https:\/\/serbenidorm.daliisolutions.com\/index.php\/2025\/01\/16\/hoteles-servigroup-abrira-en-benidorm-este-verano-el-primer-bloque-de-apartamentos-turisticos-del-grupo\/","title":{"rendered":"Hoteles Servigroup abrir\u00e1 en Benidorm este verano el primer bloque de apartamentos tur\u00edsticos del grupo"},"content":{"rendered":"  <p><div data-adtype=\"MLDB\"><\/div><\/p>   <p>Benidorm<\/p>   <p>Hoteles Servigroup abrir\u00e1 este verano en Benidorm el primer bloque de apartamentos tur\u00edsticos del grupo. El proyecto, de nueva construcci\u00f3n, contempla diez apartamentos de estilo mediterr\u00e1neo con capacidad para 2 o 4 personas, vistas al mar y zonas de ocio y piscina infinita. <\/p>   <p>As\u00ed lo ha adelantado en <a href=\"https:\/\/radiobenidorm.es\" target=\"_self\" rel=\"nofollow\" title=\"https:\/\/radiobenidorm.es\">Hoy por Hoy Benidorm<\/a>, el director de Comunicaci\u00f3n del grupo, Alejandro Benito, quien tambi\u00e9n ha indicado que est\u00e1 previsto que la nueva apuesta alojativa del grupo est\u00e9 lista para abrir al p\u00fablico el pr\u00f3ximo mes de junio.<\/p>   <p>El inmueble se est\u00e1 levantando en una parcela de la zona de Poniente en la que antiguamente se ubicaba un peque\u00f1o hostal que llevaba d\u00e9cadas sin actividad. Los apartamentos estar\u00e1n dirigidos a un turista que busque estancias m\u00e1s largas en la ciudad y \u201cvivir una experiencia tur\u00edstica que le permita una mayor libertad e independencia y no estar sometido a los horarios de un hotel\u201d, indica Benito. <\/p>   <p>El grupo se toma como \u201cuna experiencia piloto\u201d su incursi\u00f3n en el sector de los alojamientos tur\u00edsticos y que no descarta ampliar la experiencia a otros destinos donde Servigroup ya cuenta con establecimientos hoteleros. \u201cEn Servigroup pensamos que Benidorm siempre ha sido punta de lanza para innovar y ser transgresores en el sector tur\u00edstico. Lo que aqu\u00ed se aprende luego se expande a otros destinos donde tenemos hoteles, como la provincia de Castell\u00f3n, Murcia o Almer\u00eda\u201d, explica el responsable de Comunicaci\u00f3n. <\/p>   <p>La cadena hotelera que cuenta con 18 hoteles en la costa mediterr\u00e1nea espa\u00f1ola tiene previsto presentar su proyecto de apartamentos tur\u00edsticos, para el que a\u00fan est\u00e1 buscando nombre, la pr\u00f3xima semana en Madrid, en el marco de FITUR. \u201cEs una forma de diversificar nuestra oferta y recibir a viajeros que quieran visitarnos de una forma diferente pero con la calidad que nos caracteriza\u201d, a\u00f1ade.<\/p>   <p>     .c-w{         max-width:444px;         width:100%;         margin:32px auto;      background:#00755E;         border-radius:4px;         display:flex;         align-items:center;         justify-content:center;     }     .c-w a{         display:flex;         align-items:center;         justify-content:center;         padding:4px 24px;     }     .c-w img{         width:24px;         margin-right:12px;     }     .c-w p{         font:18px\/25px Poppins;         text-align:center;         color:#fff;         margin:0;     }     @media (max-width:444px){         .c-w a{             padding:4px 12px;         }         .c-w img{             width:24px;             margin-right:8px;         }         .c-w p{             font:14px\/25px Poppins;         }     }     @media (max-width:335px){         .c-w p{             font:13px\/25px Poppins;         }     }  <div class=\"c-w\">     <a href=\"https:\/\/www.whatsapp.com\/channel\/0029Va633PF9WtC4l7XUzh1e\" rel=\"nofollow\" target=\"_blank\">         <img decoding=\"async\" src=\"https:\/\/cadenaser.com\/estaticos\/recursosgraficos\/responsive\/img\/ico-whatsapp.svg\" alt=\"Whatsapp\">         <p>\u00danete al <b>canal de WhatsApp<\/b> de la SER<\/p>     <\/a> <\/div><\/p>   <p>Adem\u00e1s, Servigroup tambi\u00e9n presentar\u00e1 en esta feria tur\u00edstica otras novedades que incorporar\u00e1n algunos de sus establecimientos hoteleros a lo largo de este 2025. Entre ellas destaca la creaci\u00f3n de una zona de parque acu\u00e1tico con toboganes en el establecimiento que la cadena tiene en Moj\u00e1car y con la que pretende hacer m\u00e1s atractivo el hotel para familias con ni\u00f1os. <\/p> ","protected":false},"excerpt":{"rendered":"<p>10 apartamentos de estilo mediterr\u00e1neo que se est\u00e1n construyendo en Poniente<\/p>\n","protected":false},"author":0,"featured_media":12024,"comment_status":"open","ping_status":"open","sticky":false,"template":"","format":"standard","meta":{"_acf_changed":false,"footnotes":""},"categories":[1],"tags":[],"class_list":["post-12023","post","type-post","status-publish","format-standard","has-post-thumbnail","hentry","category-sin-categoria"],"acf":{"ser_id":"47NEZ7W6E5FULDW4QCMSLUEYJM","ser_url":"https:\/\/cadenaser.com\/comunitat-valenciana\/2025\/01\/16\/hoteles-servigroup-abrira-en-benidorm-este-verano-el-primer-bloque-de-apartamentos-turisticos-del-grupo-radio-benidorm\/"},"_links":{"self":[{"href":"https:\/\/serbenidorm.daliisolutions.com\/index.php\/wp-json\/wp\/v2\/posts\/12023","targetHints":{"allow":["GET"]}}],"collection":[{"href":"https:\/\/serbenidorm.daliisolutions.com\/index.php\/wp-json\/wp\/v2\/posts"}],"about":[{"href":"https:\/\/serbenidorm.daliisolutions.com\/index.php\/wp-json\/wp\/v2\/types\/post"}],"replies":[{"embeddable":true,"href":"https:\/\/serbenidorm.daliisolutions.com\/index.php\/wp-json\/wp\/v2\/comments?post=12023"}],"version-history":[{"count":0,"href":"https:\/\/serbenidorm.daliisolutions.com\/index.php\/wp-json\/wp\/v2\/posts\/12023\/revisions"}],"wp:featuredmedia":[{"embeddable":true,"href":"https:\/\/serbenidorm.daliisolutions.com\/index.php\/wp-json\/wp\/v2\/media\/12024"}],"wp:attachment":[{"href":"https:\/\/serbenidorm.daliisolutions.com\/index.php\/wp-json\/wp\/v2\/media?parent=12023"}],"wp:term":[{"taxonomy":"category","embeddable":true,"href":"https:\/\/serbenidorm.daliisolutions.com\/index.php\/wp-json\/wp\/v2\/categories?post=12023"},{"taxonomy":"post_tag","embeddable":true,"href":"https:\/\/serbenidorm.daliisolutions.com\/index.php\/wp-json\/wp\/v2\/tags?post=12023"}],"curies":[{"name":"wp","href":"https:\/\/api.w.org\/{rel}","templated":true}]}}