{"id":12025,"date":"2025-01-16T16:04:00","date_gmt":"2025-01-16T15:04:00","guid":{"rendered":"https:\/\/serbenidorm.daliisolutions.com\/index.php\/2025\/01\/16\/patricia-calabuig-refuerzo-del-playas-de-benidorm-para-la-segunda-vuelta\/"},"modified":"2025-01-16T16:04:00","modified_gmt":"2025-01-16T15:04:00","slug":"patricia-calabuig-refuerzo-del-playas-de-benidorm-para-la-segunda-vuelta","status":"publish","type":"post","link":"https:\/\/serbenidorm.daliisolutions.com\/index.php\/2025\/01\/16\/patricia-calabuig-refuerzo-del-playas-de-benidorm-para-la-segunda-vuelta\/","title":{"rendered":"Patricia Calabuig, refuerzo del Playas de Benidorm para la segunda vuelta"},"content":{"rendered":"  <p><div data-adtype=\"MLDB\"><\/div><\/p>   <p>Benidorm<\/p>   <p>El Servigroup Playas de Benidorm refuerza su plantilla de cara a la segunda vuelta de la Superliga 2 Femenina con la incorporaci\u00f3n de Patricia Calabuig. La jugadora, de 1.82 metros de altura y natural de X\u00e1tiva, se desempe\u00f1a como receptora y cuenta con una trayectoria deportiva de gran nivel que la convierte en una pieza clave para las aspiraciones del equipo.<\/p>   <p>Calabuig, nacida el 16 de agosto de 1997, acumula una amplia experiencia en el voleibol de \u00e9lite. Ha disputado tres temporadas en la Liga Iberdrola con los equipos CV Kiele Socu\u00e9llamos y CV Madrid Chamber\u00ed. Tambi\u00e9n acumula cuatro temporadas en CV X\u00e0tiva y CV Valencia. Fue convocada por la Selecci\u00f3n Espa\u00f1ola Absoluta en 2022. Adem\u00e1s ha disputado siete Campeonatos de Espa\u00f1a Universitarios con la Universidad de Valencia y el Campeonato Europeo Universitario en Polonia.<\/p>   <p>La nueva jugadora debutar\u00e1 este fin de semana en el primer partido de la segunda vuelta de la competici\u00f3n, donde el Servigroup Playas de Benidorm se enfrentar\u00e1 al Hidramar Gran Canaria. Este refuerzo llega en un momento clave para el equipo, que busca consolidar su posici\u00f3n y aspirar a los m\u00e1ximos objetivos en la Superliga 2 Femenina.<\/p>   <p>Desde el club, han querido \u201cmostrar nuestra enorme ilusi\u00f3n por la incorporaci\u00f3n de Patricia Calabuig, convencidos de que su experiencia y calidad ser\u00e1n fundamentales para afrontar los retos de esta segunda fase de la temporada\u201d.<\/p> ","protected":false},"excerpt":{"rendered":"<p>La jugadora setabense podr\u00eda debutar este fin de semana ante Gran Canaria<\/p>\n","protected":false},"author":0,"featured_media":12026,"comment_status":"open","ping_status":"open","sticky":false,"template":"","format":"standard","meta":{"_acf_changed":false,"footnotes":""},"categories":[16],"tags":[],"class_list":["post-12025","post","type-post","status-publish","format-standard","has-post-thumbnail","hentry","category-deportes"],"acf":{"ser_id":"PI5554NVKJEG7KOWHBSNCMMQRA","ser_url":"https:\/\/cadenaser.com\/comunitat-valenciana\/2025\/01\/16\/patricia-calabuig-refuerzo-del-playas-de-benidorm-para-la-segunda-vuelta-radio-benidorm\/"},"_links":{"self":[{"href":"https:\/\/serbenidorm.daliisolutions.com\/index.php\/wp-json\/wp\/v2\/posts\/12025","targetHints":{"allow":["GET"]}}],"collection":[{"href":"https:\/\/serbenidorm.daliisolutions.com\/index.php\/wp-json\/wp\/v2\/posts"}],"about":[{"href":"https:\/\/serbenidorm.daliisolutions.com\/index.php\/wp-json\/wp\/v2\/types\/post"}],"replies":[{"embeddable":true,"href":"https:\/\/serbenidorm.daliisolutions.com\/index.php\/wp-json\/wp\/v2\/comments?post=12025"}],"version-history":[{"count":0,"href":"https:\/\/serbenidorm.daliisolutions.com\/index.php\/wp-json\/wp\/v2\/posts\/12025\/revisions"}],"wp:featuredmedia":[{"embeddable":true,"href":"https:\/\/serbenidorm.daliisolutions.com\/index.php\/wp-json\/wp\/v2\/media\/12026"}],"wp:attachment":[{"href":"https:\/\/serbenidorm.daliisolutions.com\/index.php\/wp-json\/wp\/v2\/media?parent=12025"}],"wp:term":[{"taxonomy":"category","embeddable":true,"href":"https:\/\/serbenidorm.daliisolutions.com\/index.php\/wp-json\/wp\/v2\/categories?post=12025"},{"taxonomy":"post_tag","embeddable":true,"href":"https:\/\/serbenidorm.daliisolutions.com\/index.php\/wp-json\/wp\/v2\/tags?post=12025"}],"curies":[{"name":"wp","href":"https:\/\/api.w.org\/{rel}","templated":true}]}}