{"id":12027,"date":"2025-01-16T18:02:16","date_gmt":"2025-01-16T17:02:16","guid":{"rendered":"https:\/\/serbenidorm.daliisolutions.com\/index.php\/2025\/01\/16\/felipe-orts-y-el-podio-en-la-copa-del-mundo-de-benidorm-algo-mas-que-un-sueno\/"},"modified":"2025-01-16T18:02:16","modified_gmt":"2025-01-16T17:02:16","slug":"felipe-orts-y-el-podio-en-la-copa-del-mundo-de-benidorm-algo-mas-que-un-sueno","status":"publish","type":"post","link":"https:\/\/serbenidorm.daliisolutions.com\/index.php\/2025\/01\/16\/felipe-orts-y-el-podio-en-la-copa-del-mundo-de-benidorm-algo-mas-que-un-sueno\/","title":{"rendered":"Felipe Orts y el podio en la Copa del Mundo de Benidorm, algo m\u00e1s que un sue\u00f1o"},"content":{"rendered":"  <p><div data-adtype=\"MLDB\"><\/div><\/p>   <p>Benidorm<\/p>   <p>El vilero Felipe Orts est\u00e1 protagonizando esta temporada la mejor campa\u00f1a de su carrera deportiva. El ciclista del Ridley Racing Team no s\u00f3lo se ha asentado ya como uno de los continuos aspirantes a todo en cada una de las pruebas en las que toma la salida, sino que ha sumado los dos primeros podios de la historia del ciclismo espa\u00f1ol en citas de la Copa del Mundo de ciclocross (Dubl\u00edn y Hulst) y ha conquistado, la pasada semana en As Pontes (Pontevedra) su s\u00e9ptimo t\u00edtulo de campe\u00f3n de Espa\u00f1a, rompiendo as\u00ed el empate que manten\u00eda con Jos\u00e9 Luis Talamillo y David Seco. Todo ello, sumado al subcampeonato de Europa alcanzado en noviembre en Pontevedra.<\/p>   <p>Ahora, el pr\u00f3ximo domingo, llega el que ser\u00e1, si todo sale bien, el momento m\u00e1s ic\u00f3nico de una temporada de oro para \u00e9l: la Copa del Mundo de Benidorm. Tras haberse metido en el top10 en las dos ediciones anteriores, en este 2025 el podio en El Moralet y Foietes ha dejado ya de ser una quimera, un sue\u00f1o, para convertirse en una opci\u00f3n m\u00e1s que plausible.<\/p>   <p>Para mimar los \u00faltimos detalles de su preparaci\u00f3n, Orts se ha enclaustrado toda la semana en el Hotel Cap Negret de Altea. All\u00ed, concentrado junto a su compa\u00f1ero Joris Nieuwenhuis, ambos preparan un asalto al podio benidormense para el que el neerland\u00e9s asegura que trabajar\u00e1 en equipo y, de esta manera, ayudar a Felipe en todo lo posible.<\/p>   <p>Orts y Nieuwenhuis hicieron un hueco en su apretada agenda para atender, en su hotel de concentraci\u00f3n, a Radio Benidorm-SER a pocas horas de tomar la salida en el circuito benidpomense.<\/p> ","protected":false},"excerpt":{"rendered":"<p>El ciclista vilero y su compa\u00f1ero de equipo, Joris Nieuwenhuis, conceden una entrevista en exclusiva a Radio Benidorm-SER<\/p>\n","protected":false},"author":0,"featured_media":12028,"comment_status":"open","ping_status":"open","sticky":false,"template":"","format":"standard","meta":{"_acf_changed":false,"footnotes":""},"categories":[16],"tags":[],"class_list":["post-12027","post","type-post","status-publish","format-standard","has-post-thumbnail","hentry","category-deportes"],"acf":{"ser_id":"FRMDC5O52BCOTNSFNVY2SOAYDU","ser_url":"https:\/\/cadenaser.com\/comunitat-valenciana\/2025\/01\/16\/felipe-orts-y-el-podio-en-la-copa-del-mundo-de-benidorm-algo-mas-que-un-sueno-radio-benidorm\/"},"_links":{"self":[{"href":"https:\/\/serbenidorm.daliisolutions.com\/index.php\/wp-json\/wp\/v2\/posts\/12027","targetHints":{"allow":["GET"]}}],"collection":[{"href":"https:\/\/serbenidorm.daliisolutions.com\/index.php\/wp-json\/wp\/v2\/posts"}],"about":[{"href":"https:\/\/serbenidorm.daliisolutions.com\/index.php\/wp-json\/wp\/v2\/types\/post"}],"replies":[{"embeddable":true,"href":"https:\/\/serbenidorm.daliisolutions.com\/index.php\/wp-json\/wp\/v2\/comments?post=12027"}],"version-history":[{"count":0,"href":"https:\/\/serbenidorm.daliisolutions.com\/index.php\/wp-json\/wp\/v2\/posts\/12027\/revisions"}],"wp:featuredmedia":[{"embeddable":true,"href":"https:\/\/serbenidorm.daliisolutions.com\/index.php\/wp-json\/wp\/v2\/media\/12028"}],"wp:attachment":[{"href":"https:\/\/serbenidorm.daliisolutions.com\/index.php\/wp-json\/wp\/v2\/media?parent=12027"}],"wp:term":[{"taxonomy":"category","embeddable":true,"href":"https:\/\/serbenidorm.daliisolutions.com\/index.php\/wp-json\/wp\/v2\/categories?post=12027"},{"taxonomy":"post_tag","embeddable":true,"href":"https:\/\/serbenidorm.daliisolutions.com\/index.php\/wp-json\/wp\/v2\/tags?post=12027"}],"curies":[{"name":"wp","href":"https:\/\/api.w.org\/{rel}","templated":true}]}}