{"id":12061,"date":"2025-01-17T14:31:48","date_gmt":"2025-01-17T13:31:48","guid":{"rendered":"https:\/\/serbenidorm.daliisolutions.com\/index.php\/2025\/01\/17\/premios-radio-benidorm-estos-son-los-doce-galardonados-de-la-tercera-edicion\/"},"modified":"2025-01-17T14:31:48","modified_gmt":"2025-01-17T13:31:48","slug":"premios-radio-benidorm-estos-son-los-doce-galardonados-de-la-tercera-edicion","status":"publish","type":"post","link":"https:\/\/serbenidorm.daliisolutions.com\/index.php\/2025\/01\/17\/premios-radio-benidorm-estos-son-los-doce-galardonados-de-la-tercera-edicion\/","title":{"rendered":"Premios Radio Benidorm: estos son los doce galardonados de la tercera edici\u00f3n"},"content":{"rendered":"  <p><div data-adtype=\"MLDB\"><\/div><\/p>   <p>Benidorm<\/p>   <p>Reconocer el talento, el esfuerzo o su contribuci\u00f3n a mejorar la sociedad. Ese es el objetivo, coincidiendo el 40 aniversario de la emisora, con el que nacieron los <a href=\"https:\/\/cadenaser.com\/tag\/benidorm\/a\/\" target=\"_blank\">Premios Radio Benidorm <\/a>y este viernes se ha dado a conocer la n\u00f3mina de personas, empresas o colectivos que el pr\u00f3ximo martes 18 de febrero ser\u00e1 distinguida en su tercera edici\u00f3n.<\/p>   <p>Galardones en doce categor\u00edas distintas m\u00e1s un reconocimiento especial a toda la ciudadan\u00eda de la Marina Baixa por su apoyo a cada iniciativa que ha surgido a partir de la catastr\u00f3fica DANA que asol\u00f3 la provincia de Valencia, como ha destacado tras la lectura del fallo en <a href=\"https:\/\/cadenaser.com\/tag\/comarca_la_marina_baixa\/a\/\" target=\"_blank\">Hoy por Hoy Benidorm<\/a> el director de la radio Baldomero Gim\u00e9nez.<\/p>   <p>III Edici\u00f3n Premios Radio Benidorm 2024<\/p>   <p><li>FIESTA: Associaci\u00f3 de Penyes \u2018Verge del Sofratge\u2019 de Benidorm<\/li><\/p>   <p>Por su trabajo y dedicaci\u00f3n durante los \u00faltimos 40 a\u00f1os a las fiestas mayores patronales conjugando su aspecto m\u00e1s l\u00fadico con el mantenimiento de las tradiciones.<\/p>   <p>Las juntas directivas que se han sucedido en estas cuatro d\u00e9cadas han conseguido representar al colectivo pe\u00f1ista, el m\u00e1s numeroso de la ciudad, encarg\u00e1ndose tambi\u00e9n de algunas de las citas m\u00e1s destacadas del calendario festero como son el carnaval, la acampada o el d\u00eda de las pe\u00f1as.<\/p>   <p><li>GASTRONOM\u00cdA: CdT Domingo Devesa de Benidorm<\/li><\/p>   <p>La excelencia tur\u00edstica s\u00f3lo se puede alcanzar ofreciendo al visitante los m\u00e1s altos est\u00e1ndares de calidad en todos los servicios y en ello la hosteler\u00eda juega un papel fundamental. Para que el comensal disfrute no s\u00f3lo de las mejores creaciones culinarias, sino de un inmejorable servicio de sala y, en definitiva, de lo que se llama \u2018buena mesa\u2019.<\/p>   <p>     .c-w{         max-width:444px;         width:100%;         margin:32px auto;      background:#00755E;         border-radius:4px;         display:flex;         align-items:center;         justify-content:center;     }     .c-w a{         display:flex;         align-items:center;         justify-content:center;         padding:4px 24px;     }     .c-w img{         width:24px;         margin-right:12px;     }     .c-w p{         font:18px\/25px Poppins;         text-align:center;         color:#fff;         margin:0;     }     @media (max-width:444px){         .c-w a{             padding:4px 12px;         }         .c-w img{             width:24px;             margin-right:8px;         }         .c-w p{             font:14px\/25px Poppins;         }     }     @media (max-width:335px){         .c-w p{             font:13px\/25px Poppins;         }     }  <div class=\"c-w\">     <a href=\"https:\/\/www.whatsapp.com\/channel\/0029Va633PF9WtC4l7XUzh1e\" rel=\"nofollow\" target=\"_blank\">         <img decoding=\"async\" src=\"https:\/\/cadenaser.com\/estaticos\/recursosgraficos\/responsive\/img\/ico-whatsapp.svg\" alt=\"Whatsapp\">         <p>\u00danete al <b>canal de WhatsApp<\/b> de la SER<\/p>     <\/a> <\/div><\/p>   <p>Es por ello que la formaci\u00f3n de los profesionales de la hosteler\u00eda es la piedra angular de ese proyecto y en ello el CdT Domingo Devesa de Benidorm, el primero centro con el que cont\u00f3 la actual red ha jugado siempre un papel fundamental. <\/p>   <p><li>CULTURA: Associaci\u00f3 xarciera \u2018Motle y Malleta\u2019 de La Vila Joiosa<\/li><\/p>   <p>El amor al arte de la pesca. Ese es el mecanismo que los miembros de esta asociaci\u00f3n activan cada vez que se re\u00fanen semanalmente para tejer redes y compartir recuerdos.<\/p>   <p>Una verdadera red social que acompa\u00f1a y entretiene al tiempo que mantiene viva una t\u00e9cnica que ha pasado de generaci\u00f3n en generaci\u00f3n. Entre las iniciativas con las que colabora este taller est\u00e1, recientemente, la de la Vila Vella, una intervenci\u00f3n art\u00edstica para la que prepararon m\u00e1s de 300 metros de red con las que engalanar las calles del casco hist\u00f3rico.<\/p>   <p><li>M\u00daSICA: Rom\u00e1n Rodr\u00edguez<\/li><\/p>   <p>Por su trayectoria y su trabajo para vincular la m\u00fasica con la salud, siendo autor de la primera tesis en Espa\u00f1a sobre la musicoterapia aplicada a la oncolog\u00eda pedi\u00e1trica.<\/p>   <p>M\u00fasico y doctor en Ciencias de la Salud, director de la Escuela Internacional de M\u00fasica Moderna de La Nuc\u00eda, aborda en este estudio c\u00f3mo la musicoterapia ofrece a los ni\u00f1os y adolescentes con c\u00e1ncer la posibilidad de desconectar de su situaci\u00f3n cl\u00ednica, afrontar mejor su enfermedad, favorecer la comunicaci\u00f3n y expresar sus emociones.<\/p>   <p><li>SOLIDARIDAD: U.S.A.R-13<\/li><\/p>   <p>Los perros son el eje de su labor tanto para la b\u00fasqueda y el rescate de v\u00edctimas como para los diferentes programas y proyectos sociales que desarrollan en la comarca.<\/p>   <p>Los equipos de esta ONG nuciera fundada en 2013 han brindado ayuda humanitaria en cat\u00e1strofes como el terremoto de Turqu\u00eda y Siria de 2023 o la reciente DANA de Valencia.<\/p>   <p><li>MEDIO AMBIENTE: Consorci Mare<\/li><\/p>   <p>Por duplicar la red de ecoparques m\u00f3viles existente en los 52 municipios de la Marina Baixa, la Marina Alta y el Campello consorciados fomentando el reciclaje y su amplio abanico de iniciativas destinadas a sensibilizar a la poblaci\u00f3n sobre la importancia de cuidar nuestro entorno.<\/p>   <p>La entidad ha logrado as\u00ed que m\u00e1s de 3.300 vecinos se registren en su nueva plataforma digital de ecoparques m\u00f3viles, un avance que comenz\u00f3 el pasado verano con la informatizaci\u00f3n de las instalaciones.<\/p>   <p><li>SANIDAD: AFA Marina Baixa<\/li><\/p>   <p>Hace ya casi tres d\u00e9cadas un grupo de familias que buscaban recursos y apoyos fundaron AFA, la Asociaci\u00f3n de Alzheimer de la Marina Baixa, una entidad de \u201cutilidad p\u00fablica\u201d a cuyos servicios recurren a diario m\u00e1s de un centenar de pacientes, familiares y cuidadores.<\/p>   <p>Mejorar la calidad de vida de los enfermos y quienes les rodean, orientarles en cuestiones sanitarias, sociales, jur\u00eddicas, psicol\u00f3gicas o econ\u00f3micas y sensibilizar a la opini\u00f3n p\u00fablica y a las instituciones son solo algunas de las variables de su impagable trabajo.<\/p>   <p><li>EDUCACI\u00d3N: IES l\u2019Almadrava de Benidorm<\/li><\/p>   <p>Por su programa educativo multidisciplinar y su apuesta decidida por la innovaci\u00f3n y la educaci\u00f3n ambiental. Con proyectos como el Jard\u00ed de l\u2019Almadrava que le vali\u00f3 el acc\u00e9sit de los premios R7 por el Planeta de Ibercaja en la categor\u00eda de educaci\u00f3n ambiental y naturalizaci\u00f3n.<\/p>   <p>Su proyecto de huerto escolar y generaci\u00f3n de compost y su taller de radio que integran distintas variables educativas fomentando la cultura y el conocimiento a trav\u00e9s de la tecnolog\u00eda y sirviendo de punto de conexi\u00f3n entre alumnos y profesorado.<\/p>   <p><li>DEPORTE: H\u00e9ctor \u00c1lvarez<\/li><\/p>   <p>Es una de las promesas con m\u00e1s proyecci\u00f3n del deporte espa\u00f1ol. En la temporada 2024 se convirti\u00f3, gracias a sus resultados en el calendario nacional e internacional, en el primer ciclista espa\u00f1ol de la historia en cerrar el a\u00f1o como mejor J\u00fanior del mundo.<\/p>   <p>En el haber del alfasino hitos hist\u00f3ricos como el top10 de la Par\u00eds-Roubaix, las victorias en la Eroica o la Itzulia, el subcampeonato de Europa J\u00fanior o la sexta plaza en el Mundial.<\/p>   <p><li>EMPRESA: Bobante Distribuciones<\/li><\/p>   <p>Con 50 a\u00f1os de historia fue una de las primeras empresas distribuidoras al por mayor de la comarca y la provincia de Alicante llegando en la actualidad a trabajar con 31 proveedores que suministran medio millar de referencias.<\/p>   <p>Una empresa familiar que se ha sabido adaptar a los nuevos tiempos conservando su esencia y sin dejar de contribuir permanentemente al desarrollo de la hosteler\u00eda local, uno de los pilares fundamentales sobre los que se asienta nuestra econom\u00eda.<\/p>   <p><li>TURISMO: Benidorm Half<\/li><\/p>   <p>Por haberse convertido en uno de los principales motores de la desestacionalizaci\u00f3n del turismo sirviendo, cada mes de noviembre y a trav\u00e9s del deporte, como foco de atracci\u00f3n de visitantes a la ciudad y dinamizador de la actividad econ\u00f3mica.<\/p>   <p>En la \u00faltima edici\u00f3n esta prueba bati\u00f3 su propia marca consiguiendo una participaci\u00f3n hist\u00f3rica: 6.500 corredores inscritos frente a los 4.800 que tomaron la salida en 2023.<\/p>   <p><li>EFEM\u00c9RIDE: UNED Benidorm<\/li><\/p>   <p>Sin campus universitarios en la ciudad, la UNED viene posibilitando desde el curso 1994-1995 los estudios a distancia en Benidorm, ofreciendo en la actualidad hasta nueve grados y una larga n\u00f3mina de cursos de extensi\u00f3n universitaria, de verano o para mayores de 55 a\u00f1os.<\/p>   <p>30 a\u00f1os en los que la UNED ha sido un ejemplo de actualizaci\u00f3n tecnol\u00f3gica, adapt\u00e1ndose a las nuevas metodolog\u00edas de la ense\u00f1anza y el aprendizaje, organizando jornadas o iniciativas solidarias y colaborando con el tejido asociativo local y comarcal.<\/p> ","protected":false},"excerpt":{"rendered":"<p>La Cadena SER en la Marina Baixa vuelve a reconocer a algunas de las personas, empresas o colectivos m\u00e1s destacados durante el \u00faltimo a\u00f1o<\/p>\n","protected":false},"author":0,"featured_media":12062,"comment_status":"open","ping_status":"open","sticky":false,"template":"","format":"standard","meta":{"_acf_changed":false,"footnotes":""},"categories":[1],"tags":[],"class_list":["post-12061","post","type-post","status-publish","format-standard","has-post-thumbnail","hentry","category-sin-categoria"],"acf":{"ser_id":"CGKDI5JE3VDD7DI42443GI7Y3M","ser_url":"https:\/\/cadenaser.com\/comunitat-valenciana\/2025\/01\/17\/premios-radio-benidorm-estos-son-los-doce-galardonados-de-la-tercera-edicion-radio-benidorm\/"},"_links":{"self":[{"href":"https:\/\/serbenidorm.daliisolutions.com\/index.php\/wp-json\/wp\/v2\/posts\/12061","targetHints":{"allow":["GET"]}}],"collection":[{"href":"https:\/\/serbenidorm.daliisolutions.com\/index.php\/wp-json\/wp\/v2\/posts"}],"about":[{"href":"https:\/\/serbenidorm.daliisolutions.com\/index.php\/wp-json\/wp\/v2\/types\/post"}],"replies":[{"embeddable":true,"href":"https:\/\/serbenidorm.daliisolutions.com\/index.php\/wp-json\/wp\/v2\/comments?post=12061"}],"version-history":[{"count":0,"href":"https:\/\/serbenidorm.daliisolutions.com\/index.php\/wp-json\/wp\/v2\/posts\/12061\/revisions"}],"wp:featuredmedia":[{"embeddable":true,"href":"https:\/\/serbenidorm.daliisolutions.com\/index.php\/wp-json\/wp\/v2\/media\/12062"}],"wp:attachment":[{"href":"https:\/\/serbenidorm.daliisolutions.com\/index.php\/wp-json\/wp\/v2\/media?parent=12061"}],"wp:term":[{"taxonomy":"category","embeddable":true,"href":"https:\/\/serbenidorm.daliisolutions.com\/index.php\/wp-json\/wp\/v2\/categories?post=12061"},{"taxonomy":"post_tag","embeddable":true,"href":"https:\/\/serbenidorm.daliisolutions.com\/index.php\/wp-json\/wp\/v2\/tags?post=12061"}],"curies":[{"name":"wp","href":"https:\/\/api.w.org\/{rel}","templated":true}]}}