{"id":12071,"date":"2025-01-17T19:09:59","date_gmt":"2025-01-17T18:09:59","guid":{"rendered":"https:\/\/serbenidorm.daliisolutions.com\/index.php\/2025\/01\/17\/andamios-imposibles-y-mucha-historia-asi-ha-empezado-la-rehabilitacion-del-castell-de-guadalest\/"},"modified":"2025-01-17T19:09:59","modified_gmt":"2025-01-17T18:09:59","slug":"andamios-imposibles-y-mucha-historia-asi-ha-empezado-la-rehabilitacion-del-castell-de-guadalest","status":"publish","type":"post","link":"https:\/\/serbenidorm.daliisolutions.com\/index.php\/2025\/01\/17\/andamios-imposibles-y-mucha-historia-asi-ha-empezado-la-rehabilitacion-del-castell-de-guadalest\/","title":{"rendered":"Andamios imposibles y mucha historia: as\u00ed ha empezado la rehabilitaci\u00f3n del Castell de Guadalest"},"content":{"rendered":"  <p><div data-adtype=\"MLDB\"><\/div><\/p>   <p>Benidorm<\/p>   <p>No es un trabajo ni mucho menos sencillo. La complicada orograf\u00eda sobre la que se asienta el castillo de la Alcozaiba y el campanario ha sido el principal quebradero de cabeza de los arquitectos Dani Solbes y Marina Perals a la hora de afrontar el reto de acometer la primera fase de la rehabilitaci\u00f3n de uno de los iconos por excelencia de Guadalest y toda la comarca.<\/p>   <p>Ambos forman parte del despacho Eneseis de Alicante y han contado en <a href=\"https:\/\/cadenaser.com\/tag\/comarca_la_marina_baixa\/a\/\" target=\"_blank\">La Ventana de la Marina Baixa<\/a> el detalle que ha requerido esta actuaci\u00f3n en la que se han visto andamios imposibles rodeando la pe\u00f1a sobre la que se erige el campanario pero que tambi\u00e9n oculta mucho trabajo para respetar el periodo hist\u00f3rico de cada parte de la edificaci\u00f3n.<\/p>  <p><p>M\u00e1s informaci\u00f3n<\/p><figure><img loading=\"lazy\" decoding=\"async\" src=\"https:\/\/cadenaser.com\/resizer\/v2\/ILEHENTJJVHVBPGXIHR6ST7QVY.png?auth=55f34821d8573939193ac922b3cde17eda5c5518c084c2e082f8bc3e8799f92f&amp;quality=70&amp;width=360&amp;height=202&amp;smart=true\" width=\"820\" height=\"621\" \/><\/figure><ul><li><a href=\"https:\/\/cadenaser.com\/comunitat-valenciana\/2025\/01\/17\/premios-radio-benidorm-estos-son-los-doce-galardonados-de-la-tercera-edicion-radio-benidorm\/\"><span>Premios Radio Benidorm: estos son los doce galardonados de la tercera edici\u00f3n<\/span><\/a><\/li><\/ul><\/p>   <p>Se han consolidado y estabilizado las estructuras para posibilitar su conversi\u00f3n en un museo que goce de un recorrido seguro haciendo el interior del castillo visitable.<\/p>   <p>La obra en el campanario, han explicado los arquitectos, se ha centrado con conservarla eliminado restos impropios de su esencia colocados a lo largo de las \u00faltimas d\u00e9cadas.<\/p>   <p>Otra de las principales aristas del trabajo ha sido la selecci\u00f3n de los materiales en base a esas catas arqueol\u00f3gicas realizadas por \u00ablos mejores profesionales\u00bb, como han destacado y agradecido Solbes y Perals.<\/p>   <p>     .c-w{         max-width:444px;         width:100%;         margin:32px auto;      background:#00755E;         border-radius:4px;         display:flex;         align-items:center;         justify-content:center;     }     .c-w a{         display:flex;         align-items:center;         justify-content:center;         padding:4px 24px;     }     .c-w img{         width:24px;         margin-right:12px;     }     .c-w p{         font:18px\/25px Poppins;         text-align:center;         color:#fff;         margin:0;     }     @media (max-width:444px){         .c-w a{             padding:4px 12px;         }         .c-w img{             width:24px;             margin-right:8px;         }         .c-w p{             font:14px\/25px Poppins;         }     }     @media (max-width:335px){         .c-w p{             font:13px\/25px Poppins;         }     }  <div class=\"c-w\">     <a href=\"https:\/\/www.whatsapp.com\/channel\/0029Va633PF9WtC4l7XUzh1e\" rel=\"nofollow\" target=\"_blank\">         <img decoding=\"async\" src=\"https:\/\/cadenaser.com\/estaticos\/recursosgraficos\/responsive\/img\/ico-whatsapp.svg\" alt=\"Whatsapp\">         <p>\u00danete al <b>canal de WhatsApp<\/b> de la SER<\/p>     <\/a> <\/div><\/p> ","protected":false},"excerpt":{"rendered":"<p>Una primera fase para garantizar la seguridad del castillo de la Alcozaiba y el campanario conservando su historia<\/p>\n","protected":false},"author":0,"featured_media":12072,"comment_status":"open","ping_status":"open","sticky":false,"template":"","format":"standard","meta":{"_acf_changed":false,"footnotes":""},"categories":[1],"tags":[],"class_list":["post-12071","post","type-post","status-publish","format-standard","has-post-thumbnail","hentry","category-sin-categoria"],"acf":{"ser_id":"76K7PXHWWFBN5HT45YRUQJBECE","ser_url":"https:\/\/cadenaser.com\/comunitat-valenciana\/2025\/01\/17\/andamios-imposibles-y-mucha-historia-asi-ha-empezado-rehabilitacion-del-castell-de-guadalest-radio-benidorm\/"},"_links":{"self":[{"href":"https:\/\/serbenidorm.daliisolutions.com\/index.php\/wp-json\/wp\/v2\/posts\/12071","targetHints":{"allow":["GET"]}}],"collection":[{"href":"https:\/\/serbenidorm.daliisolutions.com\/index.php\/wp-json\/wp\/v2\/posts"}],"about":[{"href":"https:\/\/serbenidorm.daliisolutions.com\/index.php\/wp-json\/wp\/v2\/types\/post"}],"replies":[{"embeddable":true,"href":"https:\/\/serbenidorm.daliisolutions.com\/index.php\/wp-json\/wp\/v2\/comments?post=12071"}],"version-history":[{"count":0,"href":"https:\/\/serbenidorm.daliisolutions.com\/index.php\/wp-json\/wp\/v2\/posts\/12071\/revisions"}],"wp:featuredmedia":[{"embeddable":true,"href":"https:\/\/serbenidorm.daliisolutions.com\/index.php\/wp-json\/wp\/v2\/media\/12072"}],"wp:attachment":[{"href":"https:\/\/serbenidorm.daliisolutions.com\/index.php\/wp-json\/wp\/v2\/media?parent=12071"}],"wp:term":[{"taxonomy":"category","embeddable":true,"href":"https:\/\/serbenidorm.daliisolutions.com\/index.php\/wp-json\/wp\/v2\/categories?post=12071"},{"taxonomy":"post_tag","embeddable":true,"href":"https:\/\/serbenidorm.daliisolutions.com\/index.php\/wp-json\/wp\/v2\/tags?post=12071"}],"curies":[{"name":"wp","href":"https:\/\/api.w.org\/{rel}","templated":true}]}}