{"id":12079,"date":"2025-01-18T08:27:13","date_gmt":"2025-01-18T07:27:13","guid":{"rendered":"https:\/\/serbenidorm.daliisolutions.com\/index.php\/2025\/01\/18\/benidorm-celebra-sant-antoni-en-la-ermita-de-sanc\/"},"modified":"2025-01-18T08:27:13","modified_gmt":"2025-01-18T07:27:13","slug":"benidorm-celebra-sant-antoni-en-la-ermita-de-sanc","status":"publish","type":"post","link":"https:\/\/serbenidorm.daliisolutions.com\/index.php\/2025\/01\/18\/benidorm-celebra-sant-antoni-en-la-ermita-de-sanc\/","title":{"rendered":"Benidorm celebra Sant Antoni en la Ermita de San\u00e7"},"content":{"rendered":"  <p><div data-adtype=\"MLDB\"><\/div><\/p>   <p>Benidorm<\/p>   <p>Benidorm vivir\u00e1 este fin de semana una de las celebraciones m\u00e1s arraigadas y con m\u00e1s tradici\u00f3n en el barrio de la Huerta, las fiestas de Sant Antoni Abat, patr\u00f3n de los animales y cuyo d\u00eda grande se celebra este viernes, 17 de enero. <\/p>   <p>Para ello, la Festa de Sant Antoni se encuentra ultimando todos los preparativos para un intenso fin de semana, en el que se suceder\u00e1n numerosas actividades festivas y religiosas y que culminar\u00e1 el domingo con la tradicional bendici\u00f3n de animales en la Ermita de San\u00e7.<\/p>  <p><p>M\u00e1s informaci\u00f3n<\/p><figure><img loading=\"lazy\" decoding=\"async\" src=\"https:\/\/cadenaser.com\/resizer\/v2\/ILEHENTJJVHVBPGXIHR6ST7QVY.png?auth=55f34821d8573939193ac922b3cde17eda5c5518c084c2e082f8bc3e8799f92f&amp;quality=70&amp;width=360&amp;height=202&amp;smart=true\" width=\"820\" height=\"621\" \/><\/figure><ul><li><a href=\"https:\/\/cadenaser.com\/comunitat-valenciana\/2025\/01\/17\/premios-radio-benidorm-estos-son-los-doce-galardonados-de-la-tercera-edicion-radio-benidorm\/\"><span>Premios Radio Benidorm: estos son los doce galardonados de la tercera edici\u00f3n<\/span><\/a><\/li><\/ul><\/p>   <p>El presidente de la comisi\u00f3n Vicente Mayor y la pregonera Ang\u00e9lica Such han detallado en <a href=\"https:\/\/cadenaser.com\/tag\/comarca_la_marina_baixa\/a\/\" target=\"_blank\">La Ventana de la Marina Baixa<\/a> el programa as\u00ed como sus recuerdos infantiles de la fiesta.<\/p>   <p>Programaci\u00f3n<\/p>   <p>Este viernes a las seis de la tarde se celebra la final del campeonato de Truc que se ha venido disputando en el bar de la Ermita. A las 20 horas, se iniciar\u00e1 la misa solemne en honor al patr\u00f3n, que ser\u00e1 oficiada por el p\u00e1rroco Efra\u00edn Alfonso Zapata Cardona, tras la cual est\u00e1 previsto un vino de honor. Por \u00faltimo, a partir de las 22:30 horas, habr\u00e1 una verbena en la carpa de la Comisi\u00f3n a cargo del grupo Carne de ca\u00f1\u00f3n, que amenizar\u00e1 la noche con la m\u00fasica m\u00e1s moderna y actual.<\/p>   <p>El s\u00e1bado, 18 de enero, el programa se iniciar\u00e1 a las 8 de la ma\u00f1ana, con una Despert\u00e0 con truenos y m\u00fasica por el barrio. A las 10:30 horas, en el Trinquet Vicente P\u00e9rez Devesa, se disputar\u00e1 un torneo de pilota valenciana entre las escuelas de pilota de Benidorm, l\u2019Alf\u00e0s del Pi y provincia, disputando las categor\u00edas de cadetes y juveniles y con la participaci\u00f3n de varios ni\u00f1os locales de la huerta que juegan a este deporte aut\u00f3ctono.<\/p>   <p>     .c-w{         max-width:444px;         width:100%;         margin:32px auto;      background:#00755E;         border-radius:4px;         display:flex;         align-items:center;         justify-content:center;     }     .c-w a{         display:flex;         align-items:center;         justify-content:center;         padding:4px 24px;     }     .c-w img{         width:24px;         margin-right:12px;     }     .c-w p{         font:18px\/25px Poppins;         text-align:center;         color:#fff;         margin:0;     }     @media (max-width:444px){         .c-w a{             padding:4px 12px;         }         .c-w img{             width:24px;             margin-right:8px;         }         .c-w p{             font:14px\/25px Poppins;         }     }     @media (max-width:335px){         .c-w p{             font:13px\/25px Poppins;         }     }  <div class=\"c-w\">     <a href=\"https:\/\/www.whatsapp.com\/channel\/0029Va633PF9WtC4l7XUzh1e\" rel=\"nofollow\" target=\"_blank\">         <img decoding=\"async\" src=\"https:\/\/cadenaser.com\/estaticos\/recursosgraficos\/responsive\/img\/ico-whatsapp.svg\" alt=\"Whatsapp\">         <p>\u00danete al <b>canal de WhatsApp<\/b> de la SER<\/p>     <\/a> <\/div><\/p>   <p>A las 11:30 horas, la plaza de la Ermita contar\u00e1 con un parque infantil con castillos hinchables y juegos de entretenimiento para los m\u00e1s peque\u00f1os. A las 12:00 horas habr\u00e1 un volteo general de campanas para anunciar el inicio oficial de las fiestas, al que seguir\u00e1 un almuerzo popular y una \u2018globotada\u2019 infantil.<\/p>   <p>Seguidamente, a las 16:30 horas, se ofrecer\u00e1 una extraordinaria partida de pilota en el Trinquet, que enfrentar\u00e1 a jugadores del programa de Alto Rendimiento de la Escuela de Tecnificaci\u00f3n de la Federaci\u00f3n de Pilota Valenciana.<\/p>   <p>Una hora despu\u00e9s, a las 17:30 h., comenzar\u00e1 la Romer\u00eda en honor a Sant Antoni, desde el propio Trinquet hasta la Ermita de San\u00e7, seguida de la ofrenda de flores al patr\u00f3n; el preg\u00f3n de las fiestas 2025, a cargo de Ang\u00e9lica Such Ronda; y el canto de las tradicionales Copletes, tras las que se disparar\u00e1 la Estampeta y un castillo de fuegos artificiales. Seguidamente, habr\u00e1 una picaeta en la carpa de los mayorales, junto a la entrega de trofeos de la Pilota y el Truc, que dar\u00e1n paso a una nueva verbena, en este caso a cargo de la Orquesta Summer.<\/p>   <p>Por \u00faltimo, el domingo, 19 de enero, a las 10:30 horas se oficiar\u00e1 una misa solemne en honor a San Antonio Abad, en la que se bendecir\u00e1n los tradicionales panes. Al acabar la misa, en la plaza de la Ermita, tendr\u00e1 lugar la tambi\u00e9n tradicional bendici\u00f3n de los animales y la entrega de estos panes a los asistentes.<\/p> ","protected":false},"excerpt":{"rendered":"<p>Todos los detalles de esta tradici\u00f3n de la huerta con el presidente de la comisi\u00f3n Vicente Mayor y la pregonera Angelica Such<\/p>\n","protected":false},"author":0,"featured_media":12080,"comment_status":"open","ping_status":"open","sticky":false,"template":"","format":"standard","meta":{"_acf_changed":false,"footnotes":""},"categories":[1],"tags":[],"class_list":["post-12079","post","type-post","status-publish","format-standard","has-post-thumbnail","hentry","category-sin-categoria"],"acf":{"ser_id":"7EQNCKOEOJBYPJFXGXEW4LCHTQ","ser_url":"https:\/\/cadenaser.com\/comunitat-valenciana\/2025\/01\/17\/benidorm-celebra-sant-antoni-en-la-ermita-de-sanc-radio-benidorm\/"},"_links":{"self":[{"href":"https:\/\/serbenidorm.daliisolutions.com\/index.php\/wp-json\/wp\/v2\/posts\/12079","targetHints":{"allow":["GET"]}}],"collection":[{"href":"https:\/\/serbenidorm.daliisolutions.com\/index.php\/wp-json\/wp\/v2\/posts"}],"about":[{"href":"https:\/\/serbenidorm.daliisolutions.com\/index.php\/wp-json\/wp\/v2\/types\/post"}],"replies":[{"embeddable":true,"href":"https:\/\/serbenidorm.daliisolutions.com\/index.php\/wp-json\/wp\/v2\/comments?post=12079"}],"version-history":[{"count":0,"href":"https:\/\/serbenidorm.daliisolutions.com\/index.php\/wp-json\/wp\/v2\/posts\/12079\/revisions"}],"wp:featuredmedia":[{"embeddable":true,"href":"https:\/\/serbenidorm.daliisolutions.com\/index.php\/wp-json\/wp\/v2\/media\/12080"}],"wp:attachment":[{"href":"https:\/\/serbenidorm.daliisolutions.com\/index.php\/wp-json\/wp\/v2\/media?parent=12079"}],"wp:term":[{"taxonomy":"category","embeddable":true,"href":"https:\/\/serbenidorm.daliisolutions.com\/index.php\/wp-json\/wp\/v2\/categories?post=12079"},{"taxonomy":"post_tag","embeddable":true,"href":"https:\/\/serbenidorm.daliisolutions.com\/index.php\/wp-json\/wp\/v2\/tags?post=12079"}],"curies":[{"name":"wp","href":"https:\/\/api.w.org\/{rel}","templated":true}]}}