{"id":12101,"date":"2025-01-19T11:06:17","date_gmt":"2025-01-19T10:06:17","guid":{"rendered":"https:\/\/serbenidorm.daliisolutions.com\/index.php\/2025\/01\/19\/que-arranque-el-espectaculo\/"},"modified":"2025-01-19T11:06:17","modified_gmt":"2025-01-19T10:06:17","slug":"que-arranque-el-espectaculo","status":"publish","type":"post","link":"https:\/\/serbenidorm.daliisolutions.com\/index.php\/2025\/01\/19\/que-arranque-el-espectaculo\/","title":{"rendered":"\u00a1Que arranque el espect\u00e1culo!"},"content":{"rendered":"  <p><div data-adtype=\"MLDB\"><\/div><\/p>   <p>Benidorm<\/p>   <p>Los parques de El Moralet y Foites se han llenado este s\u00e1bado con una primera oleada de ciclistas y entusiastas para vivir el BenidormCX, el gran evento previo a la celebraci\u00f3n, ma\u00f1ana domingo, de la <a href=\"https:\/\/cadenaser.com\/tag\/ciclocross\/a\/\" target=\"_blank\">Copa del Mundo de ciclocross<\/a> que, por tercer a\u00f1o consecutivo, reunir\u00e1 en ese mismo recinto a las mayores estrellas del panorama internacional y a m\u00e1s de 15.000 entregados aficionados que sue\u00f1an, por qu\u00e9 no, con ver subir al podio al gran \u00eddolo local, Felipe Orts, que atraviesa el mejor momento de forma de su vida.<\/p>   <p>Apenas 24 horas antes de que se d\u00e9 la salida a las pruebas Elite de la Copa del Mundo, \u2018A Vivir Benidorm\u2019 ha emitido una edici\u00f3n especial del programa del fin de semana de Radio Benidorm desde la carpa que la marca italiana Pissei ha instalado en la enorme \u2018fan zone\u2019 de la plaza central del recinto.<\/p>  <p><p>M\u00e1s informaci\u00f3n<\/p><figure><img loading=\"lazy\" decoding=\"async\" src=\"https:\/\/cadenaser.com\/resizer\/v2\/J6TQBQWDUBBSXNDAZISYYZJMWQ.jpg?auth=caf61c00cf7bb8754464b7336ad8dac1e3799c571f1f24e6acdcfe26986a6125&amp;quality=70&amp;width=360&amp;height=202&amp;smart=true\" width=\"820\" height=\"621\" \/><\/figure><ul><li><a href=\"https:\/\/cadenaser.com\/comunitat-valenciana\/2025\/01\/17\/ciclocross-para-dummies-la-guia-mas-completa-para-el-seguidor-principiante-radio-benidorm\/\"><span>Ciclocross para \u2018dummies\u2019: La gu\u00eda m\u00e1s completa para el seguidor principiante<\/span><\/a><\/li><\/ul><\/p>   <p>Por el programa han pasado importantes nombres del panorama invernal ciclista como Javier Ruiz de Larrinaga, actual seleccionador nacional, o Jordi Reny\u00e9, campe\u00f3n de Europa en la categor\u00eda M\u00e1ster 50 y entrenador de <a href=\"https:\/\/cadenaser.com\/tag\/felipe_orts_lloret\/a\/\" target=\"_blank\">Felipe Orts<\/a>.<\/p>   <p>Adem\u00e1s, tambi\u00e9n hemos querido conocer la vertiente \u2018popular\u2019 del ciclocross y del ciclismo con la participaci\u00f3n de los presidentes de la <a href=\"https:\/\/cadenaser.com\/tag\/ciclismo\/a\/\" target=\"_blank\">Real Federaci\u00f3n Espa\u00f1ola de Ciclismo<\/a>, Jos\u00e9 Vicioso; su hom\u00f3logo valenciano, Jos\u00e9 Enrique Guti\u00e9rrez; la responsable del C.C. La Vila, Amparo Chapa, o los organizadores de la Aitana Tour con Vicente P\u00e9rez a la cabeza.<\/p>   <p>Y como todo lo que acontece en <a href=\"https:\/\/cadenaser.com\/tag\/benidorm\/a\/\" target=\"_blank\">Benidorm<\/a>, la Copa del Mundo de ciclocross tambi\u00e9n tiene una importante vertiente tur\u00edstica y de ello han hablado la directora de la Fundaci\u00f3n Visit Benidorm, Leire Bilbao; el concejal de Deportes, Javi Jord\u00e1 y Brook Watts, el que fuera impulsor y organizador de las Copas del Mundo de Las Vegas y Fayetteville (EEUU) y que ahora cruza el charco cada a\u00f1o para asistir a la prueba de Benidorm que, ha asegurado, tiene muchas similitudes con la que en su d\u00eda puso en marcha en la \u2018Ciudad del pecado\u2019.<\/p>   <p>     .c-w{         max-width:444px;         width:100%;         margin:32px auto;      background:#00755E;         border-radius:4px;         display:flex;         align-items:center;         justify-content:center;     }     .c-w a{         display:flex;         align-items:center;         justify-content:center;         padding:4px 24px;     }     .c-w img{         width:24px;         margin-right:12px;     }     .c-w p{         font:18px\/25px Poppins;         text-align:center;         color:#fff;         margin:0;     }     @media (max-width:444px){         .c-w a{             padding:4px 12px;         }         .c-w img{             width:24px;             margin-right:8px;         }         .c-w p{             font:14px\/25px Poppins;         }     }     @media (max-width:335px){         .c-w p{             font:13px\/25px Poppins;         }     }  <div class=\"c-w\">     <a href=\"https:\/\/www.whatsapp.com\/channel\/0029Va633PF9WtC4l7XUzh1e\" rel=\"nofollow\" target=\"_blank\">         <img decoding=\"async\" src=\"https:\/\/cadenaser.com\/estaticos\/recursosgraficos\/responsive\/img\/ico-whatsapp.svg\" alt=\"Whatsapp\">         <p>\u00danete al <b>canal de WhatsApp<\/b> de la SER<\/p>     <\/a> <\/div><\/p> ","protected":false},"excerpt":{"rendered":"<p>\u2018A Vivir Benidorm\u2019 se mete en las tripas de la Copa del Mundo de ciclocross<\/p>\n","protected":false},"author":0,"featured_media":12102,"comment_status":"open","ping_status":"open","sticky":false,"template":"","format":"standard","meta":{"_acf_changed":false,"footnotes":""},"categories":[1],"tags":[],"class_list":["post-12101","post","type-post","status-publish","format-standard","has-post-thumbnail","hentry","category-sin-categoria"],"acf":{"ser_id":"G5ASUK2YY5G4PKH7DZJALN6KP4","ser_url":"https:\/\/cadenaser.com\/comunitat-valenciana\/2025\/01\/18\/que-arranque-el-espectaculo-radio-benidorm\/"},"_links":{"self":[{"href":"https:\/\/serbenidorm.daliisolutions.com\/index.php\/wp-json\/wp\/v2\/posts\/12101","targetHints":{"allow":["GET"]}}],"collection":[{"href":"https:\/\/serbenidorm.daliisolutions.com\/index.php\/wp-json\/wp\/v2\/posts"}],"about":[{"href":"https:\/\/serbenidorm.daliisolutions.com\/index.php\/wp-json\/wp\/v2\/types\/post"}],"replies":[{"embeddable":true,"href":"https:\/\/serbenidorm.daliisolutions.com\/index.php\/wp-json\/wp\/v2\/comments?post=12101"}],"version-history":[{"count":0,"href":"https:\/\/serbenidorm.daliisolutions.com\/index.php\/wp-json\/wp\/v2\/posts\/12101\/revisions"}],"wp:featuredmedia":[{"embeddable":true,"href":"https:\/\/serbenidorm.daliisolutions.com\/index.php\/wp-json\/wp\/v2\/media\/12102"}],"wp:attachment":[{"href":"https:\/\/serbenidorm.daliisolutions.com\/index.php\/wp-json\/wp\/v2\/media?parent=12101"}],"wp:term":[{"taxonomy":"category","embeddable":true,"href":"https:\/\/serbenidorm.daliisolutions.com\/index.php\/wp-json\/wp\/v2\/categories?post=12101"},{"taxonomy":"post_tag","embeddable":true,"href":"https:\/\/serbenidorm.daliisolutions.com\/index.php\/wp-json\/wp\/v2\/tags?post=12101"}],"curies":[{"name":"wp","href":"https:\/\/api.w.org\/{rel}","templated":true}]}}