{"id":12122,"date":"2025-01-20T12:29:17","date_gmt":"2025-01-20T11:29:17","guid":{"rendered":"https:\/\/serbenidorm.daliisolutions.com\/index.php\/2025\/01\/20\/thibau-nys-se-impone-en-la-gran-fiesta-de-felipe-orts-en-benidorm\/"},"modified":"2025-01-20T12:29:17","modified_gmt":"2025-01-20T11:29:17","slug":"thibau-nys-se-impone-en-la-gran-fiesta-de-felipe-orts-en-benidorm","status":"publish","type":"post","link":"https:\/\/serbenidorm.daliisolutions.com\/index.php\/2025\/01\/20\/thibau-nys-se-impone-en-la-gran-fiesta-de-felipe-orts-en-benidorm\/","title":{"rendered":"Thibau Nys se impone en la gran fiesta de Felipe Orts en Benidorm"},"content":{"rendered":"  <p><div data-adtype=\"MLDB\"><\/div><\/p>   <p>Benidorm<\/p>   <p>Tras un amanecer fr\u00edo, como el que corresponde a esta \u00e9poca del a\u00f1o, un cielo completamente despejado permiti\u00f3 que el sol, junto a las 16.000 almas que se dieron cita en el recinto, calentara hasta temperaturas primaverales el circuito de los parques de El Moralet y Foietes donde este domingo se ha celebrado la tercera edici\u00f3n de la Copa del Mundo de ciclocross de Benidorm en lo que, reconocido por sus propios protagonistas, fue otro enorme \u00e9xito de organizaci\u00f3n y convocatoria.<\/p>   <p>El ganador de la prueba masculina, el belga Thibau Nys, no pod\u00eda expresarlo de forma m\u00e1s clara: \u201ces la carrera perfecta, en la ubicaci\u00f3n perfecta y en el momento perfecto del calendario\u201d. Al hijo Sven Nys, el hombre que marc\u00f3 una \u00e9poca y fue el gran responsable de la globalizaci\u00f3n de la especialidad, le gusta Benidorm y le gusta su Copa del Mundo. En la edici\u00f3n inaugural, en 2023, se llev\u00f3 el triunfo Sub-23. Hace doce meses, fue tercero ya con los mejores y ahora, a la tercera, domin\u00f3 con pu\u00f1o de hierro una carrera en la que el gran favorito previo, Wout van Aert, no tuvo su d\u00eda y se tuvo que conformar con la cuarta plaza.<\/p>   <p>Y todo ello, en la fiesta de Felipe Orts, el corredor de La Vila Joiosa que sali\u00f3 con aspiraciones de podio y que, tras liderar la carrera en diversos momentos, acab\u00f3 haci\u00e9ndose con la sexta plaza tras una actuaci\u00f3n memorable que enloqueci\u00f3 no s\u00f3lo a la numeros\u00edsima parroquia local, sino tambi\u00e9n a los miles de aficionados que desembarcaron en Benidorm venidos desde Centroeuropa.<\/p>   <p>El ciclista espa\u00f1ol explicaba que \u201ccuando faltaban tres o cuatro vueltas he tenido un peque\u00f1o toque con Iserbyt y me he descolocado bastante y me ha hecho sufrir para volver a tener esas posiciones de cabeza. Creo que he gastado una bala que luego me ha hecho falta para pelear por el podio\u201d. En cualquier caso, se mostr\u00f3 muy satisfecho por su actuaci\u00f3n ya que \u201chemos estado en la pelea. Sab\u00eda que era dif\u00edcil conseguirlo, pero estoy contento porque de nuevo hemos mejorado el puesto del a\u00f1o pasado y eso significa que hemos dado otro pasito. He corrido muy bien\u201d.<\/p>   <p>En cuanto al ambientazo que se vivi\u00f3 durante la carrera Elite masculina, Orts reconoc\u00eda haber \u201csentido todo el apoyo de mi pueblo, de toda la Comunitat Valenciana\u2026 \u00a1incluso los belgas estaban de mi parte hoy! Estoy muy contento porque en esta carrera es una barbaridad como el p\u00fablico anima. No s\u00f3lo a m\u00ed, sino a todos los corredores. Eso convierte a Benidorm en una de las mejores carreras de la temporada. Todo el mundo ha disfrutado del espect\u00e1culo del mejor ciclocross a 20\u00ba y eso va a hacer que todos quieran volver\u201d.<\/p>   <p>     .c-w{         max-width:444px;         width:100%;         margin:32px auto;      background:#00755E;         border-radius:4px;         display:flex;         align-items:center;         justify-content:center;     }     .c-w a{         display:flex;         align-items:center;         justify-content:center;         padding:4px 24px;     }     .c-w img{         width:24px;         margin-right:12px;     }     .c-w p{         font:18px\/25px Poppins;         text-align:center;         color:#fff;         margin:0;     }     @media (max-width:444px){         .c-w a{             padding:4px 12px;         }         .c-w img{             width:24px;             margin-right:8px;         }         .c-w p{             font:14px\/25px Poppins;         }     }     @media (max-width:335px){         .c-w p{             font:13px\/25px Poppins;         }     }  <div class=\"c-w\">     <a href=\"https:\/\/www.whatsapp.com\/channel\/0029Va633PF9WtC4l7XUzh1e\" rel=\"nofollow\" target=\"_blank\">         <img decoding=\"async\" src=\"https:\/\/cadenaser.com\/estaticos\/recursosgraficos\/responsive\/img\/ico-whatsapp.svg\" alt=\"Whatsapp\">         <p>\u00danete al <b>canal de WhatsApp<\/b> de la SER<\/p>     <\/a> <\/div><\/p>   <p><b>Fem van Empel: \u201cVer tantos ni\u00f1os es precioso\u201d<\/b><\/p>   <p>La ganadora de la prueba Elite femenina, Fem van Empel, demostr\u00f3 su dominio en El Moralet y Foietes al hacerse con su tercera victoria consecutiva en otras tantas ediciones disputadas. La campeona del mundo tambi\u00e9n se deshizo en elogios hacia la parada espa\u00f1ola de la Copa del Mundo de ciclocross valor\u00f3 como \u201calgo muy bonito el apoyo masivo que hemos recibido todos por parte del p\u00fablico\u201d.<\/p>   <p>Adem\u00e1s, la ciclista neerlandesa a\u00f1adi\u00f3 que \u201cme ha llamado mucho la atenci\u00f3n la presencia de much\u00edsimos ni\u00f1os y eso es algo precioso. Para m\u00ed, ese detalle supone un extra de motivaci\u00f3n porque me anima a demostrarle a todos esos j\u00f3venes que el ciclocross es un deporte muy bonito\u201d.<\/p>   <p>Una idea que, adem\u00e1s, compart\u00eda el vencedor de la prueba Sub-23 masculina, el actual campe\u00f3n del mundo de la categor\u00eda, Tibor Del Grosso. El ciclista neerland\u00e9s reconoc\u00eda que \u201cel apoyo de la gente se ha dejado notar mucho. La carrera Sub-23, como siempre sucede en Copa del Mundo, es de las primeras del programa del d\u00eda y tengo la sensaci\u00f3n de que en Benidorm la gente ha venido antes al circuito que en las pruebas de B\u00e9lgica o Pa\u00edses Bajos. All\u00ed, muchos s\u00f3lo acuden al circuito para ver la carrera Elite masculina, pero aqu\u00ed han venido a vernos y a animarnos a todos. Ha sido maravilloso poder correr ante una afici\u00f3n as\u00ed\u201d.<\/p> ","protected":false},"excerpt":{"rendered":"<p>Fem Van Empel se corona por tercer a\u00f1o consecutivo en los parques de El Moralet y Foietes<\/p>\n","protected":false},"author":0,"featured_media":12123,"comment_status":"open","ping_status":"open","sticky":false,"template":"","format":"standard","meta":{"_acf_changed":false,"footnotes":""},"categories":[16],"tags":[],"class_list":["post-12122","post","type-post","status-publish","format-standard","has-post-thumbnail","hentry","category-deportes"],"acf":{"ser_id":"MW6EQMQ4UBAJJDXDAMGFPCAJ7M","ser_url":"https:\/\/cadenaser.com\/comunitat-valenciana\/2025\/01\/20\/thibau-nys-se-impone-en-la-gran-fiesta-de-felipe-orts-en-benidorm-radio-benidorm\/"},"_links":{"self":[{"href":"https:\/\/serbenidorm.daliisolutions.com\/index.php\/wp-json\/wp\/v2\/posts\/12122","targetHints":{"allow":["GET"]}}],"collection":[{"href":"https:\/\/serbenidorm.daliisolutions.com\/index.php\/wp-json\/wp\/v2\/posts"}],"about":[{"href":"https:\/\/serbenidorm.daliisolutions.com\/index.php\/wp-json\/wp\/v2\/types\/post"}],"replies":[{"embeddable":true,"href":"https:\/\/serbenidorm.daliisolutions.com\/index.php\/wp-json\/wp\/v2\/comments?post=12122"}],"version-history":[{"count":0,"href":"https:\/\/serbenidorm.daliisolutions.com\/index.php\/wp-json\/wp\/v2\/posts\/12122\/revisions"}],"wp:featuredmedia":[{"embeddable":true,"href":"https:\/\/serbenidorm.daliisolutions.com\/index.php\/wp-json\/wp\/v2\/media\/12123"}],"wp:attachment":[{"href":"https:\/\/serbenidorm.daliisolutions.com\/index.php\/wp-json\/wp\/v2\/media?parent=12122"}],"wp:term":[{"taxonomy":"category","embeddable":true,"href":"https:\/\/serbenidorm.daliisolutions.com\/index.php\/wp-json\/wp\/v2\/categories?post=12122"},{"taxonomy":"post_tag","embeddable":true,"href":"https:\/\/serbenidorm.daliisolutions.com\/index.php\/wp-json\/wp\/v2\/tags?post=12122"}],"curies":[{"name":"wp","href":"https:\/\/api.w.org\/{rel}","templated":true}]}}