{"id":12130,"date":"2025-01-20T13:48:49","date_gmt":"2025-01-20T12:48:49","guid":{"rendered":"https:\/\/serbenidorm.daliisolutions.com\/index.php\/2025\/01\/20\/asi-van-a-ser-las-obras-en-el-parque-de-elche-de-benidorm-para-evitar-inundaciones\/"},"modified":"2025-01-20T13:48:49","modified_gmt":"2025-01-20T12:48:49","slug":"asi-van-a-ser-las-obras-en-el-parque-de-elche-de-benidorm-para-evitar-inundaciones","status":"publish","type":"post","link":"https:\/\/serbenidorm.daliisolutions.com\/index.php\/2025\/01\/20\/asi-van-a-ser-las-obras-en-el-parque-de-elche-de-benidorm-para-evitar-inundaciones\/","title":{"rendered":"As\u00ed van a ser las obras en el parque de Elche de Benidorm para evitar inundaciones"},"content":{"rendered":"  <p><div data-adtype=\"MLDB\"><\/div><\/p>   <p>Benidorm<\/p>   <p>El Ayuntamiento de Benidorm va a iniciar en los pr\u00f3ximos d\u00edas, la instalaci\u00f3n de un nuevo sistema de bombeo subterr\u00e1neo que se ubicar\u00e1 en el Parque de Elche y cuya misi\u00f3n es la de recoger e impulsar las aguas pluviales procedentes de las calles Almendros o Maravall y que desembocan en Jos\u00e9 Such y el propio parque.<\/p>   <p>La obra que se va a acometer obedece a que cuando se producen episodios de fuertes lluvias, la inexistencia de este sistema de bombeo y recogida de aguas pluviales <a href=\"https:\/\/cadenaser.com\/tag\/benidorm\/a\/\" target=\"_blank\">provoca la acumulaci\u00f3n de agua en la zona y los consiguientes cortes de tr\u00e1fico en la calle Alcalde Jos\u00e9 Such<\/a>.<\/p>  <p><p>M\u00e1s informaci\u00f3n<\/p><figure><img loading=\"lazy\" decoding=\"async\" src=\"https:\/\/cadenaser.com\/resizer\/v2\/6U6R5PC3IZBTZADOO33VOBDJVM.jpeg?auth=7ccdb0c497f9b3426362750c294e7e6be7276793858b8ad0318ff57de8625bd2&amp;quality=70&amp;width=360&amp;height=202&amp;smart=true\" width=\"820\" height=\"621\" \/><\/figure><ul><li><a href=\"https:\/\/cadenaser.com\/comunitat-valenciana\/2025\/01\/17\/andamios-imposibles-y-mucha-historia-asi-ha-empezado-rehabilitacion-del-castell-de-guadalest-radio-benidorm\/\"><span>Andamios imposibles y mucha historia: as\u00ed ha empezado la rehabilitaci\u00f3n del Castell de Guadalest<\/span><\/a><\/li><\/ul><\/p>   <p>Jos\u00e9 Ram\u00f3n Gonz\u00e1lez de Z\u00e1rate, concejal de Ciclo del Agua, ha explicado que el nuevo bombeo se situar\u00e1 junto a las jardineras del parque y cercano a la zona de columpios del recinto, si bien \u201cel lugar en el que se realizar\u00e1n los trabajos estar\u00e1 vallado y no impedir\u00e1 el normal desarrollo de las personas que cada d\u00eda caminan, corren o disfrutan del parque\u201d.<\/p>   <p>La actuaci\u00f3n supondr\u00e1 una inversi\u00f3n de unos 130.000 euros y, seg\u00fan ha precisado el edil, \u201cestar\u00e1 finalizada antes de que llegue la Semana Santa\u201d. De hecho, ha avanzado que el objetivo real es haber finalizado antes del 16 de marzo, d\u00eda en que se conmemora a la patrona de Benidorm y se realiza la tradicional ofrenda.<\/p>   <p>Otra consecuencia positiva de la realizaci\u00f3n de esta obra, ha detallado Gonz\u00e1lez de Z\u00e1rate, es que se \u201caliviar\u00e1n\u201d los problemas que se producen en ocasiones en el sistema de bombeo de aguas residuales cuando hay acumulaci\u00f3n de agua procedente de Maravall y Almendros. \u201cCon la obra se solucionan dos problemas; por un lado, se acaba con los cortes de tr\u00e1fico en Alcalde Jos\u00e9 Such y, por otro, se mejora el bombeo de residuales en el Parque de Elche\u201d ha finalizado el concejal.<\/p>   <p>     .c-w{         max-width:444px;         width:100%;         margin:32px auto;      background:#00755E;         border-radius:4px;         display:flex;         align-items:center;         justify-content:center;     }     .c-w a{         display:flex;         align-items:center;         justify-content:center;         padding:4px 24px;     }     .c-w img{         width:24px;         margin-right:12px;     }     .c-w p{         font:18px\/25px Poppins;         text-align:center;         color:#fff;         margin:0;     }     @media (max-width:444px){         .c-w a{             padding:4px 12px;         }         .c-w img{             width:24px;             margin-right:8px;         }         .c-w p{             font:14px\/25px Poppins;         }     }     @media (max-width:335px){         .c-w p{             font:13px\/25px Poppins;         }     }  <div class=\"c-w\">     <a href=\"https:\/\/www.whatsapp.com\/channel\/0029Va633PF9WtC4l7XUzh1e\" rel=\"nofollow\" target=\"_blank\">         <img decoding=\"async\" src=\"https:\/\/cadenaser.com\/estaticos\/recursosgraficos\/responsive\/img\/ico-whatsapp.svg\" alt=\"Whatsapp\">         <p>\u00danete al <b>canal de WhatsApp<\/b> de la SER<\/p>     <\/a> <\/div><\/p> ","protected":false},"excerpt":{"rendered":"<p>Empiezan en los pr\u00f3ximos d\u00edas y el Ayuntamiento asegura que estar\u00e1n finalizadas antes de Semana Santa<\/p>\n","protected":false},"author":0,"featured_media":12131,"comment_status":"open","ping_status":"open","sticky":false,"template":"","format":"standard","meta":{"_acf_changed":false,"footnotes":""},"categories":[1],"tags":[],"class_list":["post-12130","post","type-post","status-publish","format-standard","has-post-thumbnail","hentry","category-sin-categoria"],"acf":{"ser_id":"MBXHVBXOK5F6LJZ3P7SXQPQ444","ser_url":"https:\/\/cadenaser.com\/comunitat-valenciana\/2025\/01\/20\/asi-van-a-ser-las-obras-en-el-parque-de-elche-de-benidorm-para-evitar-inundaciones-radio-benidorm\/"},"_links":{"self":[{"href":"https:\/\/serbenidorm.daliisolutions.com\/index.php\/wp-json\/wp\/v2\/posts\/12130","targetHints":{"allow":["GET"]}}],"collection":[{"href":"https:\/\/serbenidorm.daliisolutions.com\/index.php\/wp-json\/wp\/v2\/posts"}],"about":[{"href":"https:\/\/serbenidorm.daliisolutions.com\/index.php\/wp-json\/wp\/v2\/types\/post"}],"replies":[{"embeddable":true,"href":"https:\/\/serbenidorm.daliisolutions.com\/index.php\/wp-json\/wp\/v2\/comments?post=12130"}],"version-history":[{"count":0,"href":"https:\/\/serbenidorm.daliisolutions.com\/index.php\/wp-json\/wp\/v2\/posts\/12130\/revisions"}],"wp:featuredmedia":[{"embeddable":true,"href":"https:\/\/serbenidorm.daliisolutions.com\/index.php\/wp-json\/wp\/v2\/media\/12131"}],"wp:attachment":[{"href":"https:\/\/serbenidorm.daliisolutions.com\/index.php\/wp-json\/wp\/v2\/media?parent=12130"}],"wp:term":[{"taxonomy":"category","embeddable":true,"href":"https:\/\/serbenidorm.daliisolutions.com\/index.php\/wp-json\/wp\/v2\/categories?post=12130"},{"taxonomy":"post_tag","embeddable":true,"href":"https:\/\/serbenidorm.daliisolutions.com\/index.php\/wp-json\/wp\/v2\/tags?post=12130"}],"curies":[{"name":"wp","href":"https:\/\/api.w.org\/{rel}","templated":true}]}}