{"id":12136,"date":"2025-01-20T15:45:46","date_gmt":"2025-01-20T14:45:46","guid":{"rendered":"https:\/\/serbenidorm.daliisolutions.com\/index.php\/2025\/01\/20\/benidorm-acude-a-fitur-con-el-foco-en-captar-al-turismo-senior-para-la-temporada-baja\/"},"modified":"2025-01-20T15:45:46","modified_gmt":"2025-01-20T14:45:46","slug":"benidorm-acude-a-fitur-con-el-foco-en-captar-al-turismo-senior-para-la-temporada-baja","status":"publish","type":"post","link":"https:\/\/serbenidorm.daliisolutions.com\/index.php\/2025\/01\/20\/benidorm-acude-a-fitur-con-el-foco-en-captar-al-turismo-senior-para-la-temporada-baja\/","title":{"rendered":"Benidorm acude a FITUR con el foco en captar al turismo \u201csenior\u201d para la temporada baja"},"content":{"rendered":"  <p><div data-adtype=\"MLDB\"><\/div><\/p>   <p>Benidorm acude a FITUR con la vista puesta en convertirse en destino l\u00edder para el turismo \u201csenior\u201d de m\u00e1s de 50 a\u00f1os y que este visitante eleve la ocupaci\u00f3n en la meses considerados tradicionalmente como temporada baja y consiga as\u00ed la completa desestacionalizaci\u00f3n de la actividad tur\u00edstica. <\/p>   <p>En <a href=\"https:\/\/radiobenidorm.es\" target=\"_self\" rel=\"nofollow\" title=\"https:\/\/radiobenidorm.es\">Hoy por Hoy Benidorm <\/a>el alcalde, <a href=\"https:\/\/cadenaser.com\/comunitat-valenciana\/2024\/06\/21\/toni-perez-benidorm-esta-en-un-momento-muy-dulce-a-nivel-reputacional-radio-benidorm\/\" target=\"_self\" rel=\"nofollow\" title=\"https:\/\/cadenaser.com\/comunitat-valenciana\/2024\/06\/21\/toni-perez-benidorm-esta-en-un-momento-muy-dulce-a-nivel-reputacional-radio-benidorm\/\">Toni P\u00e9rez<\/a>, ha explicado que, tras analizar los datos que proporciona la inteligencia tur\u00edstica, el destino se ha marcado ahora una estrategia tur\u00edstica que pasa por \u201ccrecer en actividad pero no necesariamente en visitantes\u201d. P\u00e9rez explica que el turismo \u201csenior\u201d o \u201csilver\u201d de mediana edad es un segmento en el que muchos destinos han puesto el foco por tratarse de un visitante que tiene \u201cmayor disponibilidad para viajar en distintos momentos del a\u00f1o y una mayor capacidad de gasto\u201d y que es en este mercado en el que Benidorm aspira a convertirse en l\u00edder en temporada baja. <\/p>   <p>En este sentido la estrategia que la ciudad desplegar\u00e1 en FITUR y en general en las acciones promocionales que tiene previsto acometer este a\u00f1o radica hacer campa\u00f1as muy espec\u00edficas dirigidas a un segmento concreto en funci\u00f3n de la fecha. <\/p>   <p>En enero Benidorm se ha volcado en el turismo del centro y norte de Europa, amante del deporte, con la Copa del Mundo del Ciclocross y en atraer a los \u201ceurofans\u201d con el Benidorm Fest.<\/p>   <p>Ambos eventos estar\u00e1n presentes en la oferta con la que la ciudad acude a FITUR donde se prev\u00e9 anunciar novedades para las siguientes ediciones. \u201cEste es un p\u00fablico totalmente nuevo, que antes no ven\u00eda en unas fechas que en otros destinos son consideradas fechas valle. Nosotros hemos conseguido que tras la Navidad, el mes de enero sea un mes con ocupaciones muy buenas\u201d, a\u00f1ade P\u00e9rez. <\/p>   <p>     .c-w{         max-width:444px;         width:100%;         margin:32px auto;      background:#00755E;         border-radius:4px;         display:flex;         align-items:center;         justify-content:center;     }     .c-w a{         display:flex;         align-items:center;         justify-content:center;         padding:4px 24px;     }     .c-w img{         width:24px;         margin-right:12px;     }     .c-w p{         font:18px\/25px Poppins;         text-align:center;         color:#fff;         margin:0;     }     @media (max-width:444px){         .c-w a{             padding:4px 12px;         }         .c-w img{             width:24px;             margin-right:8px;         }         .c-w p{             font:14px\/25px Poppins;         }     }     @media (max-width:335px){         .c-w p{             font:13px\/25px Poppins;         }     }  <div class=\"c-w\">     <a href=\"https:\/\/www.whatsapp.com\/channel\/0029Va633PF9WtC4l7XUzh1e\" rel=\"nofollow\" target=\"_blank\">         <img decoding=\"async\" src=\"https:\/\/cadenaser.com\/estaticos\/recursosgraficos\/responsive\/img\/ico-whatsapp.svg\" alt=\"Whatsapp\">         <p>\u00danete al <b>canal de WhatsApp<\/b> de la SER<\/p>     <\/a> <\/div><\/p>   <p>La fortaleza de Benidorm, en palabras de su alcalde, sigue siendo el turismo familiar pero \u201chay momentos del a\u00f1o donde nuestra climatolog\u00eda y la posibilidad de las vacaciones no son para las familias\u201d por lo que el turismo senior europeo ser\u00eda el p\u00fablico objetivo con el que la ciudad aspira a igualar las ocupaciones estivales pero en invierno. \u201cSi esta ciudad es capaz de atender satisfactoriamente a cerca de 400.000 personas en un mes de agosto, quiere decir que puede acercarse a cifras similares en otros meses del a\u00f1o. Y si no llegamos, al menos rondar ocupaciones del 80 o 90% en momentos en los que, como pueda ser el mes de enero, un destino de sol y playa no parec\u00eda estar pintado en el mapa tur\u00edstico\u00bb. <\/p>   <p>Un periodo, el invernal, en el que un destino de sol y playa \u201csufre mucho\u201d y en el que, seg\u00fan su alcalde, \u201cBenidorm sufre menos\u201d debido a su estrategia de segmentaci\u00f3n y desestacionalizaci\u00f3n. \u201cSomos capaces de motivar a personas para que vengan en cualquier momento del a\u00f1o y que se vayan tan satisfechos de su experiencia como para repetirla\u201d, relata. <\/p>   <p> <\/p>   <p> <\/p> ","protected":false},"excerpt":{"rendered":"<p>Toni P\u00e9rez explica que la ciudad quiere \u201ccrecer en actividad y no, necesariamente, en n\u00famero de visitantes\u201d<\/p>\n","protected":false},"author":0,"featured_media":12137,"comment_status":"open","ping_status":"open","sticky":false,"template":"","format":"standard","meta":{"_acf_changed":false,"footnotes":""},"categories":[1],"tags":[],"class_list":["post-12136","post","type-post","status-publish","format-standard","has-post-thumbnail","hentry","category-sin-categoria"],"acf":{"ser_id":"JJXPK5PTPRFMRA6I7N7HYB7EIQ","ser_url":"https:\/\/cadenaser.com\/comunitat-valenciana\/2025\/01\/20\/benidorm-acude-a-fitur-con-el-foco-en-captar-al-turismo-senior-para-la-temporada-baja-radio-benidorm\/"},"_links":{"self":[{"href":"https:\/\/serbenidorm.daliisolutions.com\/index.php\/wp-json\/wp\/v2\/posts\/12136","targetHints":{"allow":["GET"]}}],"collection":[{"href":"https:\/\/serbenidorm.daliisolutions.com\/index.php\/wp-json\/wp\/v2\/posts"}],"about":[{"href":"https:\/\/serbenidorm.daliisolutions.com\/index.php\/wp-json\/wp\/v2\/types\/post"}],"replies":[{"embeddable":true,"href":"https:\/\/serbenidorm.daliisolutions.com\/index.php\/wp-json\/wp\/v2\/comments?post=12136"}],"version-history":[{"count":0,"href":"https:\/\/serbenidorm.daliisolutions.com\/index.php\/wp-json\/wp\/v2\/posts\/12136\/revisions"}],"wp:featuredmedia":[{"embeddable":true,"href":"https:\/\/serbenidorm.daliisolutions.com\/index.php\/wp-json\/wp\/v2\/media\/12137"}],"wp:attachment":[{"href":"https:\/\/serbenidorm.daliisolutions.com\/index.php\/wp-json\/wp\/v2\/media?parent=12136"}],"wp:term":[{"taxonomy":"category","embeddable":true,"href":"https:\/\/serbenidorm.daliisolutions.com\/index.php\/wp-json\/wp\/v2\/categories?post=12136"},{"taxonomy":"post_tag","embeddable":true,"href":"https:\/\/serbenidorm.daliisolutions.com\/index.php\/wp-json\/wp\/v2\/tags?post=12136"}],"curies":[{"name":"wp","href":"https:\/\/api.w.org\/{rel}","templated":true}]}}