{"id":12139,"date":"2025-01-20T19:55:28","date_gmt":"2025-01-20T18:55:28","guid":{"rendered":"https:\/\/serbenidorm.daliisolutions.com\/index.php\/2025\/01\/20\/mazon-anuncia-la-tranviarizacion-de-la-linea-1-entre-benidorm-y-benidorm-intermodal\/"},"modified":"2025-01-20T19:55:28","modified_gmt":"2025-01-20T18:55:28","slug":"mazon-anuncia-la-tranviarizacion-de-la-linea-1-entre-benidorm-y-benidorm-intermodal","status":"publish","type":"post","link":"https:\/\/serbenidorm.daliisolutions.com\/index.php\/2025\/01\/20\/mazon-anuncia-la-tranviarizacion-de-la-linea-1-entre-benidorm-y-benidorm-intermodal\/","title":{"rendered":"Maz\u00f3n anuncia la tranviarizaci\u00f3n de la L\u00ednea 1 entre Benidorm y Benidorm Intermodal"},"content":{"rendered":"  <p><div data-adtype=\"MLDB\"><\/div><\/p>   <p>Benidorm<\/p>   <p>El president de la Generalitat Valenciana, Carlos Maz\u00f3n, ha anunciado este lunes en Benidorm la tranviarizaci\u00f3n de la L\u00ednea 1 del TRAM d\u2019Alacant entre la estaci\u00f3n de Benidorm y Benidorm-Intermodal. Un tramo de electrificaci\u00f3n \u201cque ya est\u00e1 en proyecto y se est\u00e1 preparando\u201d y que supone la antesala de \u201cpoder mejorar las frecuencias\u201d y que abre la puerta a \u201cuna conexi\u00f3n tranviaria total y absoluta de otro trayecto  como es el que que lleva hasta Denia\u201d en referencia a la L\u00ednea 9.<\/p>   <p>Maz\u00f3n ha realizado este anuncio en la estaci\u00f3n de Benidorm en una visita girada a las obras de electrificaci\u00f3n del tramo del TRAM que comprende desde el apeadero del Hospital Marina Baixa hasta la ciudad. Una obra  que ya lleva un 10 % en ejecuci\u00f3n y cuyo plazo de ejecuci\u00f3n contempla que el tramo est\u00e9 completamente electrificado y desdoblado para diciembre de 2025.<\/p>   <p>La inversi\u00f3n ronda los 40 millones de euros y recoge tambi\u00e9n la mejora de la accesibilidad a los apeaderos. <a href=\"https:\/\/cadenaser.com\/tag\/comarca_la_marina_baixa\/a\/\" target=\"_blank\">Los trabajos supondr\u00e1n la suspensi\u00f3n del servicio ferroviario en este tramo mientras duren las obras y su sustituci\u00f3n por un servicio de autob\u00fas entre ambos apeaderos desde finales de enero<\/a>.<\/p>  <p><p>M\u00e1s informaci\u00f3n<\/p><figure><img loading=\"lazy\" decoding=\"async\" src=\"https:\/\/cadenaser.com\/resizer\/v2\/MJPS3APY4FBQFMDOLCR2EEN55I.jpg?auth=27a7c82b3c8a55143f8ded12de89f06898a6ba55dd4a22bc07c071ce2e4a4576&amp;quality=70&amp;width=360&amp;height=202&amp;smart=true\" width=\"820\" height=\"621\" \/><\/figure><ul><li><a href=\"https:\/\/cadenaser.com\/comunitat-valenciana\/2025\/01\/20\/asi-van-a-ser-las-obras-en-el-parque-de-elche-de-benidorm-para-evitar-inundaciones-radio-benidorm\/\"><span>As\u00ed van a ser las obras en el parque de Elche de Benidorm para evitar inundaciones<\/span><\/a><\/li><\/ul><\/p>   <p>Maz\u00f3n ha afirmado en su intervenci\u00f3n que el anuncio realizado deber\u00eda haberlo hecho \u201cotro presidente de la Generalitat hace 9 a\u00f1os\u201d y ha acusado al gobierno del Bot\u00e0nic de \u201cahogar a la Marina Baixa por esperar  tantos a\u00f1os para ejecutar la duplicaci\u00f3n y electrificaci\u00f3n de las v\u00edas\u201d.<\/p>   <p>El presidente ha asegurado que el anuncio realizado \u201cviene a compensar nueve a\u00f1os de anuncios sin presupuestos y sin proyectos\u201d y se ha preguntado por qu\u00e9 el anterior gobierno anuton\u00f3mico no moviliz\u00f3 40  millones de euros para acometer un proyecto que \u201cera de justicia\u201d. <\/p>   <p>     .c-w{         max-width:444px;         width:100%;         margin:32px auto;      background:#00755E;         border-radius:4px;         display:flex;         align-items:center;         justify-content:center;     }     .c-w a{         display:flex;         align-items:center;         justify-content:center;         padding:4px 24px;     }     .c-w img{         width:24px;         margin-right:12px;     }     .c-w p{         font:18px\/25px Poppins;         text-align:center;         color:#fff;         margin:0;     }     @media (max-width:444px){         .c-w a{             padding:4px 12px;         }         .c-w img{             width:24px;             margin-right:8px;         }         .c-w p{             font:14px\/25px Poppins;         }     }     @media (max-width:335px){         .c-w p{             font:13px\/25px Poppins;         }     }  <div class=\"c-w\">     <a href=\"https:\/\/www.whatsapp.com\/channel\/0029Va633PF9WtC4l7XUzh1e\" rel=\"nofollow\" target=\"_blank\">         <img decoding=\"async\" src=\"https:\/\/cadenaser.com\/estaticos\/recursosgraficos\/responsive\/img\/ico-whatsapp.svg\" alt=\"Whatsapp\">         <p>\u00danete al <b>canal de WhatsApp<\/b> de la SER<\/p>     <\/a> <\/div><\/p>   <p>Asimismo reprocha al anterior Consell encabezado por el socialista Ximo Puig que la Marina Baixa \u201ctuviera que esperar 9 a\u00f1os para hablar de una parada como Dios manda en el Hospital de La Vila Joiosa, que se merece la mejor estaci\u00f3n posible y la va a tener, como tambi\u00e9n la va tener Finestrat\u201d.<\/p>   <p>Maz\u00f3n tambi\u00e9n se ha referido a la ampliaci\u00f3n del centro hospitalario proyectada por el anterior ejecutivo y se ha preguntado por qu\u00e9 \u201cnunca  se hablo de una sola cama m\u00e1s y hemos tenido que esperar 9 a\u00f1os para  tener una ampliaci\u00f3n como corresponde, con 113 camas nuevas y con presupuesto, proyecto y las obras en marcha\u201d.<\/p>   <p>Escoda: \u201cEl presidente del Ventorro viene a hacerse la foto en unas obras que licit\u00f3 el Bot\u00e0nic\u201d<\/p>   <p>La oposici\u00f3n en el Ayuntamiento de la capital tur\u00edstica, encabezada por Cristina Escoda (PSPV-PSOE) tiene una imagen radicalmente distinta de la visita y las declaraciones de Maz\u00f3n, al que critican que venga \u00aba hacerse la foto\u00bb en unas obras que program\u00f3 y licit\u00f3 el gobierno del Bot\u00e0nic. <\/p>   <p>\u201cEl presidente del Ventorro, que no puede salir de casa en Valencia por su nefasta gesti\u00f3n de la DANA, vuelve a Benidorm para que el palmero de Toni P\u00e9rez agache la cabeza y le rinda pleites\u00eda\u201d, ha afirmado.<\/p> ","protected":false},"excerpt":{"rendered":"<p>Acusa al Bot\u00e0nic de \u201cahogar\u201d a la Marina Baixa por haber dilatado la ejecuci\u00f3n de este tramo nueve a\u00f1os | El PSOE de Benidorm no participa en la visita y recuerda que fue el gobierno de Ximo Puig el que licit\u00f3 las obras<\/p>\n","protected":false},"author":0,"featured_media":12140,"comment_status":"open","ping_status":"open","sticky":false,"template":"","format":"standard","meta":{"_acf_changed":false,"footnotes":""},"categories":[1],"tags":[],"class_list":["post-12139","post","type-post","status-publish","format-standard","has-post-thumbnail","hentry","category-sin-categoria"],"acf":{"ser_id":"H3UGUWEXP5BEHBEOD24IAHTNV4","ser_url":"https:\/\/cadenaser.com\/comunitat-valenciana\/2025\/01\/20\/mazon-anuncia-la-tranviarizacion-de-la-linea-1-entre-benidorm-y-benidorm-intermodal-radio-benidorm\/"},"_links":{"self":[{"href":"https:\/\/serbenidorm.daliisolutions.com\/index.php\/wp-json\/wp\/v2\/posts\/12139","targetHints":{"allow":["GET"]}}],"collection":[{"href":"https:\/\/serbenidorm.daliisolutions.com\/index.php\/wp-json\/wp\/v2\/posts"}],"about":[{"href":"https:\/\/serbenidorm.daliisolutions.com\/index.php\/wp-json\/wp\/v2\/types\/post"}],"replies":[{"embeddable":true,"href":"https:\/\/serbenidorm.daliisolutions.com\/index.php\/wp-json\/wp\/v2\/comments?post=12139"}],"version-history":[{"count":0,"href":"https:\/\/serbenidorm.daliisolutions.com\/index.php\/wp-json\/wp\/v2\/posts\/12139\/revisions"}],"wp:featuredmedia":[{"embeddable":true,"href":"https:\/\/serbenidorm.daliisolutions.com\/index.php\/wp-json\/wp\/v2\/media\/12140"}],"wp:attachment":[{"href":"https:\/\/serbenidorm.daliisolutions.com\/index.php\/wp-json\/wp\/v2\/media?parent=12139"}],"wp:term":[{"taxonomy":"category","embeddable":true,"href":"https:\/\/serbenidorm.daliisolutions.com\/index.php\/wp-json\/wp\/v2\/categories?post=12139"},{"taxonomy":"post_tag","embeddable":true,"href":"https:\/\/serbenidorm.daliisolutions.com\/index.php\/wp-json\/wp\/v2\/tags?post=12139"}],"curies":[{"name":"wp","href":"https:\/\/api.w.org\/{rel}","templated":true}]}}