{"id":12161,"date":"2025-01-21T14:40:23","date_gmt":"2025-01-21T13:40:23","guid":{"rendered":"https:\/\/serbenidorm.daliisolutions.com\/index.php\/2025\/01\/21\/bronca-politica-en-benidorm-por-la-organizacion-del-septimo-centenario-de-la-ciudad\/"},"modified":"2025-01-21T14:40:23","modified_gmt":"2025-01-21T13:40:23","slug":"bronca-politica-en-benidorm-por-la-organizacion-del-septimo-centenario-de-la-ciudad","status":"publish","type":"post","link":"https:\/\/serbenidorm.daliisolutions.com\/index.php\/2025\/01\/21\/bronca-politica-en-benidorm-por-la-organizacion-del-septimo-centenario-de-la-ciudad\/","title":{"rendered":"Bronca pol\u00edtica en Benidorm por la organizaci\u00f3n del s\u00e9ptimo centenario de la ciudad"},"content":{"rendered":"  <p><div data-adtype=\"MLDB\"><\/div><\/p>   <p>Benidorm<\/p>   <p>Falta menos de cuatro meses para que llegue una fecha marcada en rojo en el calendario de Benidorm: el 8 de marzo se celebra el 700 aniversario del otorgamiento del documento fundacional de la ciudad por parte del Almirante Bernat de Sarri\u00e1 y la organizaci\u00f3n de la efem\u00e9ride ha levantado las primeras ampollas pol\u00edticas.<\/p>   <p>El gobierno local ha anunciado este martes que el pleno aprobar\u00e1 el lunes la creaci\u00f3n de la \u2018Comissi\u00f3 del 700 Aniversari de la fundaci\u00f3 de Benidorm\u2019. Un nuevo \u00f3rgano para de proponer y organizar todas las iniciativas y cuya composici\u00f3n tambi\u00e9n ha adelantado ya el alcalde Toni P\u00e9rez, que ser\u00e1 adem\u00e1s el encargado de presidirla.<\/p>  <p><p>M\u00e1s informaci\u00f3n<\/p><figure><img loading=\"lazy\" decoding=\"async\" src=\"https:\/\/cadenaser.com\/resizer\/v2\/RZKD2KXPTZ4FN3X5IS3T45OFKM.jpg?auth=74884cd869337058b1d05c04bdb62ff75d87e6196585b182c350238a3d6858dc&amp;quality=70&amp;width=360&amp;height=202&amp;smart=true\" width=\"820\" height=\"621\" \/><\/figure><ul><li><a href=\"https:\/\/cadenaser.com\/comunitat-valenciana\/2025\/01\/20\/mazon-anuncia-la-tranviarizacion-de-la-linea-1-entre-benidorm-y-benidorm-intermodal-radio-benidorm\/\"><span>Maz\u00f3n anuncia la tranviarizaci\u00f3n de la L\u00ednea 1 entre Benidorm y Benidorm Intermodal<\/span><\/a><\/li><\/ul><\/p>   <p>Esta forma no ha gustado a la oposici\u00f3n, que se siente \u00abexcluida\u00bb de la preparaci\u00f3n de los actos, El portavoz adjunto del PSOE, Sergi Castillo, ha lamentado que el equipo del PP la presenta cuando apenas queda menos de cuatro meses para el 8 de mayo y adem\u00e1s la quiera elevar a la consideraci\u00f3n del pleno sin consensuarla con el resto de grupos de la corporaci\u00f3n.<\/p>   <p>\u00abVolvemos a toparnos con esta manera prepotente de gestionar de un alcalde que llega otra vez tarde, pero muy tarde, para organizar los actos conmemorativos del 700 aniversario del nacimiento de Benidorm\u00bb, ha apuntado Castillo antes de anunciar el voto favorable de los socialistas \u00ab<a href=\"https:\/\/cadenaser.com\/tag\/benidorm\/a\/\" target=\"_blank\">porque Benidorm est\u00e1 por encima de los c\u00e1lculos y estrategias pol\u00edticas de este alcalde, porque queremos la mejor celebraci\u00f3n para nuestro pueblo y porque este es un asunto que debe estar por encima del ego y del protagonismo que Toni P\u00e9rez quiere adquirir<\/a>\u00ab.<\/p>   <p>El PSOE tambi\u00e9n ha recordado que los populares votaron en contra en septiembre del a\u00f1o pasado de su propuesta \u00abpara organizar con tiempo un calendario completo, integrador y participativo\u00bb y pide ahora que se habilite una partida en los presupuestos municipales, a\u00fan sin aprobar, para la celebraci\u00f3n.<\/p>   <p>     .c-w{         max-width:444px;         width:100%;         margin:32px auto;      background:#00755E;         border-radius:4px;         display:flex;         align-items:center;         justify-content:center;     }     .c-w a{         display:flex;         align-items:center;         justify-content:center;         padding:4px 24px;     }     .c-w img{         width:24px;         margin-right:12px;     }     .c-w p{         font:18px\/25px Poppins;         text-align:center;         color:#fff;         margin:0;     }     @media (max-width:444px){         .c-w a{             padding:4px 12px;         }         .c-w img{             width:24px;             margin-right:8px;         }         .c-w p{             font:14px\/25px Poppins;         }     }     @media (max-width:335px){         .c-w p{             font:13px\/25px Poppins;         }     }  <div class=\"c-w\">     <a href=\"https:\/\/www.whatsapp.com\/channel\/0029Va633PF9WtC4l7XUzh1e\" rel=\"nofollow\" target=\"_blank\">         <img decoding=\"async\" src=\"https:\/\/cadenaser.com\/estaticos\/recursosgraficos\/responsive\/img\/ico-whatsapp.svg\" alt=\"Whatsapp\">         <p>\u00danete al <b>canal de WhatsApp<\/b> de la SER<\/p>     <\/a> <\/div><\/p>   <p>\u00bfQui\u00e9n estar\u00e1 en la Comissi\u00f3?<\/p>   <p>El presidente de honor ser\u00e1 el doctor en Filolog\u00eda Hisp\u00e1nica y catedr\u00e1tico de Filolog\u00eda Catalana, Rafael Alemany Ferrer. La vicepresidencia ser\u00e1 ocupada por Ana Pellicer, primera teniente de alcalde de Benidorm y los coordinadores del nuevo \u00f3rgano ser\u00e1n los profesores B\u00e1rbara Alemany Barcel\u00f3 y Pascual Almi\u00f1ana Orozco.<\/p>   <p>Del mismo modo, la responsable del Archivo Municipal, Mar\u00eda Victoria Bl\u00e1zquez Soldevila, y la profesora Mar\u00eda Jos\u00e9 Lozano P\u00e9rez desempe\u00f1ar\u00e1n la secretar\u00eda t\u00e9cnica.<\/p>   <p>La \u2018Comissi\u00f3 del 700 Aniversari de la fundaci\u00f3 de Benidorm\u2019 contar\u00e1 tambi\u00e9n con varias vocal\u00edas que ocupar\u00e1n las personas y entidades galardonadas con la Distinci\u00f3n Cultural \u2018Ciutat de Benidorm\u2019.<\/p>   <p>Tambi\u00e9n ser\u00e1n vocales las personas elegidas como representantes de los directores de Primaria y Secundaria de los centros educativos p\u00fablicos, concertado y privado de la ciudad, as\u00ed como los directores de los conservatorios municipales de M\u00fasica y Danza, una persona designada por el Consejo Vecinal y otra por el Grup Carta de Poblament de l\u2019Associaci\u00f3 de Penyes \u2018Verge del Sofratge\u2019.<\/p> ","protected":false},"excerpt":{"rendered":"<p>El gobierno aprobar\u00e1 en lunes la creaci\u00f3n de una comisi\u00f3n y el PSOE lo apoyar\u00e1 a pesar de sentirse excluido<\/p>\n","protected":false},"author":0,"featured_media":12162,"comment_status":"open","ping_status":"open","sticky":false,"template":"","format":"standard","meta":{"_acf_changed":false,"footnotes":""},"categories":[1],"tags":[],"class_list":["post-12161","post","type-post","status-publish","format-standard","has-post-thumbnail","hentry","category-sin-categoria"],"acf":{"ser_id":"4OHEICOKIFFFFEU6QTJ67UJABI","ser_url":"https:\/\/cadenaser.com\/comunitat-valenciana\/2025\/01\/21\/bronca-politica-en-benidorm-por-la-organizacion-del-septimo-centenario-de-la-ciudad-radio-benidorm\/"},"_links":{"self":[{"href":"https:\/\/serbenidorm.daliisolutions.com\/index.php\/wp-json\/wp\/v2\/posts\/12161","targetHints":{"allow":["GET"]}}],"collection":[{"href":"https:\/\/serbenidorm.daliisolutions.com\/index.php\/wp-json\/wp\/v2\/posts"}],"about":[{"href":"https:\/\/serbenidorm.daliisolutions.com\/index.php\/wp-json\/wp\/v2\/types\/post"}],"replies":[{"embeddable":true,"href":"https:\/\/serbenidorm.daliisolutions.com\/index.php\/wp-json\/wp\/v2\/comments?post=12161"}],"version-history":[{"count":0,"href":"https:\/\/serbenidorm.daliisolutions.com\/index.php\/wp-json\/wp\/v2\/posts\/12161\/revisions"}],"wp:featuredmedia":[{"embeddable":true,"href":"https:\/\/serbenidorm.daliisolutions.com\/index.php\/wp-json\/wp\/v2\/media\/12162"}],"wp:attachment":[{"href":"https:\/\/serbenidorm.daliisolutions.com\/index.php\/wp-json\/wp\/v2\/media?parent=12161"}],"wp:term":[{"taxonomy":"category","embeddable":true,"href":"https:\/\/serbenidorm.daliisolutions.com\/index.php\/wp-json\/wp\/v2\/categories?post=12161"},{"taxonomy":"post_tag","embeddable":true,"href":"https:\/\/serbenidorm.daliisolutions.com\/index.php\/wp-json\/wp\/v2\/tags?post=12161"}],"curies":[{"name":"wp","href":"https:\/\/api.w.org\/{rel}","templated":true}]}}