{"id":12189,"date":"2025-01-22T15:07:39","date_gmt":"2025-01-22T14:07:39","guid":{"rendered":"https:\/\/serbenidorm.daliisolutions.com\/index.php\/2025\/01\/22\/ana-pellicer-y-agustin-martin-nos-animan-a-visitar-las-luces-de-la-ciudad-en-benidorm\/"},"modified":"2025-01-22T15:07:39","modified_gmt":"2025-01-22T14:07:39","slug":"ana-pellicer-y-agustin-martin-nos-animan-a-visitar-las-luces-de-la-ciudad-en-benidorm","status":"publish","type":"post","link":"https:\/\/serbenidorm.daliisolutions.com\/index.php\/2025\/01\/22\/ana-pellicer-y-agustin-martin-nos-animan-a-visitar-las-luces-de-la-ciudad-en-benidorm\/","title":{"rendered":"Ana Pellicer y Agust\u00edn Mart\u00edn nos animan a visitar \u201cLas Luces de la Ciudad\u201d en Benidorm"},"content":{"rendered":"  <p><div data-adtype=\"MLDB\"><\/div><\/p>   <p>Benidorm<\/p>   <p>Las luces de los hoteles, escaparates, edificios y locales de ocio de Benidorm se mezclan con cielos coloridos, estampas inusuales y escenas cotidianas en la muestra fotogr\u00e1fica de Agust\u00edn Martin que hasta abril se puede visitar, de forma gratuita en cinco<a href=\"https:\/\/cadenaser.com\/2022\/03\/23\/benidorm-inaugura-en-el-espai-dart-una-exposicion-sobre-el-economista-y-humanista-alicantino-german-bernacer\/\" target=\"_self\" rel=\"nofollow\" title=\"https:\/\/cadenaser.com\/2022\/03\/23\/benidorm-inaugura-en-el-espai-dart-una-exposicion-sobre-el-economista-y-humanista-alicantino-german-bernacer\/\"> Espais d&#8217;Art Urb\u00e0<\/a> de la ciudad.<\/p>   <p>Otra visi\u00f3n de la ciudad que nos llega a trav\u00e9s de los ojos y objetivo de este fot\u00f3grafo quien ha explicado en <a href=\"https:\/\/radiobenidorm.es\" rel=\"nofollow\" title=\"https:\/\/radiobenidorm.es\">radiobenidorm.es<\/a> que \u00absiempre me han fascinado las luces y colores de la ciudad y siempre me ha gustado capturarlas con mi c\u00e1mara\u00bb. <\/p>   <p>Incluso ha confesado que alguna de las instant\u00e1neas \u00abla he tenido que repetir casi cien veces\u00bb porque buscaba cielos con alguna nube o alg\u00fan color particular \u00abm\u00e1s all\u00e1 del azul habitual que luce la ciudad\u00bb.<\/p>   <p>Agust\u00edn Mart\u00edn ha llegado acompa\u00f1ado por Ana Pellicer y en nuestra secci\u00f3n sobre <a href=\"https:\/\/cadenaser.com\/audio\/1733318842028\/\" target=\"_self\" rel=\"nofollow\" title=\"https:\/\/cadenaser.com\/audio\/1733318842028\/\">Patrimonio Hist\u00f3rico<\/a> nos han propuesto una ruta para disfrutar de la muestra \u00abLas Luces de la Ciudad\u00bb. <\/p>   <p>Las calles de Benidorm cuentan desde hoy con una nueva exposici\u00f3n fotogr\u00e1fica que se podr\u00e1 contemplar hasta el mes de abril en cinco de los Espai d\u2019Art Urb\u00e0 existentes en la ciudad. La exposici\u00f3n, organizada por la Concejal\u00eda de Patrimonio Hist\u00f3rico y Cultural, es obra del fot\u00f3grafo c\u00e1ntabro Agust\u00edn Mart\u00edn y lleva por nombre \u2018Las luces de la ciudad\u2019.<\/p>   <p>     .c-w{         max-width:444px;         width:100%;         margin:32px auto;      background:#00755E;         border-radius:4px;         display:flex;         align-items:center;         justify-content:center;     }     .c-w a{         display:flex;         align-items:center;         justify-content:center;         padding:4px 24px;     }     .c-w img{         width:24px;         margin-right:12px;     }     .c-w p{         font:18px\/25px Poppins;         text-align:center;         color:#fff;         margin:0;     }     @media (max-width:444px){         .c-w a{             padding:4px 12px;         }         .c-w img{             width:24px;             margin-right:8px;         }         .c-w p{             font:14px\/25px Poppins;         }     }     @media (max-width:335px){         .c-w p{             font:13px\/25px Poppins;         }     }  <div class=\"c-w\">     <a href=\"https:\/\/www.whatsapp.com\/channel\/0029Va633PF9WtC4l7XUzh1e\" rel=\"nofollow\" target=\"_blank\">         <img decoding=\"async\" src=\"https:\/\/cadenaser.com\/estaticos\/recursosgraficos\/responsive\/img\/ico-whatsapp.svg\" alt=\"Whatsapp\">         <p>\u00danete al <b>canal de WhatsApp<\/b> de la SER<\/p>     <\/a> <\/div><\/p>   <p>Tal y como ha indicado Pellcier la muestra consta de 38 fotograf\u00edas y se centra en im\u00e1genes espectaculares de Benidorm, sus rascacielos, lugares emblem\u00e1ticos y elementos muy reconocibles. <\/p>   <p>\u2018Las luces de la ciudad\u2019 se exhibe en los Espais d\u2019Art Urb\u00e0 El Carrasco, Pont, Hispanitat, Castell y Ponent. <\/p> ","protected":false},"excerpt":{"rendered":"<p>La muestra fotogr\u00e1fica puede visitarse hasta abril en cinco Espais d\u2019Art Urb\u00e0 de la ciudad<\/p>\n","protected":false},"author":0,"featured_media":12190,"comment_status":"open","ping_status":"open","sticky":false,"template":"","format":"standard","meta":{"_acf_changed":false,"footnotes":""},"categories":[1],"tags":[],"class_list":["post-12189","post","type-post","status-publish","format-standard","has-post-thumbnail","hentry","category-sin-categoria"],"acf":{"ser_id":"4QY53ENBUZHURCNFHR4PMMB72Y","ser_url":"https:\/\/cadenaser.com\/comunitat-valenciana\/2025\/01\/22\/ana-pellicer-y-agustin-martin-nos-animan-a-visitar-las-luces-de-la-ciudad-en-benidorm-radio-benidorm\/"},"_links":{"self":[{"href":"https:\/\/serbenidorm.daliisolutions.com\/index.php\/wp-json\/wp\/v2\/posts\/12189","targetHints":{"allow":["GET"]}}],"collection":[{"href":"https:\/\/serbenidorm.daliisolutions.com\/index.php\/wp-json\/wp\/v2\/posts"}],"about":[{"href":"https:\/\/serbenidorm.daliisolutions.com\/index.php\/wp-json\/wp\/v2\/types\/post"}],"replies":[{"embeddable":true,"href":"https:\/\/serbenidorm.daliisolutions.com\/index.php\/wp-json\/wp\/v2\/comments?post=12189"}],"version-history":[{"count":0,"href":"https:\/\/serbenidorm.daliisolutions.com\/index.php\/wp-json\/wp\/v2\/posts\/12189\/revisions"}],"wp:featuredmedia":[{"embeddable":true,"href":"https:\/\/serbenidorm.daliisolutions.com\/index.php\/wp-json\/wp\/v2\/media\/12190"}],"wp:attachment":[{"href":"https:\/\/serbenidorm.daliisolutions.com\/index.php\/wp-json\/wp\/v2\/media?parent=12189"}],"wp:term":[{"taxonomy":"category","embeddable":true,"href":"https:\/\/serbenidorm.daliisolutions.com\/index.php\/wp-json\/wp\/v2\/categories?post=12189"},{"taxonomy":"post_tag","embeddable":true,"href":"https:\/\/serbenidorm.daliisolutions.com\/index.php\/wp-json\/wp\/v2\/tags?post=12189"}],"curies":[{"name":"wp","href":"https:\/\/api.w.org\/{rel}","templated":true}]}}