{"id":12227,"date":"2025-01-23T18:16:12","date_gmt":"2025-01-23T17:16:12","guid":{"rendered":"https:\/\/serbenidorm.daliisolutions.com\/index.php\/2025\/01\/23\/benidorm-y-la-marina-baixa-muestran-su-mejor-cara-para-captar-turistas-en-fitur\/"},"modified":"2025-01-23T18:16:12","modified_gmt":"2025-01-23T17:16:12","slug":"benidorm-y-la-marina-baixa-muestran-su-mejor-cara-para-captar-turistas-en-fitur","status":"publish","type":"post","link":"https:\/\/serbenidorm.daliisolutions.com\/index.php\/2025\/01\/23\/benidorm-y-la-marina-baixa-muestran-su-mejor-cara-para-captar-turistas-en-fitur\/","title":{"rendered":"Benidorm y la Marina Baixa muestran su mejor cara para captar turistas en FITUR"},"content":{"rendered":"  <p><div data-adtype=\"MLDB\"><\/div><\/p>   <p>FITUR<\/p>   <p>Durante dos d\u00edas <a href=\"https:\/\/radiobenidorm.es\" target=\"_self\" rel=\"nofollow\" title=\"https:\/\/radiobenidorm.es\">Hoy por Hoy Benidorm <\/a>ha trasladado parte de su programaci\u00f3n hasta Madrid para dar cuenta de c\u00f3mo los destinos tur\u00edsticos de la Marina Baixa est\u00e1n mostrando lo mejor de su oferta en la Feria Internacional del Turismo (FITUR)<\/p>   <p>Unas jornadas protagonizadas por anuncios importantes, reconocimientos internacionales, presentaci\u00f3n de grandes eventos y, sobre todo, encuentros entre los distintos actores que conforman la industria tur\u00edstica. <\/p>   <p>Benidorm ha recibido el certificado que acredita su compromiso con las personas mayores que concede AENOR. El distintivo lo ha recibido en el marco de la Feria Internacional del Turismo de Madrid (FITUR) y se suma a la certificaci\u00f3n conseguida el pasado a\u00f1o que reconoc\u00eda a la ciudad como el destino m\u00e1s accesible de Espa\u00f1a.<\/p>  <p><p class=\"tit\"><span>Visit Benidorm en FITUR<\/span><\/p> <p class=\"emb\"><iframe loading=\"lazy\" src=\"https:\/\/cadenaser.com\/embed\/audio\/460\/1737641060115\/\" width=\"100%\" height=\"360\" frameborder=\"0\" allowfullscreen><\/iframe><\/p><\/p>   <p> Adem\u00e1s el premio europeo Pionero Verde ha estado muy presente durante toda la actividad de Benidorm en FITUR.<\/p>  <p><p class=\"tit\"><span>Benidorm promociona en FITUR su vertiente medioambiental<\/span><\/p> <p class=\"emb\"><iframe loading=\"lazy\" src=\"https:\/\/cadenaser.com\/embed\/audio\/460\/1737640736198\/\" width=\"100%\" height=\"360\" frameborder=\"0\" allowfullscreen><\/iframe><\/p><\/p>   <p>Tambi\u00e9n el Benidorm Fest ha tenido un papel protagonista con la presencia en el stand del d\u00fao Nebulossa, ganadores de la pasada edici\u00f3n. <\/p>   <p>     .c-w{         max-width:444px;         width:100%;         margin:32px auto;      background:#00755E;         border-radius:4px;         display:flex;         align-items:center;         justify-content:center;     }     .c-w a{         display:flex;         align-items:center;         justify-content:center;         padding:4px 24px;     }     .c-w img{         width:24px;         margin-right:12px;     }     .c-w p{         font:18px\/25px Poppins;         text-align:center;         color:#fff;         margin:0;     }     @media (max-width:444px){         .c-w a{             padding:4px 12px;         }         .c-w img{             width:24px;             margin-right:8px;         }         .c-w p{             font:14px\/25px Poppins;         }     }     @media (max-width:335px){         .c-w p{             font:13px\/25px Poppins;         }     }  <div class=\"c-w\">     <a href=\"https:\/\/www.whatsapp.com\/channel\/0029Va633PF9WtC4l7XUzh1e\" rel=\"nofollow\" target=\"_blank\">         <img decoding=\"async\" src=\"https:\/\/cadenaser.com\/estaticos\/recursosgraficos\/responsive\/img\/ico-whatsapp.svg\" alt=\"Whatsapp\">         <p>\u00danete al <b>canal de WhatsApp<\/b> de la SER<\/p>     <\/a> <\/div><\/p>   <p>Adem\u00e1s el sector de la restauraci\u00f3n, encabezado por ABRECA, ha presentado una nueva edici\u00f3n del Tapafest.<\/p>  <p><p class=\"tit\"><span>ABRECA presenta el Tapafest en FITUR<\/span><\/p> <p class=\"emb\"><iframe loading=\"lazy\" src=\"https:\/\/cadenaser.com\/embed\/audio\/460\/1737640254241\/\" width=\"100%\" height=\"360\" frameborder=\"0\" allowfullscreen><\/iframe><\/p><\/p>   <p>La patronal hotelera Hosbec ha aprovechado su presencia en la feria para presentar junto con Benidorm su \u00abgemelo digital\u00bb. La plataforma \u2018Mirai Maps: Benidorm\u2019 es una herramienta que, utilizando una tecnolog\u00eda pionera, aglutina de manera virtual toda la oferta tur\u00edstica y de servicios de la ciudad para mejorar y facilitar la experiencia tur\u00edstica.<\/p>  <p><p class=\"tit\"><span>Hosbec en FITUR<\/span><\/p> <p class=\"emb\"><iframe loading=\"lazy\" src=\"https:\/\/cadenaser.com\/embed\/audio\/460\/1737640139336\/\" width=\"100%\" height=\"360\" frameborder=\"0\" allowfullscreen><\/iframe><\/p><\/p>   <p>Por su parte L&#8217;Alf\u00e0s del Pi daba a conocer uno de los nombres que recibir\u00e1 este a\u00f1o uno de los Faros de Plata del Festival de Cine: ser\u00e1 Juli\u00e1n L\u00f3pez. El Festival se celebrar\u00e1 del 5 al 13 de julio. <\/p>   <p>La presencia de Finestrat en FITUR ha estado muy marcada por las nuevas tecnolog\u00edas. El alcalde, Juanfran P\u00e9rez, ha presentado el proyecto \u00abFinestrat Virtual Tourism Space\u00bb. Una experiencia a trav\u00e9s de unas gafas de realidad virtual que permite al usuario conocer la oferta del municipio.<\/p>  <p><p class=\"tit\"><span>Finestrat se promociona en FITUR con realidad virtual<\/span><\/p> <p class=\"emb\"><iframe loading=\"lazy\" src=\"https:\/\/cadenaser.com\/embed\/audio\/460\/1737640884005\/\" width=\"100%\" height=\"360\" frameborder=\"0\" allowfullscreen><\/iframe><\/p><\/p>   <p>La Nuc\u00eda, adem\u00e1s de presentar multitud de eventos deportivos que va a acoger este a\u00f1o, ha presentado en FITUR el primer Congreso Nacional de Turismo y Deporte que se celebrar\u00e1 el 28 de octubre de 2025 en \u201cLa Nuc\u00eda, Ciudad del Deporte\u201d. Un evento que contar\u00e1 en su primera edici\u00f3n con un embajador de primer nivel como Vicente del Bosque, ex seleccionador Nacional de F\u00fatbol y del Real Madrid y un referente del mundo del deporte. <\/p> ","protected":false},"excerpt":{"rendered":"<p>La sostenibilidad, la tecnolog\u00eda, los reconocimientos y los eventos para 2025 centran el grueso de la actividad<\/p>\n","protected":false},"author":0,"featured_media":12228,"comment_status":"open","ping_status":"open","sticky":false,"template":"","format":"standard","meta":{"_acf_changed":false,"footnotes":""},"categories":[1],"tags":[],"class_list":["post-12227","post","type-post","status-publish","format-standard","has-post-thumbnail","hentry","category-sin-categoria"],"acf":{"ser_id":"UB23HCUNEZBFNBQNZPAUQLUXFQ","ser_url":"https:\/\/cadenaser.com\/comunitat-valenciana\/2025\/01\/23\/benidorm-y-la-marina-baixa-muestran-su-mejor-cara-para-captar-turistas-en-fitur-radio-benidorm\/"},"_links":{"self":[{"href":"https:\/\/serbenidorm.daliisolutions.com\/index.php\/wp-json\/wp\/v2\/posts\/12227","targetHints":{"allow":["GET"]}}],"collection":[{"href":"https:\/\/serbenidorm.daliisolutions.com\/index.php\/wp-json\/wp\/v2\/posts"}],"about":[{"href":"https:\/\/serbenidorm.daliisolutions.com\/index.php\/wp-json\/wp\/v2\/types\/post"}],"replies":[{"embeddable":true,"href":"https:\/\/serbenidorm.daliisolutions.com\/index.php\/wp-json\/wp\/v2\/comments?post=12227"}],"version-history":[{"count":0,"href":"https:\/\/serbenidorm.daliisolutions.com\/index.php\/wp-json\/wp\/v2\/posts\/12227\/revisions"}],"wp:featuredmedia":[{"embeddable":true,"href":"https:\/\/serbenidorm.daliisolutions.com\/index.php\/wp-json\/wp\/v2\/media\/12228"}],"wp:attachment":[{"href":"https:\/\/serbenidorm.daliisolutions.com\/index.php\/wp-json\/wp\/v2\/media?parent=12227"}],"wp:term":[{"taxonomy":"category","embeddable":true,"href":"https:\/\/serbenidorm.daliisolutions.com\/index.php\/wp-json\/wp\/v2\/categories?post=12227"},{"taxonomy":"post_tag","embeddable":true,"href":"https:\/\/serbenidorm.daliisolutions.com\/index.php\/wp-json\/wp\/v2\/tags?post=12227"}],"curies":[{"name":"wp","href":"https:\/\/api.w.org\/{rel}","templated":true}]}}