{"id":12255,"date":"2025-01-24T12:25:02","date_gmt":"2025-01-24T11:25:02","guid":{"rendered":"https:\/\/serbenidorm.daliisolutions.com\/index.php\/2025\/01\/24\/guia-definitiva-para-vivir-el-benidorm-fest-2025\/"},"modified":"2025-01-24T12:25:02","modified_gmt":"2025-01-24T11:25:02","slug":"guia-definitiva-para-vivir-el-benidorm-fest-2025","status":"publish","type":"post","link":"https:\/\/serbenidorm.daliisolutions.com\/index.php\/2025\/01\/24\/guia-definitiva-para-vivir-el-benidorm-fest-2025\/","title":{"rendered":"Gu\u00eda definitiva para vivir el Benidorm Fest 2025"},"content":{"rendered":"  <p><div data-adtype=\"MLDB\"><\/div><\/p>   <p>Benidorm<\/p>   <p>El Benidorm Fest es ya mucho m\u00e1s que tres galas en el Palau d&#8217;Esports l&#8217;Illa. Durante m\u00e1s de una semana la ciudad se transforma para acoger y entremeter a los miles de seguidores, la mayor\u00eda de ellos sin entradas para el festival, que visitan la ciudad dejando en pleno invierno ocupaciones que rozan el lleno.<\/p>   <p>Para todos ellos el consistorio de la capital tur\u00edstica ha introducido varias novedades significativas respecto a ediciones anteriores. A tener en cuenta, el epicentro del ambiente festivalero se traslada de la plaza de la Hispanidad, m\u00e1s conocida como la plaza triangular, a la de Sus Majestades los Reyes de Espa\u00f1a que no es otra que la del ayuntamiento y, muy cerca de ella, el auditorio Julio Iglesias.<\/p>   <p>Cambios que se deben a que el a\u00f1o pasado la anterior ubicaci\u00f3n se qued\u00f3 peque\u00f1a y al <a href=\"https:\/\/cadenaser.com\/tag\/benidorm_fest\/a\/\" target=\"_blank\">nuevo &#8216;village&#8217; que durante todos estos d\u00edas albergar\u00e1 actuaciones y otras actividades musicales, como karaokes eurovisivos, adem\u00e1s de una zona gastron\u00f3mica con food trucks<\/a>. Junto a todo esto, dentro de la casa consistorial, una exposici\u00f3n sobre la g\u00e9nesis del m\u00edtico Festival de la Canci\u00f3n de Benidorm.<\/p>  <p><p class=\"tit\"><span>El Benidorm Fest 2025 contar\u00e1 con una \u00abvillage zone\u00bb y una \u00abgastro league\u00bb<\/span><\/p> <p class=\"emb\"><iframe loading=\"lazy\" src=\"https:\/\/cadenaser.com\/embed\/audio\/460\/1736425788696\/\" width=\"100%\" height=\"360\" frameborder=\"0\" allowfullscreen><\/iframe><\/p><\/p>   <p>Horarios del &#8216;village&#8217;<\/p>   <p>El viernes de 21 a 00.00 horas el Dj Plan B ocupar\u00e1 el escenario. El s\u00e1bado 25, de 21 a 00.000 horas ser\u00e1 el turno de Fonsi Nieto. Al d\u00eda siguiente, con el mismo horario estar\u00e1 Coro Matius. El lunes 27 ser\u00e1 el turno de un dj sorpresa todav\u00eda por desvelar, el martes de 18 a 22 horas estar\u00e1 en el escenario Carlos Salinas y el mi\u00e9rcoles lo har\u00e1 Megayeyo, de 20 a 00.00 horas. El jueves, de 19 a 22 horas, Freenipples deleitar\u00e1 con su m\u00fasica. <\/p>   <p><p>M\u00e1s informaci\u00f3n<\/p><ul><li><a href=\"https:\/\/cadenaser.com\/nacional\/2025\/01\/23\/despiden-a-un-trabajador-del-benidorm-fest-2025-por-filtrar-el-ensayo-de-melody-y-la-puesta-en-escena-de-varios-concursantes-cadena-ser\/\"><span>Despiden a un trabajador del Benidorm Fest 2025 por filtrar el ensayo de Melody y la puesta en escena de varios concursantes<\/span><\/a><\/li><\/ul><\/p>   <p>El fin de semana de la final lo arrancar\u00e1 Violeta Arriaza DJ desde las 21 horas hasta la medianoche, el s\u00e1bado a partir de las 19 horas y hasta las 22 ser\u00e1 el momento de Meneo y cerrar\u00e1 el elenco de Dj\u2019s el domingo 2 Carmen de la Fuente desde las 16 hasta las 20 horas. Asimismo, todos los d\u00edas desde las 12 del mediod\u00eda habr\u00e1 actuaciones de Dj\u2019s locales en el escenario.<\/p>   <p>     .c-w{         max-width:444px;         width:100%;         margin:32px auto;      background:#00755E;         border-radius:4px;         display:flex;         align-items:center;         justify-content:center;     }     .c-w a{         display:flex;         align-items:center;         justify-content:center;         padding:4px 24px;     }     .c-w img{         width:24px;         margin-right:12px;     }     .c-w p{         font:18px\/25px Poppins;         text-align:center;         color:#fff;         margin:0;     }     @media (max-width:444px){         .c-w a{             padding:4px 12px;         }         .c-w img{             width:24px;             margin-right:8px;         }         .c-w p{             font:14px\/25px Poppins;         }     }     @media (max-width:335px){         .c-w p{             font:13px\/25px Poppins;         }     }  <div class=\"c-w\">     <a href=\"https:\/\/www.whatsapp.com\/channel\/0029Va633PF9WtC4l7XUzh1e\" rel=\"nofollow\" target=\"_blank\">         <img decoding=\"async\" src=\"https:\/\/cadenaser.com\/estaticos\/recursosgraficos\/responsive\/img\/ico-whatsapp.svg\" alt=\"Whatsapp\">         <p>\u00danete al <b>canal de WhatsApp<\/b> de la SER<\/p>     <\/a> <\/div><\/p>   <p>Adem\u00e1s, con motivo de esta iniciativa se ha creado la denominada \u2018Benidorm Burger Fest\u2019, <a href=\"https:\/\/cadenaser.com\/tag\/benidorm\/a\/\" target=\"_blank\">una hamburguesa sobre pan brioche aderezada con salsa Benidorm levemente picante, un medall\u00f3n de ternera, queso Idiaz\u00e1bal ahumado, carne de ternera desmechada cocinada a baja temperatura y cebolla crispy<\/a>.<\/p>   <p>La mayor fiesta, el viernes 31 en el Julio Iglesias<\/p>   <p>Las dos fiestas Euroclub tendr\u00e1n lugar el mi\u00e9rcoles, 29, y el viernes, 31 de enero. La primera en la discoteca Pen\u00e9lope y la segunda en el Auditorio Julio Iglesias del Parque de l\u2019Aig\u00fcera. <\/p>   <p>En esta \u00faltima actuar\u00e1n numerosos artistas para animar a miles de personas en la noche previa a la gran final. Entre ellos, Nebulossa y Blanca Paloma, ganadores de la tercera y segunda edici\u00f3n del Benidorm Fest; as\u00ed como Marta Sango, Alm\u00e1cor, Sof\u00eda Coll, Megara y Chloe de la Rosa, junto a los concursantes no clasificados en las dos semifinales de esta edici\u00f3n.<\/p>   <p>Tercera edici\u00f3n del Tapa Fest<\/p>   <p>Tras el \u00e9xito de anteriores ediciones vuelve este mismo viernes el III Concurso de Tapas Benidorm Fest, en el que participan 21 establecimientos de restauraci\u00f3n. Hasta el pr\u00f3ximo 2 de febrero todos ellos ofrecer\u00e1n a sus clientes tapas a precios especiales; propuestas culinarias inspiradas en el festival.<\/p>  <p><figure><img decoding=\"async\" src=\"https:\/\/cadenaser.com\/resizer\/v2\/J5EEZTJNVRGDJFSJIWQJFTNFH4.jfif?auth=590b6e2dd2fba3621b56f603a6abd81de75da14ae462506c99e87679a3915006&amp;quality=70&amp;width=650&amp;height=365&amp;smart=true\" alt=\"&#039;Hola Raffaella&#039;, el pincho de Pinocchio Playa en una edici\u00f3n anterior del TapaFest de Benidorm\" width=\"16\" height=\"9\" loading=\"lazy\" \/><figcaption class=\"fc\"><p><span>&#8216;Hola Raffaella&#8217;, el pincho de Pinocchio Playa en una edici\u00f3n anterior del TapaFest de Benidorm<\/span><\/p><\/figcaption><\/figure><button class=\"bt-am\">Ampliar<\/button><div class=\"lb d-none\"><div><figure><img loading=\"lazy\" decoding=\"async\" src=\"https:\/\/cadenaser.com\/resizer\/v2\/J5EEZTJNVRGDJFSJIWQJFTNFH4.jfif?auth=590b6e2dd2fba3621b56f603a6abd81de75da14ae462506c99e87679a3915006\" alt=\"&#039;Hola Raffaella&#039;, el pincho de Pinocchio Playa en una edici\u00f3n anterior del TapaFest de Benidorm\" width=\"16\" height=\"9\" \/><figcaption class=\"fc\"><p><span>&#8216;Hola Raffaella&#8217;, el pincho de Pinocchio Playa en una edici\u00f3n anterior del TapaFest de Benidorm<\/span><\/p><\/figcaption><\/figure><button>Cerrar<\/button><\/div><\/div><\/p>   <p>La mec\u00e1nica del concurso ser\u00e1 la misma dejando la elecci\u00f3n del ganador a criterio del p\u00fablico en una votaci\u00f3n que se realizar\u00e1 a trav\u00e9s de un c\u00f3digo QR que estar\u00e1 disponible en los establecimientos participantes. Entre todos los votos emitidos, se sortear\u00e1 una entrada doble para la final del Benidorm Fest, con \u2018meet&amp;greet\u2019 con los artistas incluido.<\/p>   <p>Participan Restaurante Malaspina, Arrocer\u00eda La Marina, Cervecer\u00eda l\u2019Abadia, DNI Ib\u00e9ricos, El Bodeg\u00f3n Aurrer\u00e1, El Linaje de Castilla, El Mes\u00f3n, El Rinc\u00f3n de la Ribera, Freidur\u00eda Los Peces, La Braser\u00eda Aurrer\u00e1, La Cava Aragonesa, La Fava, La Pinta Beach, La Tabernita del Sur, La Taper\u00eda Aurrer\u00e1, Marisquer\u00eda El Puerto, Pinocchio Playa, Pintxos Aurrer\u00e1, Shija Sabores de los Balcanes, Taberna Andaluza y Terraza Bah\u00eda.<\/p> ","protected":false},"excerpt":{"rendered":"<p>Del 24 de enero al 1 de febrero un \u2018village\u2019 en la plaza del Ayuntamiento ser\u00e1 el epicentro del ambiente festivalero<\/p>\n","protected":false},"author":0,"featured_media":12256,"comment_status":"open","ping_status":"open","sticky":false,"template":"","format":"standard","meta":{"_acf_changed":false,"footnotes":""},"categories":[1],"tags":[],"class_list":["post-12255","post","type-post","status-publish","format-standard","has-post-thumbnail","hentry","category-sin-categoria"],"acf":{"ser_id":"SF22I5F2BNC43GXIEJSGDRTZHU","ser_url":"https:\/\/cadenaser.com\/comunitat-valenciana\/2025\/01\/24\/guia-definitiva-para-vivir-el-benidorm-fest-2025-radio-benidorm\/"},"_links":{"self":[{"href":"https:\/\/serbenidorm.daliisolutions.com\/index.php\/wp-json\/wp\/v2\/posts\/12255","targetHints":{"allow":["GET"]}}],"collection":[{"href":"https:\/\/serbenidorm.daliisolutions.com\/index.php\/wp-json\/wp\/v2\/posts"}],"about":[{"href":"https:\/\/serbenidorm.daliisolutions.com\/index.php\/wp-json\/wp\/v2\/types\/post"}],"replies":[{"embeddable":true,"href":"https:\/\/serbenidorm.daliisolutions.com\/index.php\/wp-json\/wp\/v2\/comments?post=12255"}],"version-history":[{"count":0,"href":"https:\/\/serbenidorm.daliisolutions.com\/index.php\/wp-json\/wp\/v2\/posts\/12255\/revisions"}],"wp:featuredmedia":[{"embeddable":true,"href":"https:\/\/serbenidorm.daliisolutions.com\/index.php\/wp-json\/wp\/v2\/media\/12256"}],"wp:attachment":[{"href":"https:\/\/serbenidorm.daliisolutions.com\/index.php\/wp-json\/wp\/v2\/media?parent=12255"}],"wp:term":[{"taxonomy":"category","embeddable":true,"href":"https:\/\/serbenidorm.daliisolutions.com\/index.php\/wp-json\/wp\/v2\/categories?post=12255"},{"taxonomy":"post_tag","embeddable":true,"href":"https:\/\/serbenidorm.daliisolutions.com\/index.php\/wp-json\/wp\/v2\/tags?post=12255"}],"curies":[{"name":"wp","href":"https:\/\/api.w.org\/{rel}","templated":true}]}}