{"id":12257,"date":"2025-01-24T13:41:22","date_gmt":"2025-01-24T12:41:22","guid":{"rendered":"https:\/\/serbenidorm.daliisolutions.com\/index.php\/2025\/01\/24\/los-sindicatos-consideran-abusivos-los-servicios-minimos-del-75-para-la-huelga-del-tram-en-alicante\/"},"modified":"2025-01-24T13:41:22","modified_gmt":"2025-01-24T12:41:22","slug":"los-sindicatos-consideran-abusivos-los-servicios-minimos-del-75-para-la-huelga-del-tram-en-alicante","status":"publish","type":"post","link":"https:\/\/serbenidorm.daliisolutions.com\/index.php\/2025\/01\/24\/los-sindicatos-consideran-abusivos-los-servicios-minimos-del-75-para-la-huelga-del-tram-en-alicante\/","title":{"rendered":"Los sindicatos consideran abusivos los servicios m\u00ednimos del 75% para la huelga del TRAM en Alicante"},"content":{"rendered":"  <p><div data-adtype=\"MLDB\"><\/div><\/p>   <p>Alicante<\/p>   <p>Los representantes sindicales de los maquinistas del TRAM d&#8217;Alacant consideran abusivos los servicios m\u00ednimos del 75 % que ha establecido la Generalitat durante la huelga que, si nada lo impide, iniciar\u00e1n a partir del pr\u00f3ximo lunes.<\/p>   <p>As\u00ed lo han asegurado en Hoy por Hoy Alicante donde, a\u00f1aden, adem\u00e1s, que siguen sin comprender por qu\u00e9 el Consell de Maz\u00f3n no cumple con el acuerdo alcanzado el pasado 20 de noviembre.<\/p>   <p><p>M\u00e1s informaci\u00f3n<\/p><ul><li><a href=\"https:\/\/cadenaser.com\/comunitat-valenciana\/2025\/01\/10\/los-maquinistas-del-tram-de-alicante-iran-a-huelga-a-partir-del-lunes-27-de-enero-para-exigir-a-fgv-que-cumpla-las-mejoras-pactadas-radio-alicante\/\"><span>Los maquinistas del TRAM de Alicante ir\u00e1n a huelga a partir del lunes 27 de enero para exigir a Conselleria que cumpla las mejoras pactadas<\/span><\/a><\/li><\/ul><\/p>   <p>Un acuerdo que, recordamos, mejoraba el servicio con la reducci\u00f3n de las frecuencias, el incremento de paradas y el refuerzo de trenes en las horas punta. Una mejora que se lograba gracias a la reestructuraci\u00f3n de los turnos de trabajo y la contrataci\u00f3n de nueve maquinistas, y que pretend\u00eda dar respuesta al incremento de usuarios que viene experimentando el TRAM en los \u00faltimos a\u00f1os.<\/p>  <p><figure><img decoding=\"async\" src=\"https:\/\/cadenaser.com\/resizer\/v2\/GM6R2ENLEBBXJDEDXUWEQIP4QE.jpeg?auth=5df8d72c1166567a74d0d1df5830bcc56a65ca0372b149336bfc9655c3b9aadb&amp;quality=70&amp;width=650&amp;height=299&amp;smart=true\" width=\"650\" height=\"299\" loading=\"lazy\" \/><\/figure><button class=\"bt-am\">Ampliar<\/button><div class=\"lb d-none\"><div><figure><img loading=\"lazy\" decoding=\"async\" src=\"https:\/\/cadenaser.com\/resizer\/v2\/GM6R2ENLEBBXJDEDXUWEQIP4QE.jpeg?auth=5df8d72c1166567a74d0d1df5830bcc56a65ca0372b149336bfc9655c3b9aadb\" width=\"650\" height=\"299\" \/><\/figure><button>Cerrar<\/button><\/div><\/div><\/p>   <p>En este sentido, lamentan que la Conselleria no haya autorizado la contrataci\u00f3n de los nuevos maquinistas y haya bloqueado las mejoras del servicio que ya estaban preparadas tanto por parte de Ferrocarrils de la Generalitat como por la parte sindical. As\u00ed lo explicaban en Hoy por Hoy Alicante Ramon Domenech, presidente del comit\u00e9 de empresa, y Antonio Rodiel, representante del SEMAF.<\/p>   <p>En cualquier caso, esperan poder llegar a un acuerdo antes del pr\u00f3ximo lunes. Si se logra, aseguran, se desconvocar\u00e1 la huelga de manera inmediata.<\/p>   <p>     .c-w{         max-width:444px;         width:100%;         margin:32px auto;      background:#00755E;         border-radius:4px;         display:flex;         align-items:center;         justify-content:center;     }     .c-w a{         display:flex;         align-items:center;         justify-content:center;         padding:4px 24px;     }     .c-w img{         width:24px;         margin-right:12px;     }     .c-w p{         font:18px\/25px Poppins;         text-align:center;         color:#fff;         margin:0;     }     @media (max-width:444px){         .c-w a{             padding:4px 12px;         }         .c-w img{             width:24px;             margin-right:8px;         }         .c-w p{             font:14px\/25px Poppins;         }     }     @media (max-width:335px){         .c-w p{             font:13px\/25px Poppins;         }     }  <div class=\"c-w\">     <a href=\"https:\/\/www.whatsapp.com\/channel\/0029Va633PF9WtC4l7XUzh1e\" rel=\"nofollow\" target=\"_blank\">         <img decoding=\"async\" src=\"https:\/\/cadenaser.com\/estaticos\/recursosgraficos\/responsive\/img\/ico-whatsapp.svg\" alt=\"Whatsapp\">         <p>\u00danete al <b>canal de WhatsApp<\/b> de la SER<\/p>     <\/a> <\/div><\/p> ","protected":false},"excerpt":{"rendered":"<p>En Hoy por Hoy Alicante, los representantes sindicales han instado a llegar a un acuerdo antes del lunes, para poder desconvocar los paros<\/p>\n","protected":false},"author":0,"featured_media":12258,"comment_status":"open","ping_status":"open","sticky":false,"template":"","format":"standard","meta":{"_acf_changed":false,"footnotes":""},"categories":[1],"tags":[],"class_list":["post-12257","post","type-post","status-publish","format-standard","has-post-thumbnail","hentry","category-sin-categoria"],"acf":{"ser_id":"DWD2TSCWUNG6BNDQU3XMVR2EMA","ser_url":"https:\/\/cadenaser.com\/comunitat-valenciana\/2025\/01\/23\/los-sindicatos-consideran-abusivos-los-servicios-minimos-del-75-para-la-huelga-del-tram-en-alicante-radio-alicante\/"},"_links":{"self":[{"href":"https:\/\/serbenidorm.daliisolutions.com\/index.php\/wp-json\/wp\/v2\/posts\/12257","targetHints":{"allow":["GET"]}}],"collection":[{"href":"https:\/\/serbenidorm.daliisolutions.com\/index.php\/wp-json\/wp\/v2\/posts"}],"about":[{"href":"https:\/\/serbenidorm.daliisolutions.com\/index.php\/wp-json\/wp\/v2\/types\/post"}],"replies":[{"embeddable":true,"href":"https:\/\/serbenidorm.daliisolutions.com\/index.php\/wp-json\/wp\/v2\/comments?post=12257"}],"version-history":[{"count":0,"href":"https:\/\/serbenidorm.daliisolutions.com\/index.php\/wp-json\/wp\/v2\/posts\/12257\/revisions"}],"wp:featuredmedia":[{"embeddable":true,"href":"https:\/\/serbenidorm.daliisolutions.com\/index.php\/wp-json\/wp\/v2\/media\/12258"}],"wp:attachment":[{"href":"https:\/\/serbenidorm.daliisolutions.com\/index.php\/wp-json\/wp\/v2\/media?parent=12257"}],"wp:term":[{"taxonomy":"category","embeddable":true,"href":"https:\/\/serbenidorm.daliisolutions.com\/index.php\/wp-json\/wp\/v2\/categories?post=12257"},{"taxonomy":"post_tag","embeddable":true,"href":"https:\/\/serbenidorm.daliisolutions.com\/index.php\/wp-json\/wp\/v2\/tags?post=12257"}],"curies":[{"name":"wp","href":"https:\/\/api.w.org\/{rel}","templated":true}]}}