{"id":1226,"date":"2024-01-09T12:52:33","date_gmt":"2024-01-09T11:52:33","guid":{"rendered":"https:\/\/serbenidorm.daliisolutions.com\/index.php\/2024\/01\/09\/ruth-lorenzo-marc-caldero-y-ana-prada-nuevos-presentadores-del-benidorm-fest-2024\/"},"modified":"2024-01-09T12:52:33","modified_gmt":"2024-01-09T11:52:33","slug":"ruth-lorenzo-marc-caldero-y-ana-prada-nuevos-presentadores-del-benidorm-fest-2024","status":"publish","type":"post","link":"https:\/\/serbenidorm.daliisolutions.com\/index.php\/2024\/01\/09\/ruth-lorenzo-marc-caldero-y-ana-prada-nuevos-presentadores-del-benidorm-fest-2024\/","title":{"rendered":"Ruth Lorenzo, Marc Calder\u00f3 y Ana Prada, nuevos presentadores del Benidorm Fest 2024"},"content":{"rendered":"  <p>Madrid<\/p>   <p>A escasas tres semanas de que empieza el Benidorm Fest 2024, la selecci\u00f3n del candidato espa\u00f1ol que representar\u00e1 a Espa\u00f1a en Eurovisi\u00f3n, RTVE ha anunciado que Ruth Lorenzo, Ana Prada y Marc Calder\u00f3 ser\u00e1n los presentadores de esta nueva edici\u00f3n. <\/p>   <p><p>M\u00e1s informaci\u00f3n<\/p><ul><li><a href=\"https:\/\/cadenaser.com\/nacional\/2023\/09\/23\/nochentera-la-cancion-favorita-de-las-campeonas-del-mundo-de-futbol-cadena-ser\/\">De ser la favorita de la Selecci\u00f3n a sus casi 100 millones de reproducciones: el \u00e9xito indescifrable de &#8216;Nochentera&#8217;<\/a><\/li><\/ul><\/p>   <p>Lorenzo y Calder\u00f3 estar\u00e1n en plat\u00f3 como presentadores principales, conduciendo los tres programas, mientras que Prada lo har\u00e1 desde la &#8216;green room&#8217; con los concursantes. In\u00e9s Hernand y Aitor Albizua se pondr\u00e1n al frente de la posgala. <\/p>   <p>El festival estar\u00e1 formado por dos semifinales (30 de enero y 1 de febrero) y una final (3 de febrero) que se celebrar\u00e1n en el Palau d&#8217;Esports l&#8217;Illa de Benidorm, con las entradas completamente agotadas y con un cartel de <a href=\"https:\/\/cadenaser.com\/nacional\/2023\/11\/11\/rtve-anuncia-hoy-los-16-concursantes-confirmados-para-el-benidorm-fest-2024-que-optaran-a-ir-a-eurovision-cadena-ser\/\" target=\"_blank\" rel=\"noopener\">16 concursantes dispuestos a darlo todo<\/a> por llevarse un billete de avi\u00f3n a Malm\u00f6 (Suecia), donde se celebrar\u00e1 Eurovisi\u00f3n este 2024.<\/p>   <p>Nebulossa con &#8216;Zorra&#8217;, Alm\u00e1cor con &#8216;Brillos platino&#8217;, o St. Pedro con &#8216;Dos extra\u00f1os&#8217; son algunas de las <a href=\"https:\/\/cadenaser.com\/nacional\/2023\/12\/14\/asi-suenan-las-16-canciones-del-benidorm-fest-2024-una-de-ellas-nos-representara-en-eurovision-el-ano-que-viene-cadena-ser\/\" target=\"_blank\" rel=\"noopener\">canciones favoritas<\/a> antes de que todos los artistas muestren sobre el escenario la puesta en escena de sus temas con luces, bailarines y su voz en directo. Si no hay cambios de programaci\u00f3n, las galas del Benidorm Fest comenzar\u00e1n aproximadamente a las 23:00 horas. <\/p>   <p>Ruth Lorenzo, una apuesta segura y con experiencia en Eurovisi\u00f3n<\/p>   <p>La cantante Ruth Lorenzo ser\u00e1 presentadora del Benidorm Fest. Con una amplia experiencia en Eurovisi\u00f3n despu\u00e9s de representar a Espa\u00f1a con &#8216;Dancing in the rain&#8217; en 2014. Su fama tambi\u00e9n se debe al paso que tuvo por el concurso &#8216;Factor X&#8217; en 2008. <\/p>   <p>\u00abElla lo tiene todo. Ha sido presentadora de un programa en esta casa. Y este a\u00f1o se cumplen 10 a\u00f1os de su participaci\u00f3n en Eurovisi\u00f3n\u00bb, ha destacado Mar\u00eda Eizaguirre, directora de Comunicaci\u00f3n y Participaci\u00f3n de RTVE.<\/p>   <p>\u00abEste a\u00f1o me hace especial ilusi\u00f3n formar parte del Benidorm Fest, me hace mucha ilusi\u00f3n estar donde considero mi casa y a quien considero mi familia, en un festival que est\u00e1 creciendo tant\u00edsimo\u00bb, ha destacado la cantante a trav\u00e9s de un v\u00eddeo. <\/p>   <p><figure><img decoding=\"async\" src=\"https:\/\/cadenaser.com\/resizer\/DwwyyPRPPJVp9efM7y80p1am6ng=\/650x488\/filters:quality(70)\/cloudfront-eu-central-1.images.arcpublishing.com\/prisaradio\/MO2APQIZ55MJ5OHIMKB5A7VZQM.jpg\" loading=\"lazy\" width=\"650\" height=\"488\" \/><figcaption class=\"fc\"><p><span>Instagram Ruth Lorenzo<\/span><\/p><\/figcaption><\/figure><button>Ampliar<\/button><\/p>   <p>Marc Calder\u00f3, una apuesta de RTVE que lleg\u00f3 de Telecinco<\/p>   <p>Marc Calder\u00f3 es uno de los fichajes de RTVE en esta nueva temporada despu\u00e9s de su paso por Mediaset, donde trabaj\u00f3 junto a Sonsoles \u00d3nega en &#8216;Ya es mediod\u00eda&#8217;. El periodista pas\u00f3 primero por TV3 o BTV, desde donde peg\u00f3 su salto a Telecinco para entrar a sus informativos.<\/p>   <p>En julio de 2022, se hizo p\u00fablico su fichaje por TVE, que fue muy comentado por la prensa por su coincidencia con la marcha de su compa\u00f1era de programa, Sonsoles \u00d3nega, a Antena 3 para presentar &#8216;Y ahora Sonsoles&#8217;. Calder\u00f3 se puso al frente de &#8216;Hablando claro&#8217;, un magaz\u00edn que termin\u00f3 cancel\u00e1ndose y que le impuls\u00f3 a ser el presentador de los debates de &#8216;El Conquistador&#8217;.<\/p>   <p><figure><img decoding=\"async\" src=\"https:\/\/cadenaser.com\/resizer\/kW7EZToU7HPTPPT8R4b9YeNWrt8=\/650x488\/filters:quality(70)\/cloudfront-eu-central-1.images.arcpublishing.com\/prisaradio\/CI5CR4MWV5B5TD3ZMWR2IH7HLM.png\" loading=\"lazy\" width=\"650\" height=\"488\" \/><figcaption class=\"fc\"><p><span>Marc Calder\u00f3, periodista de RTVE<\/span><\/p><\/figcaption><\/figure><button>Ampliar<\/button><\/p>   <p>Ana Prada, una conocida de la casa<\/p>   <p>Ana Prada es uno de los rostros que m\u00e1s suenan a los espectadores de TVE. La madrile\u00f1a fue reportera de &#8216;Espa\u00f1a Directo&#8217;, m\u00edtico programa de La 1, y comentarista de los encierros de Sanfermines en Pamplona. Es reportera en &#8216;Ma\u00f1aneros&#8217;, el magaz\u00edn que presenta Jaime Cantizano en La 1 de lunes a viernes, y se dej\u00f3 ver como comentarista de la Cabalgata de Reyes de Madrid el pasado 6 de enero junto a \u00c0ngel Pons.<\/p>   <p><figure><img decoding=\"async\" src=\"https:\/\/cadenaser.com\/resizer\/PKbiYfCTksnSIzoHH0AVBel3A5o=\/650x488\/filters:quality(70)\/cloudfront-eu-central-1.images.arcpublishing.com\/prisaradio\/EDS5JLRGWBFVHAWTJ3RA2DQRWI.png\" loading=\"lazy\" width=\"650\" height=\"488\" \/><figcaption class=\"fc\"><p><span>Ana Prada, periodista de RTVE<\/span><\/p><\/figcaption><\/figure><button>Ampliar<\/button><\/p>   <p>Carlos Baute o Beatriz Luengo, entre los miembros del jurado del Benidorm Fest 2024<\/p>   <p>RTVE tambi\u00e9n ha desvelado qui\u00e9n ser\u00e1 el jurado que valorar\u00e1 y participar\u00e1 en la elecci\u00f3n del representante espa\u00f1ol de Eurovisi\u00f3n 2024. La cantante Beatriz Luengo ser\u00e1 la portavoz del jurado, donde tambi\u00e9n estar\u00e1n otros nombres como Carlos Baute y \u00c1ngela Carrasco. <\/p>   <p>Tambi\u00e9n se incluyen en la lista nombres como Guille Milkway, Lee Smithurst, David Tserunyan, Twan van de Nieuwenhuijzen y Nicoline Refsing. <\/p>   <p><figure><img decoding=\"async\" src=\"https:\/\/cadenaser.com\/resizer\/b3F3ue6CnpXNgz0aDfQW4scFTGo=\/650x366\/filters:quality(70)\/cloudfront-eu-central-1.images.arcpublishing.com\/prisaradio\/L3XCHEZUW5HH5MHZK5Q5HCUN2U.jpeg\" loading=\"lazy\" width=\"650\" height=\"366\" \/><figcaption class=\"fc\"><p><span>El jurado del Benidorm Fest 2024 \/ RTVE<\/span><\/p><\/figcaption><\/figure><button>Ampliar<\/button><\/p>   <p>El impresionante escenario del Benidorm Fest en el Palau d&#8217;Esports L&#8217;Illa <\/p>   <p>El escenario cuenta con una zona ovalada \u00abcon una extensi\u00f3n de 581 m\u00b2. Est\u00e1 compuesto por dos partes fundamentales: la zona central circular, que incluye una gran pantalla circular en el suelo, y dos t\u00faneles laterales que conectan con la parte trasera del escenario (backstage). Adem\u00e1s, cuenta con una impresionante pantalla LED de alta resoluci\u00f3n en el centro, tambi\u00e9n con forma ovalada, por el que se podr\u00e1n proyectar visuales\u00bb.<\/p>   <p>La superficie que albergar\u00e1 la Green Room -zona desde la que los artistas descansan tras realizar su espect\u00e1culo- y la mesa del jurado. Con una extensi\u00f3n de\u00a0475 m\u00b2, este espacio incluye la mesa del jurado a la derecha, el set de los presentadores a la izquierda y los sof\u00e1s de la <i>Green Room<\/i> en el centro. Los tres espacios, armonizando con el dise\u00f1o del escenario, adoptan una forma circular que agregan dinamismo y envuelven visualmente todo el entorno esc\u00e9nico. Adem\u00e1s, justo delante de los sof\u00e1s de la Green Room, y rodeada del p\u00fablico, habr\u00e1 una pastilla central que se utilizar\u00e1 durante las galas\u00bb, ha anunciado RTVE.<\/p>   <p><\/p>   <p><\/p> ","protected":false},"excerpt":{"rendered":"<p>Carlos Baute o Beatriz Luengo, entre los miembros del jurado de la edici\u00f3n del festival<\/p>\n","protected":false},"author":0,"featured_media":1227,"comment_status":"open","ping_status":"open","sticky":false,"template":"","format":"standard","meta":{"_acf_changed":false,"footnotes":""},"categories":[1],"tags":[],"class_list":["post-1226","post","type-post","status-publish","format-standard","has-post-thumbnail","hentry","category-sin-categoria"],"acf":{"ser_id":"VXYMSN5PIRGHHIWPA6NT2EORIQ","ser_url":"https:\/\/cadenaser.com\/nacional\/2024\/01\/09\/ruth-lorenzo-marc-caldero-y-ana-pradas-nuevos-presentadores-del-benidorm-fest-2024-cadena-ser\/"},"_links":{"self":[{"href":"https:\/\/serbenidorm.daliisolutions.com\/index.php\/wp-json\/wp\/v2\/posts\/1226","targetHints":{"allow":["GET"]}}],"collection":[{"href":"https:\/\/serbenidorm.daliisolutions.com\/index.php\/wp-json\/wp\/v2\/posts"}],"about":[{"href":"https:\/\/serbenidorm.daliisolutions.com\/index.php\/wp-json\/wp\/v2\/types\/post"}],"replies":[{"embeddable":true,"href":"https:\/\/serbenidorm.daliisolutions.com\/index.php\/wp-json\/wp\/v2\/comments?post=1226"}],"version-history":[{"count":0,"href":"https:\/\/serbenidorm.daliisolutions.com\/index.php\/wp-json\/wp\/v2\/posts\/1226\/revisions"}],"wp:featuredmedia":[{"embeddable":true,"href":"https:\/\/serbenidorm.daliisolutions.com\/index.php\/wp-json\/wp\/v2\/media\/1227"}],"wp:attachment":[{"href":"https:\/\/serbenidorm.daliisolutions.com\/index.php\/wp-json\/wp\/v2\/media?parent=1226"}],"wp:term":[{"taxonomy":"category","embeddable":true,"href":"https:\/\/serbenidorm.daliisolutions.com\/index.php\/wp-json\/wp\/v2\/categories?post=1226"},{"taxonomy":"post_tag","embeddable":true,"href":"https:\/\/serbenidorm.daliisolutions.com\/index.php\/wp-json\/wp\/v2\/tags?post=1226"}],"curies":[{"name":"wp","href":"https:\/\/api.w.org\/{rel}","templated":true}]}}