{"id":12301,"date":"2025-01-27T12:02:55","date_gmt":"2025-01-27T11:02:55","guid":{"rendered":"https:\/\/serbenidorm.daliisolutions.com\/index.php\/2025\/01\/27\/novedades-en-el-tram-corte-entre-benidorm-y-el-hospital-de-la-vila-y-apertura-del-tramo-altea-calpe\/"},"modified":"2025-01-27T12:02:55","modified_gmt":"2025-01-27T11:02:55","slug":"novedades-en-el-tram-corte-entre-benidorm-y-el-hospital-de-la-vila-y-apertura-del-tramo-altea-calpe","status":"publish","type":"post","link":"https:\/\/serbenidorm.daliisolutions.com\/index.php\/2025\/01\/27\/novedades-en-el-tram-corte-entre-benidorm-y-el-hospital-de-la-vila-y-apertura-del-tramo-altea-calpe\/","title":{"rendered":"Novedades en el TRAM: corte entre Benidorm y el Hospital de La Vila y apertura del tramo Altea &#8211; Calpe"},"content":{"rendered":"  <p><div data-adtype=\"MLDB\"><\/div><\/p>   <p>Benidorm<\/p>   <p>Ferrocarrils de la Generalitat Valenciana (FGV) ofrecer\u00e1 servicio de autob\u00fas, desde ma\u00f1ana martes 28 de enero y hasta finales de abril, <a href=\"https:\/\/cadenaser.com\/tag\/comarca_la_marina_baixa\/a\/\" target=\"_blank\">entre las estaciones del Hospital de La Vila Joiosa y Benidorm de la L\u00ednea 1 (Luceros-Benidorm)<\/a> de TRAM d\u2019Alacant.<\/p>   <p>Al mismo tiempo, la L\u00ednea 9 (Benidorm-D\u00e9nia) recupera la normalidad en todo su trazado, una vez finalizadas las obras de los nuevos viaductos de Algar y Mascarat, por lo que el recorrido se realizar\u00e1 sin necesidad de transbordo.<\/p>   <p>La interrupci\u00f3n del servicio ferroviario en este tramo de la L\u00ednea 1 se realiza como consecuencia de las obras de duplicaci\u00f3n de v\u00eda y electrificaci\u00f3n que se ejecutan en este tramo.<\/p>  <p><p>M\u00e1s informaci\u00f3n<\/p><figure><img loading=\"lazy\" decoding=\"async\" src=\"https:\/\/cadenaser.com\/resizer\/v2\/RZKD2KXPTZ4FN3X5IS3T45OFKM.jpg?auth=74884cd869337058b1d05c04bdb62ff75d87e6196585b182c350238a3d6858dc&amp;quality=70&amp;width=360&amp;height=202&amp;smart=true\" width=\"820\" height=\"621\" \/><\/figure><ul><li><a href=\"https:\/\/cadenaser.com\/comunitat-valenciana\/2025\/01\/20\/mazon-anuncia-la-tranviarizacion-de-la-linea-1-entre-benidorm-y-benidorm-intermodal-radio-benidorm\/\"><span>Maz\u00f3n anuncia la tranviarizaci\u00f3n de la L\u00ednea 1 entre Benidorm y Benidorm Intermodal<\/span><\/a><\/li><\/ul><\/p>   <p><a href=\"https:\/\/cadenaser.com\/tag\/benidorm\/a\/\" target=\"_blank\">Como alternativa<\/a>, FGV ha dispuesto un servicio de autob\u00fas en este tramo con parada en Benidorm, Cala Finestrat, Hospital Vila, Costera Pastor y Creueta que enlazar\u00e1 con el servicio ferroviario en circulaci\u00f3n, en las paradas de Creueta (direcci\u00f3n Luceros) y Benidorm (direcci\u00f3n D\u00e9nia). En el tramo afectado, \u00fanicamente quedar\u00e1 sin servicio de autob\u00fas el apeadero de Terra M\u00edtica.<\/p>   <p>Para m\u00e1s informaci\u00f3n sobre los servicios, los usuarios pueden consultar los horarios de paso, adem\u00e1s de en las estaciones y paradas de TRAM, en el tel\u00e9fono de informaci\u00f3n de Atenci\u00f3n al Cliente (900 72 04 72), as\u00ed como en la p\u00e1gina web <a href=\"http:\/\/www.tramalacant.es\/\" rel=\"nofollow\" target=\"_blank\">www.tramalacant.es<\/a> y la app oficial.<\/p>   <p>     .c-w{         max-width:444px;         width:100%;         margin:32px auto;      background:#00755E;         border-radius:4px;         display:flex;         align-items:center;         justify-content:center;     }     .c-w a{         display:flex;         align-items:center;         justify-content:center;         padding:4px 24px;     }     .c-w img{         width:24px;         margin-right:12px;     }     .c-w p{         font:18px\/25px Poppins;         text-align:center;         color:#fff;         margin:0;     }     @media (max-width:444px){         .c-w a{             padding:4px 12px;         }         .c-w img{             width:24px;             margin-right:8px;         }         .c-w p{             font:14px\/25px Poppins;         }     }     @media (max-width:335px){         .c-w p{             font:13px\/25px Poppins;         }     }  <div class=\"c-w\">     <a href=\"https:\/\/www.whatsapp.com\/channel\/0029Va633PF9WtC4l7XUzh1e\" rel=\"nofollow\" target=\"_blank\">         <img decoding=\"async\" src=\"https:\/\/cadenaser.com\/estaticos\/recursosgraficos\/responsive\/img\/ico-whatsapp.svg\" alt=\"Whatsapp\">         <p>\u00danete al <b>canal de WhatsApp<\/b> de la SER<\/p>     <\/a> <\/div><\/p>   <p>Apertura del tramo Altea-Calp de L\u00ednea 9<\/p>   <p>Por otro lado, completadas las obras de los nuevos viaductos de Algar y Masacrat se ha abierto a la circulaci\u00f3n el tramo Altea-Calp, sin servicio desde abril del pasado a\u00f1o, al tiempo que se ha completado la renovaci\u00f3n y modernizaci\u00f3n de la L\u00ednea 9, por lo que  las unidades duales ya pueden circular entre Benidorm y D\u00e9nia, sin necesidad de que los viajeros realicen ning\u00fan tipo de transbordo.<\/p>   <p>Los nuevos viaductos de Algar y Mascarat ponen fin a la renovaci\u00f3n integral de la L\u00ednea 9 iniciada en 2014 por la Generalitat y que ha obligado a interrumpir la circulaci\u00f3n en diferentes tramos a lo largo de estos diez a\u00f1os.<\/p> ","protected":false},"excerpt":{"rendered":"<p>Habr\u00e1 servicio alternativo de autob\u00fas para los desplazamientos entre las paradas afectadas de la L\u00ednea 1<\/p>\n","protected":false},"author":0,"featured_media":12302,"comment_status":"open","ping_status":"open","sticky":false,"template":"","format":"standard","meta":{"_acf_changed":false,"footnotes":""},"categories":[1],"tags":[],"class_list":["post-12301","post","type-post","status-publish","format-standard","has-post-thumbnail","hentry","category-sin-categoria"],"acf":{"ser_id":"7BAXP246ERCOFPUPHPC3UFUDZQ","ser_url":"https:\/\/cadenaser.com\/comunitat-valenciana\/2025\/01\/27\/novedades-en-el-tram-desde-este-martes-corte-entre-benidorm-y-el-hospital-de-la-vila-y-apertura-del-tramo-entre-altea-y-calpe-radio-benidorm\/"},"_links":{"self":[{"href":"https:\/\/serbenidorm.daliisolutions.com\/index.php\/wp-json\/wp\/v2\/posts\/12301","targetHints":{"allow":["GET"]}}],"collection":[{"href":"https:\/\/serbenidorm.daliisolutions.com\/index.php\/wp-json\/wp\/v2\/posts"}],"about":[{"href":"https:\/\/serbenidorm.daliisolutions.com\/index.php\/wp-json\/wp\/v2\/types\/post"}],"replies":[{"embeddable":true,"href":"https:\/\/serbenidorm.daliisolutions.com\/index.php\/wp-json\/wp\/v2\/comments?post=12301"}],"version-history":[{"count":0,"href":"https:\/\/serbenidorm.daliisolutions.com\/index.php\/wp-json\/wp\/v2\/posts\/12301\/revisions"}],"wp:featuredmedia":[{"embeddable":true,"href":"https:\/\/serbenidorm.daliisolutions.com\/index.php\/wp-json\/wp\/v2\/media\/12302"}],"wp:attachment":[{"href":"https:\/\/serbenidorm.daliisolutions.com\/index.php\/wp-json\/wp\/v2\/media?parent=12301"}],"wp:term":[{"taxonomy":"category","embeddable":true,"href":"https:\/\/serbenidorm.daliisolutions.com\/index.php\/wp-json\/wp\/v2\/categories?post=12301"},{"taxonomy":"post_tag","embeddable":true,"href":"https:\/\/serbenidorm.daliisolutions.com\/index.php\/wp-json\/wp\/v2\/tags?post=12301"}],"curies":[{"name":"wp","href":"https:\/\/api.w.org\/{rel}","templated":true}]}}