{"id":12309,"date":"2025-01-27T16:03:05","date_gmt":"2025-01-27T15:03:05","guid":{"rendered":"https:\/\/serbenidorm.daliisolutions.com\/index.php\/2025\/01\/27\/el-psoe-de-benidorm-denuncia-la-paralisis-de-la-segunda-fase-del-centro-cultural-la-gran-estafa-de-toni-perez\/"},"modified":"2025-01-27T16:03:05","modified_gmt":"2025-01-27T15:03:05","slug":"el-psoe-de-benidorm-denuncia-la-paralisis-de-la-segunda-fase-del-centro-cultural-la-gran-estafa-de-toni-perez","status":"publish","type":"post","link":"https:\/\/serbenidorm.daliisolutions.com\/index.php\/2025\/01\/27\/el-psoe-de-benidorm-denuncia-la-paralisis-de-la-segunda-fase-del-centro-cultural-la-gran-estafa-de-toni-perez\/","title":{"rendered":"El PSOE de Benidorm denuncia la par\u00e1lisis de la segunda fase del Centro Cultural: \u00abLa gran estafa de Toni P\u00e9rez\u00bb"},"content":{"rendered":"  <p><div data-adtype=\"MLDB\"><\/div><\/p>   <p>Benidorm<\/p>   <p>El Centro Cultural de la avenida Europa vuelve a ser motivo de choque pol\u00edtico. Si la Generalitat destacaba hace medio mes el \u201cimpulso\u201d a la finalizaci\u00f3n de las obras durante una visita que no se anunci\u00f3 a la prensa, el PSOE local se pregunta ahora qu\u00e9 hay de ese \u201cimpulso\u201d.<\/p>   <p>La portavoz de la oposici\u00f3n en la capital tur\u00edstica, Cristina Escoda, se ha mostrado as\u00ed muy cr\u00edtica con las visitas de las dos conselleras responsables durante el tiempo que lleva Carlos Maz\u00f3n al frente del Consell, Nuria Montes y Marian Cano, sin que se hayan concretado por el momento sus anuncios respecto a esa infraestructura: <a href=\"https:\/\/cadenaser.com\/tag\/benidorm\/a\/\" target=\"_blank\">\u00abHan pasado m\u00e1s de seis meses y nada sabemos\u00bb<\/a>.<\/p>  <p><p>M\u00e1s informaci\u00f3n<\/p><figure><img loading=\"lazy\" decoding=\"async\" src=\"https:\/\/cadenaser.com\/resizer\/v2\/BDPEECIAGJCONC3CWUDRFHEEOA.jpg?auth=2f94e2ce9eec8f8627fb48b43c819c316261102ae551ab85a6c14f1ef573b222&amp;quality=70&amp;width=360&amp;height=202&amp;smart=true\" width=\"820\" height=\"621\" \/><\/figure><ul><li><a href=\"https:\/\/cadenaser.com\/comunitat-valenciana\/2025\/01\/21\/bronca-politica-en-benidorm-por-la-organizacion-del-septimo-centenario-de-la-ciudad-radio-benidorm\/\"><span>Bronca pol\u00edtica en Benidorm por la organizaci\u00f3n del s\u00e9ptimo centenario de la ciudad<\/span><\/a><\/li><\/ul><\/p>   <p>Escoda ha estado acompa\u00f1ada del diputado provincial Vicente Arques que ha puesto el foco en el voto en contra del PP en la Diputaci\u00f3n, presidida por el tambi\u00e9n alcalde Toni P\u00e9rez, a cuatro propuestas de los socialistas para la ciudad, entre ellas una para financiar mill\u00f3n y medio de euros del Centro Cultural. <\/p>   <p>Una enmienda a los presupuestos de la instituci\u00f3n provincial que fue tumbada junto a otras tres relacionadas con la plaza de toros, infraestructuras deportivas y la conmemoraci\u00f3n del 700 aniversario de la fundaci\u00f3n de Benidorm. <\/p>   <p>La redacci\u00f3n del proyecto de la segunda fase del Centro Cultural, actual conservatorio municipal de m\u00fasica y danza, que todav\u00eda no ha visto la luz est\u00e1 valorada en casi un mill\u00f3n de euros.<\/p>   <p>     .c-w{         max-width:444px;         width:100%;         margin:32px auto;      background:#00755E;         border-radius:4px;         display:flex;         align-items:center;         justify-content:center;     }     .c-w a{         display:flex;         align-items:center;         justify-content:center;         padding:4px 24px;     }     .c-w img{         width:24px;         margin-right:12px;     }     .c-w p{         font:18px\/25px Poppins;         text-align:center;         color:#fff;         margin:0;     }     @media (max-width:444px){         .c-w a{             padding:4px 12px;         }         .c-w img{             width:24px;             margin-right:8px;         }         .c-w p{             font:14px\/25px Poppins;         }     }     @media (max-width:335px){         .c-w p{             font:13px\/25px Poppins;         }     }  <div class=\"c-w\">     <a href=\"https:\/\/www.whatsapp.com\/channel\/0029Va633PF9WtC4l7XUzh1e\" rel=\"nofollow\" target=\"_blank\">         <img decoding=\"async\" src=\"https:\/\/cadenaser.com\/estaticos\/recursosgraficos\/responsive\/img\/ico-whatsapp.svg\" alt=\"Whatsapp\">         <p>\u00danete al <b>canal de WhatsApp<\/b> de la SER<\/p>     <\/a> <\/div><\/p> ","protected":false},"excerpt":{"rendered":"<p>Los socialistas se preguntan por la redacci\u00f3n del proyecto anunciada el verano pasado con un plazo de ejecuci\u00f3n de seis meses<\/p>\n","protected":false},"author":0,"featured_media":12310,"comment_status":"open","ping_status":"open","sticky":false,"template":"","format":"standard","meta":{"_acf_changed":false,"footnotes":""},"categories":[1],"tags":[],"class_list":["post-12309","post","type-post","status-publish","format-standard","has-post-thumbnail","hentry","category-sin-categoria"],"acf":{"ser_id":"WSVR3YTUGVGEZDSTHIKW3N467I","ser_url":"https:\/\/cadenaser.com\/comunitat-valenciana\/2025\/01\/27\/el-psoe-de-benidorm-denuncia-la-paralisis-de-la-segunda-fase-del-centro-cultural-la-gran-estafa-de-toni-perez-radio-benidorm\/"},"_links":{"self":[{"href":"https:\/\/serbenidorm.daliisolutions.com\/index.php\/wp-json\/wp\/v2\/posts\/12309","targetHints":{"allow":["GET"]}}],"collection":[{"href":"https:\/\/serbenidorm.daliisolutions.com\/index.php\/wp-json\/wp\/v2\/posts"}],"about":[{"href":"https:\/\/serbenidorm.daliisolutions.com\/index.php\/wp-json\/wp\/v2\/types\/post"}],"replies":[{"embeddable":true,"href":"https:\/\/serbenidorm.daliisolutions.com\/index.php\/wp-json\/wp\/v2\/comments?post=12309"}],"version-history":[{"count":0,"href":"https:\/\/serbenidorm.daliisolutions.com\/index.php\/wp-json\/wp\/v2\/posts\/12309\/revisions"}],"wp:featuredmedia":[{"embeddable":true,"href":"https:\/\/serbenidorm.daliisolutions.com\/index.php\/wp-json\/wp\/v2\/media\/12310"}],"wp:attachment":[{"href":"https:\/\/serbenidorm.daliisolutions.com\/index.php\/wp-json\/wp\/v2\/media?parent=12309"}],"wp:term":[{"taxonomy":"category","embeddable":true,"href":"https:\/\/serbenidorm.daliisolutions.com\/index.php\/wp-json\/wp\/v2\/categories?post=12309"},{"taxonomy":"post_tag","embeddable":true,"href":"https:\/\/serbenidorm.daliisolutions.com\/index.php\/wp-json\/wp\/v2\/tags?post=12309"}],"curies":[{"name":"wp","href":"https:\/\/api.w.org\/{rel}","templated":true}]}}