{"id":12335,"date":"2025-01-28T10:47:25","date_gmt":"2025-01-28T09:47:25","guid":{"rendered":"https:\/\/serbenidorm.daliisolutions.com\/index.php\/2025\/01\/28\/benidorm-apostara-fuerte-por-mantener-en-la-ciudad-el-benidorm-fest-a-partir-de-2026\/"},"modified":"2025-01-28T16:25:48","modified_gmt":"2025-01-28T15:25:48","slug":"benidorm-apostara-fuerte-por-mantener-en-la-ciudad-el-benidorm-fest-a-partir-de-2026","status":"publish","type":"post","link":"https:\/\/serbenidorm.daliisolutions.com\/index.php\/2025\/01\/28\/benidorm-apostara-fuerte-por-mantener-en-la-ciudad-el-benidorm-fest-a-partir-de-2026\/","title":{"rendered":"Benidorm apostar\u00e1 \u00abfuerte\u00bb por mantener en la ciudad el Benidorm Fest a partir de 2026"},"content":{"rendered":"\n<p>Benidorm<\/p>\n\n\n\n<p>El alcalde de Benidorm, Toni P\u00e9rez, ha afirmado que se \u00abapostar\u00e1 fuerte\u00bb por consolidar el festival del Benidorm Fest en la ciudad en las pr\u00f3ximas ediciones, <a href=\"https:\/\/cadenaser.com\/tag\/benidorm\/a\/\" target=\"_blank\">toda vez que la de 2026 a\u00fan no est\u00e1 firmada<\/a>.<\/p>\n\n\n\n<p>Tras el acto de presentaci\u00f3n de los diecis\u00e9is artistas que se disputar\u00e1n la actual edici\u00f3n del certamen en el Mirador del Castillo, el alcalde ha recordado que el Benidorm Fest es posible por la \u00abentente\u00bb entre la Generalitat Valenciana, el Grupo RTVE y el propio ayuntamiento, y ha a\u00f1adido que \u00abel producto funciona muy bien para los intereses de las tres partes\u00bb.<\/p>\n\n\n\n<p><p>M\u00e1s informaci\u00f3n<\/p><figure><img loading=\"lazy\" decoding=\"async\" src=\"https:\/\/cadenaser.com\/resizer\/v2\/4XK74HPTPBHDDJDAFVWRDQKMBA.jpeg?auth=ec9b72c9dbde77e30db3ed7bae3fab8b25a310a722b3da3fa96415bb13c83e8e&amp;quality=70&amp;width=360&amp;height=202&amp;smart=true\" width=\"820\" height=\"621\" \/><\/figure><ul><li><a href=\"https:\/\/cadenaser.com\/comunitat-valenciana\/2025\/01\/24\/guia-definitiva-para-vivir-el-benidorm-fest-2025-radio-benidorm\/\"><span>Gu\u00eda definitiva para vivir el Benidorm Fest 2025<\/span><\/a><\/li><\/ul><\/p>\n\n\n\n<p>Por ello y aunque \u00abnunca hay nada seguro\u00bb, Benidorm \u00abhar\u00e1 lo posible para la quinta edici\u00f3n\u00bb y sucesivas ya que el primer ganador del \u00e9xito del festival es la ciudad, con un impacto econ\u00f3mico directo durante la semana de 2,5 millones de euros y m\u00e1s de 220 millones de impactos publicitarios en Espa\u00f1a y en todo el mundo.<\/p>\n\n\n\n<p>\u00abEl ayuntamiento apostar\u00e1 fuerte por que el Benidorm Fest, que con ese nombre no puede celebrarse en muchos lugares\u00bb, ha incidido el alcalde, \u00absiga siendo la gran apuesta del mundo de la cultura y de RTVE, y que se celebre en Benidorm la quinta edici\u00f3n&#8230; y hasta la decimoquinta\u00bb.<\/p>\n\n\n\n<p>El Benidorm Fest funciona<\/p>\n\n\n\n<p>Pese a que no est\u00e1 firmado el quinto a\u00f1o y que ha habido cambios en la c\u00fapula de RTVE, el alcalde ve en los nuevos directivos el mismo inter\u00e9s por seguir en Benidorm, \u00aby si no mayor\u00bb, y ha dicho que cree que esto es as\u00ed porque ven \u00abque el festival funciona y cumple su objetivo a satisfacci\u00f3n de todas las partes\u00bb.<\/p>\n\n\n\n<p>Para P\u00e9rez, el Benidorm Fest \u00abse consolida como una gran marca y el gran evento espa\u00f1ol donde elegimos la canci\u00f3n del pa\u00eds en Eurovisi\u00f3n\u00bb en un camino que cada edici\u00f3n \u00absube muchos escalones\u00bb, todo lo cual conduce a que \u00abhay que apostar por el Benidorm Fest\u00bb.<\/p>\n\n\n\n<p>Sobre los 250 millones de impactos medi\u00e1ticos de la edici\u00f3n de 2024, est\u00e1 convencido de que se superar\u00e1n este a\u00f1o y ha enfatizado que esta proyecci\u00f3n en la televisi\u00f3n, los medios de comunicaci\u00f3n, las redes sociales y otros medios online tiene un \u00abvalor incalculable\u00bb.<\/p>\n\n\n\n<p>En la misma l\u00ednea, el concejal de Eventos de Benidorm, Jes\u00fas Carrobles, ha manifestado que \u00abya se est\u00e1 trabajando en la quinta edici\u00f3n\u00bb en la ciudad y ha a\u00f1adido que ve \u00abbuen \u00e1nimo por parte de TVE\u00bb para continuar en el mismo emplazamiento.<\/p>\n\n\n\n<p>Las declaraciones del alcalde y del concejal se han producido despu\u00e9s de la presentaci\u00f3n de los diecis\u00e9is participantes en un acto organizado en el Mirador del Castillo, con unas espectaculares vistas al mar y a la playa de Poniente, donde el director de TVE, Sergio Calder\u00f3n, ha sido preguntado por si Benidorm tiene asegurada una quinta edici\u00f3n.<\/p>\n\n\n\n<p>Calder\u00f3n ha contestado que \u00abes pronto para hablar de ello pero nosotros tenemos todo el \u00e1nimo de seguir construyendo este proyecto como parte de nuestro apoyo firme a la m\u00fasica espa\u00f1ola\u00bb, ha dicho.<\/p>\n","protected":false},"excerpt":{"rendered":"<p>Aunque \u00abnunca hay nada seguro\u00bb<\/p>\n","protected":false},"author":1,"featured_media":12336,"comment_status":"open","ping_status":"open","sticky":false,"template":"","format":"standard","meta":{"_acf_changed":false,"footnotes":""},"categories":[1],"tags":[],"class_list":["post-12335","post","type-post","status-publish","format-standard","has-post-thumbnail","hentry","category-sin-categoria"],"acf":{"ser_id":"UZ27DH4GORHXDN5KCWDQ6OWDYM","ser_url":"https:\/\/cadenaser.com\/comunitat-valenciana\/2025\/01\/27\/benidorm-apostara-fuerte-por-mantener-en-la-ciudad-el-benidorm-fest-a-partir-de-2026-radio-benidorm\/"},"_links":{"self":[{"href":"https:\/\/serbenidorm.daliisolutions.com\/index.php\/wp-json\/wp\/v2\/posts\/12335","targetHints":{"allow":["GET"]}}],"collection":[{"href":"https:\/\/serbenidorm.daliisolutions.com\/index.php\/wp-json\/wp\/v2\/posts"}],"about":[{"href":"https:\/\/serbenidorm.daliisolutions.com\/index.php\/wp-json\/wp\/v2\/types\/post"}],"author":[{"embeddable":true,"href":"https:\/\/serbenidorm.daliisolutions.com\/index.php\/wp-json\/wp\/v2\/users\/1"}],"replies":[{"embeddable":true,"href":"https:\/\/serbenidorm.daliisolutions.com\/index.php\/wp-json\/wp\/v2\/comments?post=12335"}],"version-history":[{"count":1,"href":"https:\/\/serbenidorm.daliisolutions.com\/index.php\/wp-json\/wp\/v2\/posts\/12335\/revisions"}],"predecessor-version":[{"id":12362,"href":"https:\/\/serbenidorm.daliisolutions.com\/index.php\/wp-json\/wp\/v2\/posts\/12335\/revisions\/12362"}],"wp:featuredmedia":[{"embeddable":true,"href":"https:\/\/serbenidorm.daliisolutions.com\/index.php\/wp-json\/wp\/v2\/media\/12336"}],"wp:attachment":[{"href":"https:\/\/serbenidorm.daliisolutions.com\/index.php\/wp-json\/wp\/v2\/media?parent=12335"}],"wp:term":[{"taxonomy":"category","embeddable":true,"href":"https:\/\/serbenidorm.daliisolutions.com\/index.php\/wp-json\/wp\/v2\/categories?post=12335"},{"taxonomy":"post_tag","embeddable":true,"href":"https:\/\/serbenidorm.daliisolutions.com\/index.php\/wp-json\/wp\/v2\/tags?post=12335"}],"curies":[{"name":"wp","href":"https:\/\/api.w.org\/{rel}","templated":true}]}}