{"id":12354,"date":"2025-01-28T16:07:14","date_gmt":"2025-01-28T15:07:14","guid":{"rendered":"https:\/\/serbenidorm.daliisolutions.com\/index.php\/2025\/01\/28\/el-benidorm-fest-abre-las-puertas-de-su-escenario-a-los-fans-el-sabado-por-la-manana\/"},"modified":"2025-01-28T16:23:53","modified_gmt":"2025-01-28T15:23:53","slug":"el-benidorm-fest-abre-las-puertas-de-su-escenario-a-los-fans-el-sabado-por-la-manana","status":"publish","type":"post","link":"https:\/\/serbenidorm.daliisolutions.com\/index.php\/2025\/01\/28\/el-benidorm-fest-abre-las-puertas-de-su-escenario-a-los-fans-el-sabado-por-la-manana\/","title":{"rendered":"El Benidorm Fest abre las puertas de su escenario a los fans el s\u00e1bado por la ma\u00f1ana"},"content":{"rendered":"\n<p>Benidorm<\/p>\n\n\n\n<p>La organizaci\u00f3n del Benidorm Fest abrir\u00e1, el s\u00e1bado por la ma\u00f1ana, el recinto del Palau d\u2019Esports L\u2019Illa a todos los eurofans que quieran ver el escenario de las galas. <\/p>\n\n\n\n<p> El escenario de las galas del <a href=\"https:\/\/cadenaser.com\/comunitat-valenciana\/2025\/01\/24\/guia-definitiva-para-vivir-el-benidorm-fest-2025-radio-benidorm\/\" target=\"_self\" rel=\"nofollow\" title=\"https:\/\/cadenaser.com\/comunitat-valenciana\/2025\/01\/24\/guia-definitiva-para-vivir-el-benidorm-fest-2025-radio-benidorm\/\">Benidorm Fest<\/a> celebra, por primera vez, una jornada de puertas abiertas para todos los fan\u00e1ticos del festival que quieran ver el montaje y el recinto donde se celebran las semifinales y la final. Con acceso gratuito el escenario abrir\u00e1 al p\u00fablico en general desde las 11:30 hasta las 13:30 del s\u00e1bado 1 de febrero, d\u00eda de la gran final.<\/p>\n\n\n\n<p>As\u00ed lo ha anunciado el concejal de Eventos, Jes\u00fas Carrobles, en <a href=\"https:\/\/radiobenidorm.es\" target=\"_self\" rel=\"nofollow\" title=\"https:\/\/radiobenidorm.es\">Hoy por Hoy Benidorm<\/a>. \u201cEs la primera vez que se hace y de lo que se trata es de que la gente vaya conociendo el Benidorm Fest y todo el montaje que conlleva. As\u00ed que todos aquellos que se quedaron sin entrada a las galas y que quieran visitar el recinto tendr\u00e1n oportunidad de hacerlo este s\u00e1bado por la ma\u00f1ana\u201d, explica.<\/p>\n\n\n\n<p>Los datos t\u00e9cnicos<\/p>\n\n\n\n<p><a href=\"https:\/\/cadenaser.com\/comunitat-valenciana\/2025\/01\/27\/benidorm-apostara-fuerte-por-mantener-en-la-ciudad-el-benidorm-fest-a-partir-de-2026-radio-benidorm\/\" target=\"_self\" rel=\"nofollow\" title=\"https:\/\/cadenaser.com\/comunitat-valenciana\/2025\/01\/27\/benidorm-apostara-fuerte-por-mantener-en-la-ciudad-el-benidorm-fest-a-partir-de-2026-radio-benidorm\/\">Otra de las novedades de este 2025<\/a> es el montaje del escenario que ha aumentado su tama\u00f1o entres metros. El recinto contar\u00e1 con un total de 18 c\u00e1maras. Entre ellas, una ser\u00e1 una \u2018cabeza caliente\u2019 de 16 metros, un cable cam, 2 \u2018steady cam\u2019, tres c\u00e1maras aut\u00f3nomas, una \u2018tower cam\u2019 y el resto ser\u00e1n sobre pedestales para planos cortos.<\/p>\n\n\n\n<p>En la zona del escenario se ha instalado una pantalla vertical triangular de 11 metros de alto y 20 de base. Tambi\u00e9n se ha instalado un gran espejo en el suelo de 20 metros de anchura y 18 de profundidad. En cuanto a la iluminaci\u00f3n, se han incorporado algunos elementos nuevos y habr\u00e1 515 aparatos de iluminaci\u00f3n.<\/p>\n\n\n\n<p>Con el dise\u00f1o triangular del escenario, han explicado los responsables, se ha tratado de aprovechar al m\u00e1ximo la anchura del recinto. \u201cHemos crecido en escenario, la iluminaci\u00f3n tambi\u00e9n es m\u00e1s potente y el recinto ha quedado espectacular\u201d, afirma Carrobles quien tambi\u00e9n ha avanzado que ha podido ver los ensayos de la primera semifinal y \u201cel nivel ha subido mucho. Me he sorprendido y creo que vamos a disfrutar mucho hoy. Estoy muy impactado por algunas puestas en escena\u201d, a\u00f1ade. <\/p>\n\n\n\n<p>La gala comienza esta noche a partir de las 22.45 horas y ser\u00e1 retransmitida en directo por La 1 de Televisi\u00f3n Espa\u00f1ola. Kuve ser\u00e1 la encargada de abrir la cuarta edici\u00f3n del Benidorm Fest, tras ella actuar\u00e1n David Afonso, Chica Sobresalto, K!ngdom, Lucas Bun, Sonia y Selena, Lachispa y Daniela Blasco.<\/p>\n\n\n\n<p>Media hora de parking gratis para eurofans<\/p>\n\n\n\n<p>Para aquellos eurofans que quieran seguir la gala en directo desde las pantallas gigantes habilitadas en el \u201cVillage\u201d del Benidorm Fest ubicado en la plaza del Ayuntamiento, los aparcamientos p\u00fablicos del Mercado y Tom\u00e1s Ortu\u00f1o ofrecer\u00e1n media hora de parking gratuito. Para ello han emitido 1.500 tickets descuento de 30 minutos que los usuarios podr\u00e1n encontrar en los 21 establecimientos de restauraci\u00f3n que participan en el concurso gastron\u00f3mico \u2018Tapa Fest\u2019, para canjear a la hora de abonar el aparcamiento. <\/p>\n\n\n\n<p><\/p>\n","protected":false},"excerpt":{"rendered":"<p>Desde las 11:30 hasta las 13:30 horas el montaje del Palau podr\u00e1 ser visitado de forma gratuita<\/p>\n","protected":false},"author":1,"featured_media":12355,"comment_status":"open","ping_status":"open","sticky":false,"template":"","format":"standard","meta":{"_acf_changed":false,"footnotes":""},"categories":[1],"tags":[],"class_list":["post-12354","post","type-post","status-publish","format-standard","has-post-thumbnail","hentry","category-sin-categoria"],"acf":{"ser_id":"3YHAHJ4ERREM3A27YTDRLYEUAQ","ser_url":"https:\/\/cadenaser.com\/comunitat-valenciana\/2025\/01\/28\/el-benidorm-fest-abre-las-puertas-de-su-escenario-a-los-fans-el-sabado-por-la-manana-radio-benidorm\/"},"_links":{"self":[{"href":"https:\/\/serbenidorm.daliisolutions.com\/index.php\/wp-json\/wp\/v2\/posts\/12354","targetHints":{"allow":["GET"]}}],"collection":[{"href":"https:\/\/serbenidorm.daliisolutions.com\/index.php\/wp-json\/wp\/v2\/posts"}],"about":[{"href":"https:\/\/serbenidorm.daliisolutions.com\/index.php\/wp-json\/wp\/v2\/types\/post"}],"author":[{"embeddable":true,"href":"https:\/\/serbenidorm.daliisolutions.com\/index.php\/wp-json\/wp\/v2\/users\/1"}],"replies":[{"embeddable":true,"href":"https:\/\/serbenidorm.daliisolutions.com\/index.php\/wp-json\/wp\/v2\/comments?post=12354"}],"version-history":[{"count":1,"href":"https:\/\/serbenidorm.daliisolutions.com\/index.php\/wp-json\/wp\/v2\/posts\/12354\/revisions"}],"predecessor-version":[{"id":12359,"href":"https:\/\/serbenidorm.daliisolutions.com\/index.php\/wp-json\/wp\/v2\/posts\/12354\/revisions\/12359"}],"wp:featuredmedia":[{"embeddable":true,"href":"https:\/\/serbenidorm.daliisolutions.com\/index.php\/wp-json\/wp\/v2\/media\/12355"}],"wp:attachment":[{"href":"https:\/\/serbenidorm.daliisolutions.com\/index.php\/wp-json\/wp\/v2\/media?parent=12354"}],"wp:term":[{"taxonomy":"category","embeddable":true,"href":"https:\/\/serbenidorm.daliisolutions.com\/index.php\/wp-json\/wp\/v2\/categories?post=12354"},{"taxonomy":"post_tag","embeddable":true,"href":"https:\/\/serbenidorm.daliisolutions.com\/index.php\/wp-json\/wp\/v2\/tags?post=12354"}],"curies":[{"name":"wp","href":"https:\/\/api.w.org\/{rel}","templated":true}]}}