{"id":1237,"date":"2024-01-09T15:46:46","date_gmt":"2024-01-09T14:46:46","guid":{"rendered":"https:\/\/serbenidorm.daliisolutions.com\/index.php\/2024\/01\/09\/benidorm-aprobara-la-proxima-semana-la-licencia-de-obra-para-poder-terminar-el-ies-pere-maria-orts-i-bosch\/"},"modified":"2024-01-09T15:46:46","modified_gmt":"2024-01-09T14:46:46","slug":"benidorm-aprobara-la-proxima-semana-la-licencia-de-obra-para-poder-terminar-el-ies-pere-maria-orts-i-bosch","status":"publish","type":"post","link":"https:\/\/serbenidorm.daliisolutions.com\/index.php\/2024\/01\/09\/benidorm-aprobara-la-proxima-semana-la-licencia-de-obra-para-poder-terminar-el-ies-pere-maria-orts-i-bosch\/","title":{"rendered":"Benidorm aprobar\u00e1 la pr\u00f3xima semana la licencia de obra para poder terminar el IES Pere Mar\u00eda Orts i Bosch"},"content":{"rendered":"  <p>Benidorm<\/p>   <p>El proyecto definitivo para terminar las obras del <a href=\"https:\/\/cadenaser.com\/tag\/benidorm\/a\/\" target=\"_blank\" rel=\"noopener\">IES Pere Mar\u00eda Orts i Bosch de Benidorm<\/a> ser\u00e1 dictaminado el pr\u00f3ximo lunes en comisi\u00f3n informativa de Urbanismo. <\/p>   <p>As\u00ed lo ha confirmado el Ayuntamiento de Benidorm en un comunicado en el que tambi\u00e9n explica que la Conseller\u00eda de Educaci\u00f3n ya ha elevado el proyecto a definitivo para que la Junta de Gobierno pueda aprobar la licencia de obras.<\/p>   <p>El alcalde, Toni P\u00e9rez, ha asegurado que la aprobaci\u00f3n de la licencia de obras \u201c<a href=\"https:\/\/cadenaser.com\/comunitat-valenciana\/2023\/11\/29\/educacion-asegura-que-las-obras-del-ies-pere-maria-orts-i-bosch-de-benidorm-empezaran-en-2024-radio-benidorm\/\" target=\"_blank\" rel=\"noopener\">allanar\u00e1 el camino para la licitaci\u00f3n de las mismas, que el propio conseller de Educaci\u00f3n  anunci\u00f3 el pasado noviembre que se realizar\u00eda en este 2024<\/a>\u201d.<\/p>  <p><p class=\"tit\"><span>Hora 14 Benidorm (09\/01\/2024)<\/span><\/p> <p class=\"emb\"><\/p><\/p>   <p>El proyecto esta valorado en 14,5 millones de euros y contempla la demolici\u00f3n de parte  del antiguo edificio y la construcci\u00f3n de un nuevo aulario. Tambi\u00e9n se reformar\u00e1 y reparar\u00e1 los elementos con deficiencias y se mejorar\u00e1 zonas comunes como el patio o el vallado.<\/p>   <p>Un culebr\u00f3n de 13 a\u00f1os<\/p>   <p>El proyecto de ampliaci\u00f3n del Pere Mar\u00eda Orts i Bosch qued\u00f3 paralizado en 2011 por la quiebra de la empresa p\u00fablica CIEGSA a falta de un 15% para finalizar la obra.<\/p>   <p><p>M\u00e1s informaci\u00f3n<\/p><figure><img decoding=\"async\" src=\"https:\/\/cadenaser.com\/resizer\/T2M8X6jCRj7te2eGERcFuD8clPA=\/650x366\/filters:quality(70)\/cloudfront-eu-central-1.images.arcpublishing.com\/prisaradio\/XKAQPV4225H6HNEL6APHTUSHIM.jpeg\" loading=\"lazy\" width=\"828\" height=\"621\" \/><\/figure><ul><li><a href=\"https:\/\/cadenaser.com\/comunitat-valenciana\/2024\/01\/06\/un-policia-fuera-de-servicio-salva-en-benidorm-a-un-nino-que-se-atraganto-con-un-caramelo-en-la-cabalgata-de-reyes-radio-benidorm\/\">Un polic\u00eda fuera de servicio salva en Benidorm a un ni\u00f1o que se atragant\u00f3 con un caramelo en la cabalgata de Reyes<\/a><\/li><\/ul><\/p>   <p>Tras muchos a\u00f1os de inactividad el anterior gobierno del Botanic retom\u00f3 el proyecto pero informes t\u00e9cnicos revelaron  problemas serios en la estructura de uno de los bloques del inacabado complejo que hac\u00edan recomendable su demolici\u00f3n para construir un nuevo aulario. <\/p>   <p>A finales del pasado mes de noviembre, el nuevo conseller de Educaci\u00f3n, Jos\u00e9 Antonio Rovira, se desplaz\u00f3 hasta Benidorm para visitar este centro educativo y anunci\u00f3 el compromiso del Consell de retomar estas obras durante los primeros meses de 2024.<\/p>   <p>Las obras culminar\u00e1n con la apertura de un renovado IES Pere Mar\u00eda Orts i Bosch, consruido a finales de los a\u00f1os 70 del siglo pasado. \u201cNuestro compromiso siempre  ha sido seguir dando los pasos tendentes a que en este 2024 se proceda a la licitaci\u00f3n, adjudicaci\u00f3n e inicio de estas obras tan esperadas, como estamos haciendo\u201d, concluye P\u00e9rez.<\/p> ","protected":false},"excerpt":{"rendered":"<p>Este tr\u00e1mite administrativo, entre los peque\u00f1os pasos que se siguen dando tras m\u00e1s de una d\u00e9cada con los alumnos en barracones<\/p>\n","protected":false},"author":0,"featured_media":1238,"comment_status":"open","ping_status":"open","sticky":false,"template":"","format":"standard","meta":{"_acf_changed":false,"footnotes":""},"categories":[1],"tags":[],"class_list":["post-1237","post","type-post","status-publish","format-standard","has-post-thumbnail","hentry","category-sin-categoria"],"acf":{"ser_id":"QAK2STX3PREJJE6IR57TZBMD6Q","ser_url":"https:\/\/cadenaser.com\/comunitat-valenciana\/2024\/01\/09\/benidorm-aprobara-la-proxima-semana-la-licencia-de-obra-para-poder-terminar-el-ies-pere-maria-orts-i-bosch-radio-benidorm\/"},"_links":{"self":[{"href":"https:\/\/serbenidorm.daliisolutions.com\/index.php\/wp-json\/wp\/v2\/posts\/1237","targetHints":{"allow":["GET"]}}],"collection":[{"href":"https:\/\/serbenidorm.daliisolutions.com\/index.php\/wp-json\/wp\/v2\/posts"}],"about":[{"href":"https:\/\/serbenidorm.daliisolutions.com\/index.php\/wp-json\/wp\/v2\/types\/post"}],"replies":[{"embeddable":true,"href":"https:\/\/serbenidorm.daliisolutions.com\/index.php\/wp-json\/wp\/v2\/comments?post=1237"}],"version-history":[{"count":0,"href":"https:\/\/serbenidorm.daliisolutions.com\/index.php\/wp-json\/wp\/v2\/posts\/1237\/revisions"}],"wp:featuredmedia":[{"embeddable":true,"href":"https:\/\/serbenidorm.daliisolutions.com\/index.php\/wp-json\/wp\/v2\/media\/1238"}],"wp:attachment":[{"href":"https:\/\/serbenidorm.daliisolutions.com\/index.php\/wp-json\/wp\/v2\/media?parent=1237"}],"wp:term":[{"taxonomy":"category","embeddable":true,"href":"https:\/\/serbenidorm.daliisolutions.com\/index.php\/wp-json\/wp\/v2\/categories?post=1237"},{"taxonomy":"post_tag","embeddable":true,"href":"https:\/\/serbenidorm.daliisolutions.com\/index.php\/wp-json\/wp\/v2\/tags?post=1237"}],"curies":[{"name":"wp","href":"https:\/\/api.w.org\/{rel}","templated":true}]}}