{"id":12374,"date":"2025-01-29T12:14:28","date_gmt":"2025-01-29T11:14:28","guid":{"rendered":"https:\/\/serbenidorm.daliisolutions.com\/index.php\/2025\/01\/29\/resultado-de-la-primera-semifinal-del-benidorm-fest-2025-daniela-blasco-lachispa-lucas-bun-y-kuve-se-convierten-en-finalistas\/"},"modified":"2025-01-29T12:14:28","modified_gmt":"2025-01-29T11:14:28","slug":"resultado-de-la-primera-semifinal-del-benidorm-fest-2025-daniela-blasco-lachispa-lucas-bun-y-kuve-se-convierten-en-finalistas","status":"publish","type":"post","link":"https:\/\/serbenidorm.daliisolutions.com\/index.php\/2025\/01\/29\/resultado-de-la-primera-semifinal-del-benidorm-fest-2025-daniela-blasco-lachispa-lucas-bun-y-kuve-se-convierten-en-finalistas\/","title":{"rendered":"Resultado de la primera semifinal del Benidorm Fest 2025: Daniela Blasco, Lachispa, Lucas Bun y Kuve se convierten en finalistas"},"content":{"rendered":"  <p><div data-adtype=\"MLDB\"><\/div><\/p>   <p>Benidorm<\/p>   <p>Ya conocemos los primeros cuatro nombres que debutar\u00e1n en la gran final del <a href=\"https:\/\/cadenaser.com\/comunitat-valenciana\/2025\/01\/28\/un-espectacular-escenario-triangular-mas-publico-en-las-galas-y-18-camaras-por-tierra-y-aire-la-ser-se-cuela-en-el-nuevo-plato-del-benidorm-fest-2025-radio-benidorm\/\" target=\"_blank\">Benidorm Fest<\/a>. Daniela Blasco, Lachispa, Lucas Bun y Kuve se han convertido este martes en los primeros cuatro finalistas que luchar\u00e1n el pr\u00f3ximo s\u00e1bado por el micr\u00f3fono de bronce e intentar\u00e1n convencer a jurado y p\u00fablico para representar a Espa\u00f1a en Eurovisi\u00f3n.<\/p>   <p><p>M\u00e1s informaci\u00f3n<\/p><ul><li><a href=\"https:\/\/cadenaser.com\/nacional\/2025\/01\/28\/sentencia-unitaria-al-reencuentro-de-sonia-y-selena-en-el-benidorm-fest-tras-mas-de-20-anos-separadas-cadena-ser\/\"><span>Sentencia unitaria al reencuentro de Sonia y Selena en el Benidorm Fest tras m\u00e1s de 20 a\u00f1os separadas<\/span><\/a><\/li><li><a href=\"https:\/\/cadenaser.com\/nacional\/2025\/01\/28\/pero-que-le-pasa-desconcierto-en-el-inicio-del-benidorm-fest-por-lo-ocurrido-con-paula-vazquez-en-pleno-directo-cadena-ser\/\"><span>\u00ab\u00bfPero qu\u00e9 le pasa?\u00bb: desconcierto en el inicio del Benidorm Fest por lo ocurrido con Paula V\u00e1zquez en pleno directo<\/span><\/a><\/li><\/ul><\/p>   <p>Coronada como la gran favorita en las apuestas, Lachispa ha conseguido deslumbrar con una puesta en escena dominada por unos espejos que reflejaban que ella misma es su mayor miedo. Claudia juega con las intensidades y con su gran torrente de voz, con el que ha ganado un puesto en la \u00faltima gala del Benidorm Fest.<\/p>   <p><div class=\"cnt-iframe-16-9\"><iframe src=\"https:\/\/www.youtube.com\/embed\/jbgw-9fQz_c\" title=\"YouTube video player\" allow=\"accelerometer; autoplay; clipboard-write; encrypted-media; gyroscope; picture-in-picture\"><\/iframe><\/div><\/p>   <p>Kuve ha sido una de las favoritas por parte del p\u00fablico y del jurado profesional, que han propuesto a <i>Loca x ti<\/i> y se ha conseguido convertir en una de las favoritas de la noche. Con una plataforma met\u00e1lica sobre la que sub\u00eda y con un homenaje al arte, la murciana se ha colado en la \u00faltima gala del Benidorm Fest gracias al apoyo de jurado y p\u00fablico. <\/p>   <p><div class=\"cnt-iframe-16-9\"><iframe src=\"https:\/\/www.youtube.com\/embed\/nUkiDagePX0\" title=\"YouTube video player\" allow=\"accelerometer; autoplay; clipboard-write; encrypted-media; gyroscope; picture-in-picture\"><\/iframe><\/div><\/p>   <p>Daniela Blasco, otra de las preferidas para ganar el certamen, ha sido nombrada finalista en esta primera semifinal. Una explosiva mezcla de baile, una canci\u00f3n pegadiza y una puesta en escena muy b\u00e1sica, sin grandes elementos ni decorados llamativos en un festival que acostumbra a los artistas a apostar por atrezos para sumar a su <i>show<\/i><\/p>   <p><div class=\"cnt-iframe-16-9\"><iframe src=\"https:\/\/www.youtube.com\/embed\/Ri1BPHd8sYc\" title=\"YouTube video player\" allow=\"accelerometer; autoplay; clipboard-write; encrypted-media; gyroscope; picture-in-picture\"><\/iframe><\/div><\/p>   <p>Era uno de los concursantes menos medi\u00e1tico de la edici\u00f3n y, sin embargo, las redes ve\u00edan c\u00f3mo la prensa acreditada por RTVE colocaba como ganador a Lucas Bun y su <i>Te escribo en el cielo<\/i> con 29 votos en la m\u00edtica <i>press poll<\/i> (votaci\u00f3n de prensa) del medio especializado en Eurovisi\u00f3n ESCPlus. El mismo efecto ha provocado en la audiencia, que le ha otorgado uno de los cuatro pases directos a la final del s\u00e1bado.<\/p>   <p>     .c-w{         max-width:444px;         width:100%;         margin:32px auto;      background:#00755E;         border-radius:4px;         display:flex;         align-items:center;         justify-content:center;     }     .c-w a{         display:flex;         align-items:center;         justify-content:center;         padding:4px 24px;     }     .c-w img{         width:24px;         margin-right:12px;     }     .c-w p{         font:18px\/25px Poppins;         text-align:center;         color:#fff;         margin:0;     }     @media (max-width:444px){         .c-w a{             padding:4px 12px;         }         .c-w img{             width:24px;             margin-right:8px;         }         .c-w p{             font:14px\/25px Poppins;         }     }     @media (max-width:335px){         .c-w p{             font:13px\/25px Poppins;         }     }  <div class=\"c-w\">     <a href=\"https:\/\/www.whatsapp.com\/channel\/0029Va633PF9WtC4l7XUzh1e\" rel=\"nofollow\" target=\"_blank\">         <img decoding=\"async\" src=\"https:\/\/cadenaser.com\/estaticos\/recursosgraficos\/responsive\/img\/ico-whatsapp.svg\" alt=\"Whatsapp\">         <p>\u00danete al <b>canal de WhatsApp<\/b> de la SER<\/p>     <\/a> <\/div><\/p>   <p><div class=\"cnt-iframe-16-9\"><iframe src=\"https:\/\/www.youtube.com\/embed\/mGZIm6okTP4\" title=\"YouTube video player\" allow=\"accelerometer; autoplay; clipboard-write; encrypted-media; gyroscope; picture-in-picture\"><\/iframe><\/div><\/p>   <p>Jurado y p\u00fablico, una elecci\u00f3n casi a la par<\/p>   <p>La elecci\u00f3n de jurado profesional, compuesto por ocho profesionales del mundo de la m\u00fasica, y la del p\u00fablico que ha votado desde casa y el plat\u00f3 ha sido casi id\u00e9ntica. Ambos han coincidido en tres de las cuatro plazas que escog\u00edan mediante sus votos. <\/p>   <p>El jurado ha propuesto para la final a Kuve y su <i>Loca x ti<\/i>, a Lachispa y su <i>Hartita de llorar<\/i>, a Daniela Blasco y su <i>Uh nana<\/i>, y a Lucas Bun y su <i>Te escribo en el cielo<\/i>. Estas puntuaciones han aportado un 50% al total de puntuaciones para clasificar a los cuatro primeros finalistas. <\/p>   <p>Por otro lado, el p\u00fablico ha dado su 50%, a trav\u00e9s de los votos en la app y por SMS y llamadas, a Lachispa, Daniela Blasco, Sonia y Selena, y Kuve. <\/p> ","protected":false},"excerpt":{"rendered":"<p>Kingdom, Chica Sobresalto, Sonia y Selena, y David Afonso no han logrado colarse en la parte m\u00e1s alta del ranking y han dicho adi\u00f3s a su paso por Benidorm<\/p>\n","protected":false},"author":0,"featured_media":12375,"comment_status":"open","ping_status":"open","sticky":false,"template":"","format":"standard","meta":{"_acf_changed":false,"footnotes":""},"categories":[1],"tags":[],"class_list":["post-12374","post","type-post","status-publish","format-standard","has-post-thumbnail","hentry","category-sin-categoria"],"acf":{"ser_id":"D42MXF443ZAMPDHLH2I6SM7NLM","ser_url":"https:\/\/cadenaser.com\/comunitat-valenciana\/2025\/01\/28\/resultado-de-la-primera-semifinal-del-benidorm-fest-2025-daniela-blasco-lachispa-lucas-bun-y-kuve-se-convierten-en-finalistas-radio-benidorm\/"},"_links":{"self":[{"href":"https:\/\/serbenidorm.daliisolutions.com\/index.php\/wp-json\/wp\/v2\/posts\/12374","targetHints":{"allow":["GET"]}}],"collection":[{"href":"https:\/\/serbenidorm.daliisolutions.com\/index.php\/wp-json\/wp\/v2\/posts"}],"about":[{"href":"https:\/\/serbenidorm.daliisolutions.com\/index.php\/wp-json\/wp\/v2\/types\/post"}],"replies":[{"embeddable":true,"href":"https:\/\/serbenidorm.daliisolutions.com\/index.php\/wp-json\/wp\/v2\/comments?post=12374"}],"version-history":[{"count":0,"href":"https:\/\/serbenidorm.daliisolutions.com\/index.php\/wp-json\/wp\/v2\/posts\/12374\/revisions"}],"wp:featuredmedia":[{"embeddable":true,"href":"https:\/\/serbenidorm.daliisolutions.com\/index.php\/wp-json\/wp\/v2\/media\/12375"}],"wp:attachment":[{"href":"https:\/\/serbenidorm.daliisolutions.com\/index.php\/wp-json\/wp\/v2\/media?parent=12374"}],"wp:term":[{"taxonomy":"category","embeddable":true,"href":"https:\/\/serbenidorm.daliisolutions.com\/index.php\/wp-json\/wp\/v2\/categories?post=12374"},{"taxonomy":"post_tag","embeddable":true,"href":"https:\/\/serbenidorm.daliisolutions.com\/index.php\/wp-json\/wp\/v2\/tags?post=12374"}],"curies":[{"name":"wp","href":"https:\/\/api.w.org\/{rel}","templated":true}]}}